{"id":2893,"date":"2019-11-25T10:12:57","date_gmt":"2019-11-25T12:12:57","guid":{"rendered":"http:\/\/www.santaritadopassaquatro.sp.gov.br\/portal\/?p=2893"},"modified":"2019-11-25T10:12:57","modified_gmt":"2019-11-25T12:12:57","slug":"transito-rua-das-camelias-tera-mudanca-em-mao-de-direcao-e-preferencial","status":"publish","type":"post","link":"https:\/\/www.santaritadopassaquatro.sp.gov.br\/portal\/transito-rua-das-camelias-tera-mudanca-em-mao-de-direcao-e-preferencial\/","title":{"rendered":"TR\u00c2NSITO:\u00a0Rua das Cam\u00e9lias ter\u00e1 mudan\u00e7a em m\u00e3o de dire\u00e7\u00e3o e preferencial"},"content":{"rendered":"<p><strong><em>Altera\u00e7\u00f5es visam seguran\u00e7a de alunos de escola estadual e creche municipal no bairro Jardim Novas Santa Rita<\/em><\/strong><\/p>\n<p>&nbsp;<\/p>\n<figure id=\"attachment_2894\" aria-describedby=\"caption-attachment-2894\" style=\"width: 300px\" class=\"wp-caption alignleft\"><img decoding=\"async\" class=\"wp-image-2894 size-medium\" src=\"http:\/\/www.santaritadopassaquatro.sp.gov.br\/portal\/wp-content\/uploads\/2019\/11\/mudanca_mao_direcao-300x200.jpg\" alt=\"\" width=\"300\" height=\"200\" srcset=\"https:\/\/www.santaritadopassaquatro.sp.gov.br\/portal\/wp-content\/uploads\/2019\/11\/mudanca_mao_direcao-300x200.jpg 300w, https:\/\/www.santaritadopassaquatro.sp.gov.br\/portal\/wp-content\/uploads\/2019\/11\/mudanca_mao_direcao-768x512.jpg 768w, https:\/\/www.santaritadopassaquatro.sp.gov.br\/portal\/wp-content\/uploads\/2019\/11\/mudanca_mao_direcao-1024x683.jpg 1024w\" sizes=\"(max-width: 300px) 100vw, 300px\" \/><figcaption id=\"caption-attachment-2894\" class=\"wp-caption-text\"><span style=\"font-size: 8pt; color: #999999;\"><strong><em>Rua das Cam\u00e9lias, no Jd. Nova Santa Rita, ter\u00e1 invers\u00e3o em sua m\u00e3o de dire\u00e7\u00e3o, para seguran\u00e7a dos alunos e crian\u00e7as da creche (AssCom\/Divulga\u00e7\u00e3o)<\/em><\/strong><\/span><\/figcaption><\/figure>\n<p>Motoristas de Santa Rita do Passa Quatro devem ficar atentos a mudan\u00e7a no transito a partir do pr\u00f3ximo dia 2 de dezembro, segunda-feira, quando come\u00e7a a vigorar nova regra nas proximidades da EE Ignez Giaretta Sguerra e creche municipal Assumpta Piovatto Missiato.<\/p>\n<p>A partir desta data, a rua ter\u00e1 invers\u00e3o na m\u00e3o \u00fanica de dire\u00e7\u00e3o, seguindo ent\u00e3o obrigatoriamente no sentido da conflu\u00eancia entre a Rua das Orqu\u00eddeas at\u00e9 a esquina com a Rua das Rosas, onde tamb\u00e9m haver\u00e1 a sinaliza\u00e7\u00e3o de \u201cpare\u201d, indicando a preferencial. Atualmente a circula\u00e7\u00e3o desta rua acontecem em sentido contr\u00e1rio.<\/p>\n<p>A medida tomada pelo Departamento de Servi\u00e7os Municipais (DSM), Divis\u00e3o de Tr\u00e2nsito, da Prefeitura Municipal, visa melhorar o tr\u00e1fego no trecho, j\u00e1 que no local h\u00e1 uma movimenta\u00e7\u00e3o intensa de ve\u00edculos e pessoas que tem acesso \u00e0 creche e \u00e0 escola, com riscos de acidentes com alunos, visto que o transporte escolar ao deixar as crian\u00e7as, elas descem em do lado contr\u00e1rio da cal\u00e7ada, sendo obrigadas a atravessarem a rua.<\/p>\n<p>O DSM est\u00e1 providenciando a respectiva sinaliza\u00e7\u00e3o no local e a popula\u00e7\u00e3o est\u00e1 sendo informada com anteced\u00eancia, para que a nova regra possa come\u00e7ar a vigorar na data prevista.<\/p>\n<p><strong>\u00a0<\/strong><\/p>\n<p>&nbsp;<\/p>\n<p>&nbsp;<\/p>\n<p>&nbsp;<\/p>\n","protected":false},"excerpt":{"rendered":"<p>Altera\u00e7\u00f5es visam seguran\u00e7a de alunos de escola estadual e creche municipal no bairro Jardim Novas Santa Rita &nbsp; Motoristas de<\/p>\n","protected":false},"author":1,"featured_media":2894,"comment_status":"closed","ping_status":"open","sticky":false,"template":"","format":"standard","meta":{"footnotes":""},"categories":[44,48],"tags":[],"class_list":["post-2893","post","type-post","status-publish","format-standard","has-post-thumbnail","hentry","category-cidades","category-featured"],"_links":{"self":[{"href":"https:\/\/www.santaritadopassaquatro.sp.gov.br\/portal\/wp-json\/wp\/v2\/posts\/2893","targetHints":{"allow":["GET"]}}],"collection":[{"href":"https:\/\/www.santaritadopassaquatro.sp.gov.br\/portal\/wp-json\/wp\/v2\/posts"}],"about":[{"href":"https:\/\/www.santaritadopassaquatro.sp.gov.br\/portal\/wp-json\/wp\/v2\/types\/post"}],"author":[{"embeddable":true,"href":"https:\/\/www.santaritadopassaquatro.sp.gov.br\/portal\/wp-json\/wp\/v2\/users\/1"}],"replies":[{"embeddable":true,"href":"https:\/\/www.santaritadopassaquatro.sp.gov.br\/portal\/wp-json\/wp\/v2\/comments?post=2893"}],"version-history":[{"count":0,"href":"https:\/\/www.santaritadopassaquatro.sp.gov.br\/portal\/wp-json\/wp\/v2\/posts\/2893\/revisions"}],"wp:featuredmedia":[{"embeddable":true,"href":"https:\/\/www.santaritadopassaquatro.sp.gov.br\/portal\/wp-json\/wp\/v2\/media\/2894"}],"wp:attachment":[{"href":"https:\/\/www.santaritadopassaquatro.sp.gov.br\/portal\/wp-json\/wp\/v2\/media?parent=2893"}],"wp:term":[{"taxonomy":"category","embeddable":true,"href":"https:\/\/www.santaritadopassaquatro.sp.gov.br\/portal\/wp-json\/wp\/v2\/categories?post=2893"},{"taxonomy":"post_tag","embeddable":true,"href":"https:\/\/www.santaritadopassaquatro.sp.gov.br\/portal\/wp-json\/wp\/v2\/tags?post=2893"}],"curies":[{"name":"wp","href":"https:\/\/api.w.org\/{rel}","templated":true}]}}