{"id":2896,"date":"2019-11-25T10:19:16","date_gmt":"2019-11-25T12:19:16","guid":{"rendered":"http:\/\/www.santaritadopassaquatro.sp.gov.br\/portal\/?p=2896"},"modified":"2019-11-25T10:19:16","modified_gmt":"2019-11-25T12:19:16","slug":"prefeito-prestigia-abertura-da-1a-mostra-dandara-no-ultimo-domingo","status":"publish","type":"post","link":"https:\/\/www.santaritadopassaquatro.sp.gov.br\/portal\/prefeito-prestigia-abertura-da-1a-mostra-dandara-no-ultimo-domingo\/","title":{"rendered":"Prefeito prestigia abertura da 1\u00aa Mostra Dandara no \u00faltimo domingo"},"content":{"rendered":"<p><strong><em>Com apoio do Departamento Municipal de Cultura e Turismo, evento comemorou Dia da Consci\u00eancia Negra com atividades na Pra\u00e7a Mario Mattoso e Pavilh\u00e3o Cultural<\/em><\/strong><\/p>\n<p><strong><em>\u00a0<\/em><\/strong><\/p>\n<figure id=\"attachment_2898\" aria-describedby=\"caption-attachment-2898\" style=\"width: 300px\" class=\"wp-caption alignleft\"><img decoding=\"async\" class=\"wp-image-2898 size-medium\" src=\"http:\/\/www.santaritadopassaquatro.sp.gov.br\/portal\/wp-content\/uploads\/2019\/11\/WhatsApp-Image-2019-11-18-at-14.50.37-300x200.jpeg\" alt=\"\" width=\"300\" height=\"200\" srcset=\"https:\/\/www.santaritadopassaquatro.sp.gov.br\/portal\/wp-content\/uploads\/2019\/11\/WhatsApp-Image-2019-11-18-at-14.50.37-300x200.jpeg 300w, https:\/\/www.santaritadopassaquatro.sp.gov.br\/portal\/wp-content\/uploads\/2019\/11\/WhatsApp-Image-2019-11-18-at-14.50.37-768x512.jpeg 768w, https:\/\/www.santaritadopassaquatro.sp.gov.br\/portal\/wp-content\/uploads\/2019\/11\/WhatsApp-Image-2019-11-18-at-14.50.37-1024x682.jpeg 1024w, https:\/\/www.santaritadopassaquatro.sp.gov.br\/portal\/wp-content\/uploads\/2019\/11\/WhatsApp-Image-2019-11-18-at-14.50.37.jpeg 1280w\" sizes=\"(max-width: 300px) 100vw, 300px\" \/><figcaption id=\"caption-attachment-2898\" class=\"wp-caption-text\"><span style=\"font-size: 8pt; color: #999999;\"><em><strong>Apresenta\u00e7\u00e3o art\u00edstica durante a abertura da 1\u00aa Mostra Dandarana pr\u00e7a da Esta\u00e7\u00e3o (Divulga\u00e7\u00e3o)<\/strong><\/em><\/span><\/figcaption><\/figure>\n<p>O prefeito Leandro Luciano dos Santos prestigiou a abertura da a Mostra Dandara, evento que comorou o Dia da Consci\u00eancia Negra em Santa Rita do Passa Quatro. A programa\u00e7\u00e3o especial da 1\u00aa Mostra Cultural Negra de Santa Rita come\u00e7ou no \u00faltimo domingo (17\/11), na Pra\u00e7a Poeta Mario Mattoso (Esta\u00e7\u00e3o) e seguiu at\u00e9 est\u00e1 sexta-feira (22\/11), com atra\u00e7\u00f5es tamb\u00e9m no Pavilh\u00e3o Cultural.<\/p>\n<p>Acompanhado dos vereadores Kleber Borotto e Lucas Comin, o prefeito reiterou o apoio do Governo Municipal \u00e0 iniciativa do Coletivo Negro Santarritense, promotor do evento, em prol da cultura do munic\u00edpio.<\/p>\n<figure id=\"attachment_2897\" aria-describedby=\"caption-attachment-2897\" style=\"width: 300px\" class=\"wp-caption alignright\"><img decoding=\"async\" class=\"wp-image-2897 size-medium\" src=\"http:\/\/www.santaritadopassaquatro.sp.gov.br\/portal\/wp-content\/uploads\/2019\/11\/WhatsApp-Image-2019-11-18-at-14.50.40-300x200.jpeg\" alt=\"\" width=\"300\" height=\"200\" srcset=\"https:\/\/www.santaritadopassaquatro.sp.gov.br\/portal\/wp-content\/uploads\/2019\/11\/WhatsApp-Image-2019-11-18-at-14.50.40-300x200.jpeg 300w, https:\/\/www.santaritadopassaquatro.sp.gov.br\/portal\/wp-content\/uploads\/2019\/11\/WhatsApp-Image-2019-11-18-at-14.50.40-768x512.jpeg 768w, https:\/\/www.santaritadopassaquatro.sp.gov.br\/portal\/wp-content\/uploads\/2019\/11\/WhatsApp-Image-2019-11-18-at-14.50.40-1024x682.jpeg 1024w, https:\/\/www.santaritadopassaquatro.sp.gov.br\/portal\/wp-content\/uploads\/2019\/11\/WhatsApp-Image-2019-11-18-at-14.50.40.jpeg 1280w\" sizes=\"(max-width: 300px) 100vw, 300px\" \/><figcaption id=\"caption-attachment-2897\" class=\"wp-caption-text\"><span style=\"font-size: 8pt; color: #999999;\"><em><strong>O prefeito e vereadores junto aos organizadores da Mostra Dandara, durante a abertura do evento (Divulga\u00e7\u00e3o)<\/strong><\/em><\/span><\/figcaption><\/figure>\n<p>E evento tece apoio do Departamento Municipal de Turismo e Cultura e contou com a semana toda de programa\u00e7\u00e3o especial, abordando diversos temas \u00a0e com manifesta\u00e7\u00f5es art\u00edsticas e culturais.<\/p>\n<p>O Dia Nacional da Consci\u00eancia Negra, comemorado anualmente no dia 20 de novembro, foi criado em 2003, para ser uma data \u00e9 dedicada \u00e0 reflex\u00e3o sobre a inser\u00e7\u00e3o do negro na sociedade brasileira e foi escolhida por coincidir com o dia atribu\u00eddo \u00e0 morte de Zumbi dos Palmares, em 1695, um dos maiores l\u00edderes negros do Brasil que lutou pela liberta\u00e7\u00e3o do povo contra o sistema escravista.<\/p>\n<p>Dandara foi Foi esposa de Zumbi dos Palmares e \u00e9 conhecida pela sua luta em defesa da liberdade dos escravos no Quilombo dos Palmares.<\/p>\n<p>&nbsp;<\/p>\n<p>&nbsp;<\/p>\n<p><em>\u00a0<\/em><\/p>\n","protected":false},"excerpt":{"rendered":"<p>Com apoio do Departamento Municipal de Cultura e Turismo, evento comemorou Dia da Consci\u00eancia Negra com atividades na Pra\u00e7a Mario<\/p>\n","protected":false},"author":1,"featured_media":2897,"comment_status":"closed","ping_status":"open","sticky":false,"template":"","format":"standard","meta":{"footnotes":""},"categories":[46,52],"tags":[],"class_list":["post-2896","post","type-post","status-publish","format-standard","has-post-thumbnail","hentry","category-cultura","category-latest"],"_links":{"self":[{"href":"https:\/\/www.santaritadopassaquatro.sp.gov.br\/portal\/wp-json\/wp\/v2\/posts\/2896","targetHints":{"allow":["GET"]}}],"collection":[{"href":"https:\/\/www.santaritadopassaquatro.sp.gov.br\/portal\/wp-json\/wp\/v2\/posts"}],"about":[{"href":"https:\/\/www.santaritadopassaquatro.sp.gov.br\/portal\/wp-json\/wp\/v2\/types\/post"}],"author":[{"embeddable":true,"href":"https:\/\/www.santaritadopassaquatro.sp.gov.br\/portal\/wp-json\/wp\/v2\/users\/1"}],"replies":[{"embeddable":true,"href":"https:\/\/www.santaritadopassaquatro.sp.gov.br\/portal\/wp-json\/wp\/v2\/comments?post=2896"}],"version-history":[{"count":0,"href":"https:\/\/www.santaritadopassaquatro.sp.gov.br\/portal\/wp-json\/wp\/v2\/posts\/2896\/revisions"}],"wp:featuredmedia":[{"embeddable":true,"href":"https:\/\/www.santaritadopassaquatro.sp.gov.br\/portal\/wp-json\/wp\/v2\/media\/2897"}],"wp:attachment":[{"href":"https:\/\/www.santaritadopassaquatro.sp.gov.br\/portal\/wp-json\/wp\/v2\/media?parent=2896"}],"wp:term":[{"taxonomy":"category","embeddable":true,"href":"https:\/\/www.santaritadopassaquatro.sp.gov.br\/portal\/wp-json\/wp\/v2\/categories?post=2896"},{"taxonomy":"post_tag","embeddable":true,"href":"https:\/\/www.santaritadopassaquatro.sp.gov.br\/portal\/wp-json\/wp\/v2\/tags?post=2896"}],"curies":[{"name":"wp","href":"https:\/\/api.w.org\/{rel}","templated":true}]}}