{"id":2900,"date":"2019-11-25T10:20:54","date_gmt":"2019-11-25T12:20:54","guid":{"rendered":"http:\/\/www.santaritadopassaquatro.sp.gov.br\/portal\/?p=2900"},"modified":"2019-11-25T10:20:54","modified_gmt":"2019-11-25T12:20:54","slug":"outubro-rosa-e-novembro-azul-serao-temas-de-palestra-no-dia-6-de-dezembro","status":"publish","type":"post","link":"https:\/\/www.santaritadopassaquatro.sp.gov.br\/portal\/outubro-rosa-e-novembro-azul-serao-temas-de-palestra-no-dia-6-de-dezembro\/","title":{"rendered":"Outubro Rosa e Novembro Azul ser\u00e3o temas de palestra no dia 6 de dezembro"},"content":{"rendered":"<p><strong><em>Evento \u00e9 promovido pelo Hospital Amor de Barretos, com a apoio do Departamento de Sa\u00fade, toda popula\u00e7\u00e3o est\u00e1 convidada <\/em><\/strong><\/p>\n<p>&nbsp;<\/p>\n<figure id=\"attachment_2901\" aria-describedby=\"caption-attachment-2901\" style=\"width: 300px\" class=\"wp-caption alignleft\"><img decoding=\"async\" class=\"wp-image-2901 size-medium\" src=\"http:\/\/www.santaritadopassaquatro.sp.gov.br\/portal\/wp-content\/uploads\/2019\/11\/palestra_cancer01-300x225.jpeg\" alt=\"\" width=\"300\" height=\"225\" srcset=\"https:\/\/www.santaritadopassaquatro.sp.gov.br\/portal\/wp-content\/uploads\/2019\/11\/palestra_cancer01-300x225.jpeg 300w, https:\/\/www.santaritadopassaquatro.sp.gov.br\/portal\/wp-content\/uploads\/2019\/11\/palestra_cancer01-768x576.jpeg 768w, https:\/\/www.santaritadopassaquatro.sp.gov.br\/portal\/wp-content\/uploads\/2019\/11\/palestra_cancer01-1024x768.jpeg 1024w, https:\/\/www.santaritadopassaquatro.sp.gov.br\/portal\/wp-content\/uploads\/2019\/11\/palestra_cancer01.jpeg 1280w\" sizes=\"(max-width: 300px) 100vw, 300px\" \/><figcaption id=\"caption-attachment-2901\" class=\"wp-caption-text\"><span style=\"font-size: 8pt; color: #999999;\"><em><strong>Participantes da palestra promovida em 2018 em preven\u00e7\u00e3o contra o c\u00e2ncer (Arquivo\/AssCom)<\/strong><\/em><\/span><\/figcaption><\/figure>\n<p>Conscientiza\u00e7\u00e3o sobre cuidados de sa\u00fade, principalmente, na luta contra o c\u00e2ncer de pr\u00f3stata e mama. Esse \u00e9 o objetivo das campanhas Outubro Rosa e Novembro Azul, que ser\u00e3o temas de palestra em Santa Rita do Passa Quatro.<\/p>\n<p>Promovida em parceria entre o Departamento Municipal de Sa\u00fade e Hospital de Amor, de Barretos, a palestra acontece no pr\u00f3ximo dia 6 de dezembro, \u00e1s partir das 19 horas, na C\u00e2mara Municipal.<\/p>\n<p>Ser\u00e3o quatro palestrantes, dividindo o tema central em subtemas. O Dr. Raphael Haikel, cirurgi\u00e3o titular do Hospital de C\u00e2ncer de Barretos, especialista oncologia cir\u00fargica, mastologia e oncoplastia; Dr. Rodrigo Sanderson, m\u00e9dico chefe do servi\u00e7o de cirurgia da SC Porto Ferreira, especialista em digestiva, laparoscopia e coloproctologia; Dr. Fernando Ramos, m\u00e9dico cirurgi\u00e3o do Hospital Dona Balbina de Porto Ferreira, especialista em cirurgia digestiva, bari\u00e1trica e metab\u00f3lica; e Mauricio Sponton Rasi, advogado especialista em viol\u00eancia dom\u00e9stica pela USP, mestre em direito e especialista no tema \u201cdrogadi\u00e7\u00e3o\u201d, \u00a0autor do livro \u201cCrian\u00e7a e Adolesc\u00eancia \u2013 Risco e Prote\u00e7\u00e3o\u201d.<\/p>\n<p>O evento \u00e9 gratuito e aberto ao p\u00fablico. Toda popula\u00e7\u00e3o est\u00e1 convidada.<\/p>\n<p>&nbsp;<\/p>\n<p><strong>SERVI\u00c7O<br \/>\nPalestra \u201cOutubro Rosa e Novembro Azul\u201d<br \/>\nData:<\/strong> 6\/12\/2019<br \/>\n<strong>Hor\u00e1rio:<\/strong> 19 horas<br \/>\n<strong>Local:<\/strong> C\u00e2mara Municipal<\/p>\n<p>&nbsp;<\/p>\n<p>&nbsp;<\/p>\n<p>&nbsp;<\/p>\n","protected":false},"excerpt":{"rendered":"<p>Evento \u00e9 promovido pelo Hospital Amor de Barretos, com a apoio do Departamento de Sa\u00fade, toda popula\u00e7\u00e3o est\u00e1 convidada &nbsp;<\/p>\n","protected":false},"author":1,"featured_media":2901,"comment_status":"closed","ping_status":"open","sticky":false,"template":"","format":"standard","meta":{"footnotes":""},"categories":[52,58],"tags":[],"class_list":["post-2900","post","type-post","status-publish","format-standard","has-post-thumbnail","hentry","category-latest","category-health"],"_links":{"self":[{"href":"https:\/\/www.santaritadopassaquatro.sp.gov.br\/portal\/wp-json\/wp\/v2\/posts\/2900","targetHints":{"allow":["GET"]}}],"collection":[{"href":"https:\/\/www.santaritadopassaquatro.sp.gov.br\/portal\/wp-json\/wp\/v2\/posts"}],"about":[{"href":"https:\/\/www.santaritadopassaquatro.sp.gov.br\/portal\/wp-json\/wp\/v2\/types\/post"}],"author":[{"embeddable":true,"href":"https:\/\/www.santaritadopassaquatro.sp.gov.br\/portal\/wp-json\/wp\/v2\/users\/1"}],"replies":[{"embeddable":true,"href":"https:\/\/www.santaritadopassaquatro.sp.gov.br\/portal\/wp-json\/wp\/v2\/comments?post=2900"}],"version-history":[{"count":0,"href":"https:\/\/www.santaritadopassaquatro.sp.gov.br\/portal\/wp-json\/wp\/v2\/posts\/2900\/revisions"}],"wp:featuredmedia":[{"embeddable":true,"href":"https:\/\/www.santaritadopassaquatro.sp.gov.br\/portal\/wp-json\/wp\/v2\/media\/2901"}],"wp:attachment":[{"href":"https:\/\/www.santaritadopassaquatro.sp.gov.br\/portal\/wp-json\/wp\/v2\/media?parent=2900"}],"wp:term":[{"taxonomy":"category","embeddable":true,"href":"https:\/\/www.santaritadopassaquatro.sp.gov.br\/portal\/wp-json\/wp\/v2\/categories?post=2900"},{"taxonomy":"post_tag","embeddable":true,"href":"https:\/\/www.santaritadopassaquatro.sp.gov.br\/portal\/wp-json\/wp\/v2\/tags?post=2900"}],"curies":[{"name":"wp","href":"https:\/\/api.w.org\/{rel}","templated":true}]}}