{"id":2905,"date":"2019-11-25T10:27:56","date_gmt":"2019-11-25T12:27:56","guid":{"rendered":"http:\/\/www.santaritadopassaquatro.sp.gov.br\/portal\/?p=2905"},"modified":"2019-11-25T10:27:56","modified_gmt":"2019-11-25T12:27:56","slug":"7a-semana-do-musico-tera-apresentacoes-e-homenagens-a-partir-de-quinta-feira","status":"publish","type":"post","link":"https:\/\/www.santaritadopassaquatro.sp.gov.br\/portal\/7a-semana-do-musico-tera-apresentacoes-e-homenagens-a-partir-de-quinta-feira\/","title":{"rendered":"7\u00aa Semana do M\u00fasico ter\u00e1 apresenta\u00e7\u00f5es e homenagens a partir de quinta-feira"},"content":{"rendered":"<p><strong><em>Nove m\u00fasicos da cidade ser\u00e3o homenageados com a Medalha Professor Octavio Bueno de Camargo, pela contribui\u00e7\u00e3o em prol da cultura local<\/em><\/strong><\/p>\n<p><strong><em>\u00a0<\/em><\/strong><\/p>\n<figure id=\"attachment_2907\" aria-describedby=\"caption-attachment-2907\" style=\"width: 300px\" class=\"wp-caption alignleft\"><img decoding=\"async\" class=\"wp-image-2907 size-medium\" src=\"http:\/\/www.santaritadopassaquatro.sp.gov.br\/portal\/wp-content\/uploads\/2019\/11\/semana_musico_medalha-1-300x225.jpg\" alt=\"\" width=\"300\" height=\"225\" srcset=\"https:\/\/www.santaritadopassaquatro.sp.gov.br\/portal\/wp-content\/uploads\/2019\/11\/semana_musico_medalha-1-300x225.jpg 300w, https:\/\/www.santaritadopassaquatro.sp.gov.br\/portal\/wp-content\/uploads\/2019\/11\/semana_musico_medalha-1.jpg 533w\" sizes=\"(max-width: 300px) 100vw, 300px\" \/><figcaption id=\"caption-attachment-2907\" class=\"wp-caption-text\"><span style=\"font-size: 8pt; color: #999999;\"><em><strong>A medalha Professor Octavio Bueno de Camargo entregue anualmente para homenagear as pessoas que contribuem com cultura local (AssCom\/Arquivo\/Divulga\u00e7\u00e3o)<\/strong><\/em><\/span><\/figcaption><\/figure>\n<p>A partir das pr\u00f3xima quinta-feira (28\/11) acontece a 7\u00aa edi\u00e7\u00e3o da Semana do M\u00fasico a Medalha Professor Octavio Bueno de Camargo, evento promovido pelo Departamento de Cultura e Turismo da Prefeitura Municipal de Santa Rita do Passa Quatro.<\/p>\n<p>Com apresenta\u00e7\u00f5es musicais e homenagens, em comemora\u00e7\u00e3o ao Dia do M\u00fasico, data lembrada anualmente no dia 22 de novembro, o avento segue at\u00e9 s\u00e1bado, com atra\u00e7\u00f5es diversas.<\/p>\n<p>Todo ano, a medalha \u00e9 entregue em homenagem \u00e0s pessoas que contribu\u00edram com a arte e a cultura local, especialmente no setor musical. Em 2019, mais nove m\u00fasicos ser\u00e3o homenageados. Mateus Marques, Abel David Pelegrin, Wanderson C\u00e9sar Merenciano, Luis Roberto Daldegan Broglio, Isabelle Tacon de Souza, Luiz Eduardo C. Daldegan, Alan Godoy e Solange Priscila A. S. Pereira, receber\u00e3o a medalhada.<\/p>\n<figure id=\"attachment_2906\" aria-describedby=\"caption-attachment-2906\" style=\"width: 300px\" class=\"wp-caption alignright\"><img decoding=\"async\" class=\"wp-image-2906 size-medium\" src=\"http:\/\/www.santaritadopassaquatro.sp.gov.br\/portal\/wp-content\/uploads\/2019\/11\/Norminha_semana_musico-300x225.jpg\" alt=\"\" width=\"300\" height=\"225\" srcset=\"https:\/\/www.santaritadopassaquatro.sp.gov.br\/portal\/wp-content\/uploads\/2019\/11\/Norminha_semana_musico-300x225.jpg 300w, https:\/\/www.santaritadopassaquatro.sp.gov.br\/portal\/wp-content\/uploads\/2019\/11\/Norminha_semana_musico-768x576.jpg 768w, https:\/\/www.santaritadopassaquatro.sp.gov.br\/portal\/wp-content\/uploads\/2019\/11\/Norminha_semana_musico-1024x768.jpg 1024w\" sizes=\"(max-width: 300px) 100vw, 300px\" \/><figcaption id=\"caption-attachment-2906\" class=\"wp-caption-text\"><span style=\"font-size: 8pt;\"><em><span style=\"color: #999999;\"><strong>A musicista Norminha, criadora da Semana do M\u00fasico, ser\u00e1 a homenageada especial de 2019 \u00a0(AssCom\/Arquivo\/Divulga\u00e7\u00e3o)<\/strong><\/span><\/em><\/span><\/figcaption><\/figure>\n<p>Tamb\u00e9m haver\u00e1 uma homenagem especial \u00e0 musicista Norma Jamus Villela, a Norminha, que al\u00e9m de sua contribui\u00e7\u00e3o como artista, tamb\u00e9m atuou na pol\u00edtica, como vereadora, atuando sempre em defesa da cultura. Entre suas proposituras apresentadas e aprovadas na C\u00e2mara Municipal, est\u00e1 a indica\u00e7\u00e3o para cria\u00e7\u00e3o da Lei Municipal N\u00ba 2857, de 19 de novembro de 2009, que institui a Semana Musico e Medalha Professor Oct\u00e1vio Bueno de Camargo, na agenda cultural do Munic\u00edpio.<\/p>\n<p>A programa\u00e7\u00e3o do evento come\u00e7a na quinta-feira (28\/11) na Pra\u00e7a Poeta M\u00e1rio Mattoso, durante a Feira do Produtor, com show dos Amigos do Samba.\u00a0 Na sexta-feira (29\/11), na sede da C\u00e2mara Municipal, acontece a homenagem especial e entregas de medalhas, com apresenta\u00e7\u00f5es de m\u00fasicos convidados.<\/p>\n<p>No s\u00e1bado (30\/11), tamb\u00e9m na pra\u00e7a Poeta Mario Mattoso, haver\u00e1 uma atra\u00e7\u00e3o especial, com o encontro in\u00e9dito da Banda Zequinha de Abreu com o grupo de rock Covil de Aluguel. As duas bandas ir\u00e3o se apresentar juntas um repert\u00f3rio de cl\u00e1ssicos do rock com arranjos especiais, escritos pelo m\u00fasico Alan Godoy, em parceria com o maestro Marcel Villa.<\/p>\n<p>Todas as atra\u00e7\u00f5es est\u00e3o programadas para \u00e0s 19h30 e toda popula\u00e7\u00e3o est\u00e1 convidada.<\/p>\n<p>&nbsp;<\/p>\n<p><strong>CONFIRA A PROGRAMA\u00c7\u00c3O<\/strong><\/p>\n<p><strong>Quinta-feira (28\/11), \u00e0s 20 horas<\/strong><br \/>\n<strong>Atra\u00e7\u00e3o:<\/strong> Amigos do Samba<br \/>\n<strong>Local:<\/strong> Pra\u00e7a Poeta M\u00e1rio Mattoso (Esta\u00e7\u00e3o).<\/p>\n<p><strong>Sexta-feira (29\/11), \u00e0s 19h30<br \/>\nAbertura<\/strong>: Som de Preto.<br \/>\n<strong>Atra\u00e7\u00f5es:<\/strong> Norminha e Amigos<br \/>\nEntrega de medalhas e homenagem especial.<br \/>\n<strong>Local:<\/strong> C\u00e2mara Municipal.<\/p>\n<p><strong>S\u00e1bado (30\/11), \u00e0s 19h30<br \/>\nAtra\u00e7\u00f5es: <\/strong>Wanderson C\u00e9sar Merenciano e convidados, e<strong><br \/>\n<\/strong>Rock In Concert &#8211; Covil de Aluguel e Banda Zequinha de Abreu.<br \/>\nEntrega de medalhas.<br \/>\n<strong>Local:<\/strong> Pra\u00e7a Poeta M\u00e1rio Mattoso (Esta\u00e7\u00e3o).<\/p>\n<p>&nbsp;<\/p>\n<p><strong>\u00a0<\/strong><\/p>\n<p>&nbsp;<\/p>\n<p>&nbsp;<\/p>\n","protected":false},"excerpt":{"rendered":"<p>Nove m\u00fasicos da cidade ser\u00e3o homenageados com a Medalha Professor Octavio Bueno de Camargo, pela contribui\u00e7\u00e3o em prol da cultura<\/p>\n","protected":false},"author":1,"featured_media":2906,"comment_status":"closed","ping_status":"open","sticky":false,"template":"","format":"standard","meta":{"footnotes":""},"categories":[46,52],"tags":[],"class_list":["post-2905","post","type-post","status-publish","format-standard","has-post-thumbnail","hentry","category-cultura","category-latest"],"_links":{"self":[{"href":"https:\/\/www.santaritadopassaquatro.sp.gov.br\/portal\/wp-json\/wp\/v2\/posts\/2905","targetHints":{"allow":["GET"]}}],"collection":[{"href":"https:\/\/www.santaritadopassaquatro.sp.gov.br\/portal\/wp-json\/wp\/v2\/posts"}],"about":[{"href":"https:\/\/www.santaritadopassaquatro.sp.gov.br\/portal\/wp-json\/wp\/v2\/types\/post"}],"author":[{"embeddable":true,"href":"https:\/\/www.santaritadopassaquatro.sp.gov.br\/portal\/wp-json\/wp\/v2\/users\/1"}],"replies":[{"embeddable":true,"href":"https:\/\/www.santaritadopassaquatro.sp.gov.br\/portal\/wp-json\/wp\/v2\/comments?post=2905"}],"version-history":[{"count":0,"href":"https:\/\/www.santaritadopassaquatro.sp.gov.br\/portal\/wp-json\/wp\/v2\/posts\/2905\/revisions"}],"wp:featuredmedia":[{"embeddable":true,"href":"https:\/\/www.santaritadopassaquatro.sp.gov.br\/portal\/wp-json\/wp\/v2\/media\/2906"}],"wp:attachment":[{"href":"https:\/\/www.santaritadopassaquatro.sp.gov.br\/portal\/wp-json\/wp\/v2\/media?parent=2905"}],"wp:term":[{"taxonomy":"category","embeddable":true,"href":"https:\/\/www.santaritadopassaquatro.sp.gov.br\/portal\/wp-json\/wp\/v2\/categories?post=2905"},{"taxonomy":"post_tag","embeddable":true,"href":"https:\/\/www.santaritadopassaquatro.sp.gov.br\/portal\/wp-json\/wp\/v2\/tags?post=2905"}],"curies":[{"name":"wp","href":"https:\/\/api.w.org\/{rel}","templated":true}]}}