{"id":2913,"date":"2019-11-29T15:39:04","date_gmt":"2019-11-29T17:39:04","guid":{"rendered":"http:\/\/www.santaritadopassaquatro.sp.gov.br\/portal\/?p=2913"},"modified":"2019-11-29T15:39:04","modified_gmt":"2019-11-29T17:39:04","slug":"projeto-entrega-lampadas-para-familias-de-baixa-renda-em-santa-rita-do-passa-quatro","status":"publish","type":"post","link":"https:\/\/www.santaritadopassaquatro.sp.gov.br\/portal\/projeto-entrega-lampadas-para-familias-de-baixa-renda-em-santa-rita-do-passa-quatro\/","title":{"rendered":"Projeto entrega l\u00e2mpadas para fam\u00edlias de baixa renda em Santa Rita do Passa Quatro"},"content":{"rendered":"<p><strong><em>Projeto Energia Mais Eficiente, da Elektro, ir\u00e1 realizar a entrega das l\u00e2mpadas a partir desta segunda-feira <\/em><\/strong><\/p>\n<p>&nbsp;<\/p>\n<p><img decoding=\"async\" class=\"alignnone size-medium wp-image-2940 alignleft\" src=\"http:\/\/www.santaritadopassaquatro.sp.gov.br\/portal\/wp-content\/uploads\/2019\/11\/elektro-energia-eficiente-300x195.jpg\" alt=\"\" width=\"300\" height=\"195\" srcset=\"https:\/\/www.santaritadopassaquatro.sp.gov.br\/portal\/wp-content\/uploads\/2019\/11\/elektro-energia-eficiente-300x195.jpg 300w, https:\/\/www.santaritadopassaquatro.sp.gov.br\/portal\/wp-content\/uploads\/2019\/11\/elektro-energia-eficiente.jpg 412w\" sizes=\"(max-width: 300px) 100vw, 300px\" \/>O Projeto \u201cEnergia Mais Eficiente\u201d da Elektro, que contempla iniciativas de efici\u00eancia energ\u00e9tica nas comunidades de baixa renda e institui\u00e7\u00f5es p\u00fablicas da \u00e1rea de concess\u00e3o da distribuidora em parceria com prefeitura da cidade, estar\u00e1 em Santa Rita do Passa Quatro a partir de segunda-feira, 2 de dezembro. Ao todo ser\u00e3o substitu\u00eddas cerca de 6 mil l\u00e2mpadas incandescentes e fluorescentes por modernas l\u00e2mpadas de LED, bem mais eficientes, trazendo significativa economia para mais de 1.200 mil consumidores.<\/p>\n<p>Para contar com o benef\u00edcio, os clientes residenciais, ou rurais-residenciais, dever\u00e3o morar na cidade em comunidade popular de baixa renda ou estar cadastrado na TSEE (Tarifa Social de Energia El\u00e9trica), n\u00e3o possuir d\u00e9bitos com a concession\u00e1ria e levar at\u00e9 5 l\u00e2mpadas incandescentes ou fluorescentes usadas (pot\u00eancia igual ou superior a 15W) para troca por LEDs.\u00a0 J\u00e1 para atendimento das institui\u00e7\u00f5es, al\u00e9m de estarem localizadas geograficamente nas comunidades de baixa renda atendidas pelo projeto e atenderem outros crit\u00e9rios t\u00e9cnicos, as edifica\u00e7\u00f5es dever\u00e3o funcionar no per\u00edodo noturno e estar adimplente com a concession\u00e1ria.<\/p>\n<p>O projeto \u201cEnergia mais Eficiente\u201d permanecer\u00e1 em Santa Rita do Passa Quatro at\u00e9 o dia 06 de dezembro, com atendimento na Pra\u00e7a Poeta M\u00e1rio Mattoso, conforme cronograma, abaixo:<\/p>\n<p>&nbsp;<\/p>\n<p><strong>PROGRAMA\u00c7\u00c3O<br \/>\nProjeto Energia Mais Eficiente em Santa Rita do Passa Quatro<br \/>\nPra\u00e7a da Esta\u00e7\u00e3o<br \/>\nDia: <\/strong>02\/12\/2019 &#8211; 14h\u00a0 \u00e0s 17h.<br \/>\n<strong>Per\u00edodo:<\/strong> 03\/12 \u00e0 06\/12 &#8211; 8h \u00e0s 17h.<\/p>\n<p><strong>Distrito Santa Cruz da Estrela (PSF)<br \/>\nDia : <\/strong>03\/12 &#8211; 9h \u00e0s 16h.<\/p>\n<p><strong>CRAS<br \/>\nPer\u00edodo: <\/strong>04\/12 \u00e0 06\/12 &#8211; 8h \u00e0 17h.<\/p>\n","protected":false},"excerpt":{"rendered":"<p>Projeto Energia Mais Eficiente, da Elektro, ir\u00e1 realizar a entrega das l\u00e2mpadas a partir desta segunda-feira &nbsp; O Projeto \u201cEnergia<\/p>\n","protected":false},"author":1,"featured_media":2940,"comment_status":"closed","ping_status":"open","sticky":false,"template":"","format":"standard","meta":{"footnotes":""},"categories":[43,48],"tags":[],"class_list":["post-2913","post","type-post","status-publish","format-standard","has-post-thumbnail","hentry","category-assistenciasocial","category-featured"],"_links":{"self":[{"href":"https:\/\/www.santaritadopassaquatro.sp.gov.br\/portal\/wp-json\/wp\/v2\/posts\/2913","targetHints":{"allow":["GET"]}}],"collection":[{"href":"https:\/\/www.santaritadopassaquatro.sp.gov.br\/portal\/wp-json\/wp\/v2\/posts"}],"about":[{"href":"https:\/\/www.santaritadopassaquatro.sp.gov.br\/portal\/wp-json\/wp\/v2\/types\/post"}],"author":[{"embeddable":true,"href":"https:\/\/www.santaritadopassaquatro.sp.gov.br\/portal\/wp-json\/wp\/v2\/users\/1"}],"replies":[{"embeddable":true,"href":"https:\/\/www.santaritadopassaquatro.sp.gov.br\/portal\/wp-json\/wp\/v2\/comments?post=2913"}],"version-history":[{"count":0,"href":"https:\/\/www.santaritadopassaquatro.sp.gov.br\/portal\/wp-json\/wp\/v2\/posts\/2913\/revisions"}],"wp:featuredmedia":[{"embeddable":true,"href":"https:\/\/www.santaritadopassaquatro.sp.gov.br\/portal\/wp-json\/wp\/v2\/media\/2940"}],"wp:attachment":[{"href":"https:\/\/www.santaritadopassaquatro.sp.gov.br\/portal\/wp-json\/wp\/v2\/media?parent=2913"}],"wp:term":[{"taxonomy":"category","embeddable":true,"href":"https:\/\/www.santaritadopassaquatro.sp.gov.br\/portal\/wp-json\/wp\/v2\/categories?post=2913"},{"taxonomy":"post_tag","embeddable":true,"href":"https:\/\/www.santaritadopassaquatro.sp.gov.br\/portal\/wp-json\/wp\/v2\/tags?post=2913"}],"curies":[{"name":"wp","href":"https:\/\/api.w.org\/{rel}","templated":true}]}}