{"id":2932,"date":"2019-11-29T15:53:15","date_gmt":"2019-11-29T17:53:15","guid":{"rendered":"http:\/\/www.santaritadopassaquatro.sp.gov.br\/portal\/?p=2932"},"modified":"2019-11-29T15:53:15","modified_gmt":"2019-11-29T17:53:15","slug":"com-chegada-de-papai-noel-natal-iluminado-comeca-na-proxima-sexta-feira","status":"publish","type":"post","link":"https:\/\/www.santaritadopassaquatro.sp.gov.br\/portal\/com-chegada-de-papai-noel-natal-iluminado-comeca-na-proxima-sexta-feira\/","title":{"rendered":"Com chegada de Papai Noel, Natal Iluminado come\u00e7a na pr\u00f3xima sexta-feira"},"content":{"rendered":"<p><strong><em>Com atra\u00e7\u00f5es todas as noites, evento segue at\u00e9 dia 23 de dezembro, na pra\u00e7a do Ros\u00e1rio; Papai Noel tamb\u00e9m ir\u00e1 percorrer os bairros da cidade durante a programa\u00e7\u00e3o <\/em><\/strong><\/p>\n<p><strong><em>\u00a0<\/em><\/strong><\/p>\n<p><img decoding=\"async\" class=\"size-medium wp-image-2820 alignleft\" src=\"http:\/\/www.santaritadopassaquatro.sp.gov.br\/portal\/wp-content\/uploads\/2019\/11\/natal_iluminado_papai_noel-300x200.jpg\" alt=\"\" width=\"300\" height=\"200\" srcset=\"https:\/\/www.santaritadopassaquatro.sp.gov.br\/portal\/wp-content\/uploads\/2019\/11\/natal_iluminado_papai_noel-300x200.jpg 300w, https:\/\/www.santaritadopassaquatro.sp.gov.br\/portal\/wp-content\/uploads\/2019\/11\/natal_iluminado_papai_noel-768x511.jpg 768w, https:\/\/www.santaritadopassaquatro.sp.gov.br\/portal\/wp-content\/uploads\/2019\/11\/natal_iluminado_papai_noel-1024x681.jpg 1024w, https:\/\/www.santaritadopassaquatro.sp.gov.br\/portal\/wp-content\/uploads\/2019\/11\/natal_iluminado_papai_noel.jpg 1936w\" sizes=\"(max-width: 300px) 100vw, 300px\" \/>Com a chegada de Papai Noel, come\u00e7a na pr\u00f3xima sexta-feira, dia 6 de dezembro, mais uma edi\u00e7\u00e3o do Natal Iluminado 2019, promovido pelo Departamento de Cultura e Turismo da Prefeitura Municipal de Santa Rita do Passa Quatro.<\/p>\n<p>O evento que encerra o calend\u00e1rio do ano acontece at\u00e9 o dia 23 de dezembro, com atra\u00e7\u00f5es todas as noites na Pra\u00e7a do Ros\u00e1rio. Al\u00e9m da chegada de Papai Noel, a abertura ir\u00e1 contar com o show da dupla Marcos e Adriana, de Porto Ferreira.<\/p>\n<p>O Natal Iluminado tem como objetivo promover cultura e lazer \u00e0 popula\u00e7\u00e3o, al\u00e9m de incentivar o turismo e com\u00e9rcio durante o per\u00edodo das festas. Anualmente, o evento re\u00fane atividades culturais e de lazer na Pra\u00e7a do Ros\u00e1rio, nas festividades que antecedem o Natal (confira a seguir a programa\u00e7\u00e3o da primeira semana do evento).<\/p>\n<p><strong>\u00a0<\/strong><\/p>\n<p><strong>PAPAI NOEL NOS BAIRROS<\/strong><\/p>\n<p>A partir dia 9 de dezembro, segunda-feira, o Papai Noel ir\u00e1 percorrer os bairros da cidade, fazendo alegria da crian\u00e7ada. Os bairros visitados pelo Bom Velhinho ser\u00e3o: S\u00e3o Salvador (dia 9\/12), Vila Kennedy (10\/12), Jd. Planalto (11\/12), Jd. Boa Vista (12\/12), Jd. S\u00e3o Luis (13\/12), Lagoinha (14\/12), Jd. Bela Vista (15\/12), Jd. Primavera (16\/12), Jd. \u00a0Alvorada (17\/12), Jd. 22 de Maio (18\/12) e Vila Jo\u00e3o L\u00e1zaro (19\/12) e Jd. S\u00e3o Vicente (20\/12).<\/p>\n<p><strong>\u00a0<\/strong><\/p>\n<p><strong>PROGRAMA\u00c7\u00c3O<\/strong><\/p>\n<p><strong>Sexta-feira (6\/12), 19h30: <\/strong>Chegada de Papai Novel e show com Marcos e Adriana.<strong> S\u00e1bado (7\/12), 20 horas: <\/strong>Grupo de Pagode Doce Palavra e Caravana Est\u00e2ncia Sertaneja com Juliano Modena.<br \/>\n<strong>Domingo (8\/12), 20 horas:<\/strong> Grupo Degrad\u00ea.<strong><br \/>\nSegunda-feira (9\/12), 19h30horas: <\/strong>Coral Projeto Construindo o Amanh\u00e3 &#8211; CAIC, Banda Regimental do CPI-3 (Comando de Policiamento do Interior &#8211; Ribeir\u00e3o Preto) e Banda Roots.<br \/>\n<strong>Ter\u00e7a-feira (10\/12): 20 horas: <\/strong>Cantos e Encantos (Creche R\u00f4mulo Bortolini), Kaio Luca e Leticia Arantes.<br \/>\n<strong>Quarta-feira (11\/12), 20 horas: <\/strong>Dulce Tavares \u00a0e Projeto Mad\u00e1.<br \/>\n<strong>Quinta-feira (12\/12), 20 horas:<\/strong> Studio Arte e Movimento e\u00a0 Coral Par\u00f3quia S\u00e3o Jos\u00e9 Oper\u00e1rio.<br \/>\n<strong>Sexta-feira<\/strong> (<strong>13\/12), 20 horas: <\/strong>Natal no Sert\u00e3o com Ad\u00e3o Nildo e Convidados. <strong><br \/>\nS\u00e1bado (14\/12), 20 horas: <\/strong>Coral Prof\u00ba Oct\u00e1vio Bueno Camargo e Banda Zequinha de Abreu.<br \/>\n<strong>Domingo (15\/12), 20 horas: <\/strong>Banda Sintonia.<strong> \u00a0<\/strong><\/p>\n<p><strong>\u00a0<\/strong><\/p>\n<p>&nbsp;<\/p>\n<p>&nbsp;<\/p>\n<p>&nbsp;<\/p>\n","protected":false},"excerpt":{"rendered":"<p>Com atra\u00e7\u00f5es todas as noites, evento segue at\u00e9 dia 23 de dezembro, na pra\u00e7a do Ros\u00e1rio; Papai Noel tamb\u00e9m ir\u00e1<\/p>\n","protected":false},"author":1,"featured_media":2820,"comment_status":"closed","ping_status":"open","sticky":false,"template":"","format":"standard","meta":{"footnotes":""},"categories":[46,60],"tags":[],"class_list":["post-2932","post","type-post","status-publish","format-standard","has-post-thumbnail","hentry","category-cultura","category-turismo"],"_links":{"self":[{"href":"https:\/\/www.santaritadopassaquatro.sp.gov.br\/portal\/wp-json\/wp\/v2\/posts\/2932","targetHints":{"allow":["GET"]}}],"collection":[{"href":"https:\/\/www.santaritadopassaquatro.sp.gov.br\/portal\/wp-json\/wp\/v2\/posts"}],"about":[{"href":"https:\/\/www.santaritadopassaquatro.sp.gov.br\/portal\/wp-json\/wp\/v2\/types\/post"}],"author":[{"embeddable":true,"href":"https:\/\/www.santaritadopassaquatro.sp.gov.br\/portal\/wp-json\/wp\/v2\/users\/1"}],"replies":[{"embeddable":true,"href":"https:\/\/www.santaritadopassaquatro.sp.gov.br\/portal\/wp-json\/wp\/v2\/comments?post=2932"}],"version-history":[{"count":0,"href":"https:\/\/www.santaritadopassaquatro.sp.gov.br\/portal\/wp-json\/wp\/v2\/posts\/2932\/revisions"}],"wp:featuredmedia":[{"embeddable":true,"href":"https:\/\/www.santaritadopassaquatro.sp.gov.br\/portal\/wp-json\/wp\/v2\/media\/2820"}],"wp:attachment":[{"href":"https:\/\/www.santaritadopassaquatro.sp.gov.br\/portal\/wp-json\/wp\/v2\/media?parent=2932"}],"wp:term":[{"taxonomy":"category","embeddable":true,"href":"https:\/\/www.santaritadopassaquatro.sp.gov.br\/portal\/wp-json\/wp\/v2\/categories?post=2932"},{"taxonomy":"post_tag","embeddable":true,"href":"https:\/\/www.santaritadopassaquatro.sp.gov.br\/portal\/wp-json\/wp\/v2\/tags?post=2932"}],"curies":[{"name":"wp","href":"https:\/\/api.w.org\/{rel}","templated":true}]}}