{"id":2934,"date":"2019-11-29T15:55:11","date_gmt":"2019-11-29T17:55:11","guid":{"rendered":"http:\/\/www.santaritadopassaquatro.sp.gov.br\/portal\/?p=2934"},"modified":"2019-11-29T15:55:11","modified_gmt":"2019-11-29T17:55:11","slug":"vacinacao-contra-sarampo-tera-mais-um-dia-d-neste-sabado-no-municipio","status":"publish","type":"post","link":"https:\/\/www.santaritadopassaquatro.sp.gov.br\/portal\/vacinacao-contra-sarampo-tera-mais-um-dia-d-neste-sabado-no-municipio\/","title":{"rendered":"\u00a0  Vacina\u00e7\u00e3o contra sarampo ter\u00e1 mais um \u2018Dia D\u2019 neste s\u00e1bado, no munic\u00edpio"},"content":{"rendered":"<p><strong><em>Campanha acontece no Centro de Sa\u00fade II, PAS do CAIC e PSF Estrela para pessoas com idade entre 20 e 29 anos<\/em><\/strong><\/p>\n<p>&nbsp;<\/p>\n<p>Neste s\u00e1bado (30\/11) acontece o mais um \u201cDia D\u201d de vacina\u00e7\u00e3o contra sarampo. Em Santa Rita do Passa Quatro, o Departamento Municipal de Sa\u00fade promove a campanha no Centro de Sa\u00fade II e PAS do CAIC, no hor\u00e1rio das 8h \u00e0s 17 horas, e e PSF Santa Cruz da Estrela, das 8h \u00e0s 16 horas.<\/p>\n<p>O objetivo desta vez s\u00e3o pessoas com idade entre 20 a 29 anos, faixa et\u00e1ria que acumula o maior n\u00famero de casos confirmados de sarampo, de acordo com o \u00faltimo boletim epidemiol\u00f3gico. Todos devem levar a carteirinha de vacina\u00e7\u00e3o, para que um profissional verifique a necessidade de aplica\u00e7\u00e3o da dose.<\/p>\n<p>Esta \u00e9 a segunda etapa da Campanha Nacional de Vacina\u00e7\u00e3o contra o sarampo, lan\u00e7ada no \u00faltimo dia 18\/11.\u00a0 A vacina aplicada \u00e9 a tr\u00edplice viral, que protege contra sarampo, caxumba e rub\u00e9ola.<\/p>\n<p>Durante a semana a vacina \u00e9 aplicada no Centro de Sa\u00fade II e no PAS CAIC, onde as vacinas s\u00e3o aplicadas as ter\u00e7as e quintas-feiras, apenas no per\u00edodo da manh\u00e3, no das 8h \u00e0s 11h.<\/p>\n<p>Se acordo com o Minist\u00e9rio da Sa\u00fade, surto de sarampo ainda se encontra em atividade no pa\u00eds. Atualmente, 5.660 casos foram confirmados e 19 estados se encontram em transmiss\u00e3o ativa. A maioria dos casos (90,5%) est\u00e3o concentrados em 176 munic\u00edpios (27%) do estado de S\u00e3o Paulo, principalmente na regi\u00e3o metropolitana. De janeiro deste ano a 26 de outubro, 10.429 casos de sarampo foram confirmados em todo o Brasil. Os dados acumulados s\u00e3o de surtos da regi\u00e3o norte do pa\u00eds, iniciado em fevereiro de 2018 e iniciado em S\u00e3o Paulo por um navio, em maio deste ano.<\/p>\n<p><strong>\u00a0<\/strong><\/p>\n<p><strong>SERVI\u00c7O<br \/>\nVACINA\u00c7\u00c3O SARAMPO- DIA D (2\u00aa Etapa)<br \/>\nONDE: Centro de Sa\u00fade, PAS CAIC e PSF Estrela<br \/>\nHORARIO:<\/strong>\u00a0 das 8h \u00e0s 17 horas (PSF Estrela, das 8h \u00e0s 16 horas).<strong><br \/>\nP\u00fablico alvo: <\/strong>pessoas com idade entre 20 e 29 anos.<\/p>\n<p>&nbsp;<\/p>\n<p>&nbsp;<\/p>\n","protected":false},"excerpt":{"rendered":"<p>Campanha acontece no Centro de Sa\u00fade II, PAS do CAIC e PSF Estrela para pessoas com idade entre 20 e<\/p>\n","protected":false},"author":1,"featured_media":2935,"comment_status":"closed","ping_status":"open","sticky":false,"template":"","format":"standard","meta":{"footnotes":""},"categories":[52,58],"tags":[],"class_list":["post-2934","post","type-post","status-publish","format-standard","has-post-thumbnail","hentry","category-latest","category-health"],"_links":{"self":[{"href":"https:\/\/www.santaritadopassaquatro.sp.gov.br\/portal\/wp-json\/wp\/v2\/posts\/2934","targetHints":{"allow":["GET"]}}],"collection":[{"href":"https:\/\/www.santaritadopassaquatro.sp.gov.br\/portal\/wp-json\/wp\/v2\/posts"}],"about":[{"href":"https:\/\/www.santaritadopassaquatro.sp.gov.br\/portal\/wp-json\/wp\/v2\/types\/post"}],"author":[{"embeddable":true,"href":"https:\/\/www.santaritadopassaquatro.sp.gov.br\/portal\/wp-json\/wp\/v2\/users\/1"}],"replies":[{"embeddable":true,"href":"https:\/\/www.santaritadopassaquatro.sp.gov.br\/portal\/wp-json\/wp\/v2\/comments?post=2934"}],"version-history":[{"count":0,"href":"https:\/\/www.santaritadopassaquatro.sp.gov.br\/portal\/wp-json\/wp\/v2\/posts\/2934\/revisions"}],"wp:featuredmedia":[{"embeddable":true,"href":"https:\/\/www.santaritadopassaquatro.sp.gov.br\/portal\/wp-json\/wp\/v2\/media\/2935"}],"wp:attachment":[{"href":"https:\/\/www.santaritadopassaquatro.sp.gov.br\/portal\/wp-json\/wp\/v2\/media?parent=2934"}],"wp:term":[{"taxonomy":"category","embeddable":true,"href":"https:\/\/www.santaritadopassaquatro.sp.gov.br\/portal\/wp-json\/wp\/v2\/categories?post=2934"},{"taxonomy":"post_tag","embeddable":true,"href":"https:\/\/www.santaritadopassaquatro.sp.gov.br\/portal\/wp-json\/wp\/v2\/tags?post=2934"}],"curies":[{"name":"wp","href":"https:\/\/api.w.org\/{rel}","templated":true}]}}