{"id":2952,"date":"2019-11-29T16:50:42","date_gmt":"2019-11-29T18:50:42","guid":{"rendered":"http:\/\/www.santaritadopassaquatro.sp.gov.br\/portal\/?p=2952"},"modified":"2019-11-29T16:50:42","modified_gmt":"2019-11-29T18:50:42","slug":"7a-semana-do-musico-tem-homenagem-a-norminha-e-rock-sinfonico","status":"publish","type":"post","link":"https:\/\/www.santaritadopassaquatro.sp.gov.br\/portal\/7a-semana-do-musico-tem-homenagem-a-norminha-e-rock-sinfonico\/","title":{"rendered":"7\u00aa Semana do M\u00fasico tem homenagem \u00e0 norminha e rock \u201csinf\u00f4nico\u201d"},"content":{"rendered":"<p><strong><em>Programa\u00e7\u00e3o do fim de semana acontece na C\u00e2mara Municipal e na pra\u00e7a Poeta Mario Mattoso, com apresenta\u00e7\u00f5es e entrega de medalhas<\/em><\/strong><\/p>\n<p><strong><em>\u00a0<\/em><\/strong><\/p>\n<p><img decoding=\"async\" class=\"alignnone size-medium wp-image-2953 alignleft\" src=\"http:\/\/www.santaritadopassaquatro.sp.gov.br\/portal\/wp-content\/uploads\/2019\/11\/semana_musico_covil02-300x200.jpg\" alt=\"\" width=\"300\" height=\"200\" srcset=\"https:\/\/www.santaritadopassaquatro.sp.gov.br\/portal\/wp-content\/uploads\/2019\/11\/semana_musico_covil02-300x200.jpg 300w, https:\/\/www.santaritadopassaquatro.sp.gov.br\/portal\/wp-content\/uploads\/2019\/11\/semana_musico_covil02.jpg 640w\" sizes=\"(max-width: 300px) 100vw, 300px\" \/>Come\u00e7ou na \u00faltima quinta-feira (28\/11) a 7\u00aa edi\u00e7\u00e3o da Semana do M\u00fasico e Medalha Professor Octavio Bueno de Camargo, evento promovido pelo Departamento de Cultura e Turismo da Prefeitura Municipal de Santa Rita do Passa Quatro.<\/p>\n<figure id=\"attachment_2954\" aria-describedby=\"caption-attachment-2954\" style=\"width: 300px\" class=\"wp-caption alignright\"><img decoding=\"async\" class=\"wp-image-2954 size-medium\" src=\"http:\/\/www.santaritadopassaquatro.sp.gov.br\/portal\/wp-content\/uploads\/2019\/11\/IMG_3307-300x200.jpg\" alt=\"\" width=\"300\" height=\"200\" srcset=\"https:\/\/www.santaritadopassaquatro.sp.gov.br\/portal\/wp-content\/uploads\/2019\/11\/IMG_3307-300x200.jpg 300w, https:\/\/www.santaritadopassaquatro.sp.gov.br\/portal\/wp-content\/uploads\/2019\/11\/IMG_3307-768x512.jpg 768w, https:\/\/www.santaritadopassaquatro.sp.gov.br\/portal\/wp-content\/uploads\/2019\/11\/IMG_3307-1024x683.jpg 1024w\" sizes=\"(max-width: 300px) 100vw, 300px\" \/><figcaption id=\"caption-attachment-2954\" class=\"wp-caption-text\"><span style=\"font-size: 8pt; color: #999999;\"><em>Banda Musical Zequinha de Abreu e banda Covil de Aluguel promovem um encontro in\u00e9dito, neste s\u00e1bado, na 7\u00aa Semana do M\u00fasico \u00a0(AssCom\/Arquivo\/Divulga\u00e7\u00e3o)<\/em><\/span><\/figcaption><\/figure>\n<p>A programa\u00e7\u00e3o do fim de semana come\u00e7a nesta sexta-feira (29\/11), a partir das 19h30, na sede da C\u00e2mara Municipal, com a entrega de medalhas aos primeiros homenageados e tamb\u00e9m a homenagem especial \u00e0 musicista Norma Jamus Villela.\u00a0 Al\u00e9m de sua contribui\u00e7\u00e3o como artista, Norminha tamb\u00e9m atuou na pol\u00edtica, como vereadora, sempre em defesa da cultura. Entre suas proposituras apresentadas e aprovadas na C\u00e2mara Municipal, est\u00e1 a indica\u00e7\u00e3o para cria\u00e7\u00e3o da Lei Municipal N\u00ba 2857, de 19 de novembro de 2009, que institui a Semana Musico e Medalha Professor Oct\u00e1vio Bueno de Camargo, na agenda cultural do Munic\u00edpio.<\/p>\n<p>As homenagens s\u00e3o dedicadas \u00e0s pessoas que contribuem ou contribu\u00edram com a arte e a cultura local, especialmente no setor musical. Em 2019, s\u00e3o mais nove m\u00fasicos homenageados: Mateus Marques, Abel David Pelegrin, Wanderson C\u00e9sar Merenciano, Luis Roberto Daldegan Broglio, Isabelle Tacon de Souza, Luiz Eduardo C. Daldegan, Alan Godoy e Solange Priscila A. S. Pereira.<\/p>\n<p>A programa\u00e7\u00e3o do evento come\u00e7ou na quinta-feira (28\/11) na Pra\u00e7a Poeta M\u00e1rio Mattoso, durante a Feira do Produtor, com show dos Amigos do Samba.<\/p>\n<p>&nbsp;<\/p>\n<p><strong>ROCK SINF\u00d4NICO<\/strong><\/p>\n<p>Neste s\u00e1bado (30\/11), \u00e0s 19h30, tamb\u00e9m na pra\u00e7a Poeta Mario Mattoso, haver\u00e1 uma atra\u00e7\u00e3o especial, com o encontro in\u00e9dito da Banda Zequinha de Abreu com o grupo de rock Covil de Aluguel. As duas bandas ir\u00e3o se apresentar juntas um repert\u00f3rio de cl\u00e1ssicos do rock com arranjos especiais, escritos pelo m\u00fasico Alan Godoy, em parceria com o maestro Marcel Villa.<\/p>\n<p>&nbsp;<\/p>\n<p><strong>CONFIRA A PROGRAMA\u00c7\u00c3O<\/strong><\/p>\n<p><strong>Sexta-feira (29\/11), \u00e0s 19h30<br \/>\nAbertura<\/strong>: Som de Preto.<br \/>\n<strong>Atra\u00e7\u00f5es:<\/strong> Norminha e Amigos<br \/>\nEntrega de medalhas e homenagem especial.<br \/>\n<strong>Local:<\/strong> C\u00e2mara Municipal.<\/p>\n<p><strong>S\u00e1bado (30\/11), \u00e0s 19h30<br \/>\nAtra\u00e7\u00f5es: <\/strong>Wanderson C\u00e9sar Merenciano e convidados, e<strong><br \/>\n<\/strong>Rock In Concert &#8211; Covil de Aluguel e Banda Zequinha de Abreu.<br \/>\nEntrega de medalhas.<br \/>\n<strong>Local:<\/strong> Pra\u00e7a Poeta M\u00e1rio Mattoso (Esta\u00e7\u00e3o).<\/p>\n<p><strong>\u00a0<\/strong><\/p>\n<p>&nbsp;<\/p>\n<p>&nbsp;<\/p>\n<p>&nbsp;<\/p>\n","protected":false},"excerpt":{"rendered":"<p>Programa\u00e7\u00e3o do fim de semana acontece na C\u00e2mara Municipal e na pra\u00e7a Poeta Mario Mattoso, com apresenta\u00e7\u00f5es e entrega de<\/p>\n","protected":false},"author":1,"featured_media":2957,"comment_status":"closed","ping_status":"open","sticky":false,"template":"","format":"standard","meta":{"footnotes":""},"categories":[46],"tags":[],"class_list":["post-2952","post","type-post","status-publish","format-standard","has-post-thumbnail","hentry","category-cultura"],"_links":{"self":[{"href":"https:\/\/www.santaritadopassaquatro.sp.gov.br\/portal\/wp-json\/wp\/v2\/posts\/2952","targetHints":{"allow":["GET"]}}],"collection":[{"href":"https:\/\/www.santaritadopassaquatro.sp.gov.br\/portal\/wp-json\/wp\/v2\/posts"}],"about":[{"href":"https:\/\/www.santaritadopassaquatro.sp.gov.br\/portal\/wp-json\/wp\/v2\/types\/post"}],"author":[{"embeddable":true,"href":"https:\/\/www.santaritadopassaquatro.sp.gov.br\/portal\/wp-json\/wp\/v2\/users\/1"}],"replies":[{"embeddable":true,"href":"https:\/\/www.santaritadopassaquatro.sp.gov.br\/portal\/wp-json\/wp\/v2\/comments?post=2952"}],"version-history":[{"count":0,"href":"https:\/\/www.santaritadopassaquatro.sp.gov.br\/portal\/wp-json\/wp\/v2\/posts\/2952\/revisions"}],"wp:featuredmedia":[{"embeddable":true,"href":"https:\/\/www.santaritadopassaquatro.sp.gov.br\/portal\/wp-json\/wp\/v2\/media\/2957"}],"wp:attachment":[{"href":"https:\/\/www.santaritadopassaquatro.sp.gov.br\/portal\/wp-json\/wp\/v2\/media?parent=2952"}],"wp:term":[{"taxonomy":"category","embeddable":true,"href":"https:\/\/www.santaritadopassaquatro.sp.gov.br\/portal\/wp-json\/wp\/v2\/categories?post=2952"},{"taxonomy":"post_tag","embeddable":true,"href":"https:\/\/www.santaritadopassaquatro.sp.gov.br\/portal\/wp-json\/wp\/v2\/tags?post=2952"}],"curies":[{"name":"wp","href":"https:\/\/api.w.org\/{rel}","templated":true}]}}