{"id":2959,"date":"2019-12-04T10:28:43","date_gmt":"2019-12-04T12:28:43","guid":{"rendered":"http:\/\/www.santaritadopassaquatro.sp.gov.br\/portal\/?p=2959"},"modified":"2019-12-04T10:28:43","modified_gmt":"2019-12-04T12:28:43","slug":"resolucao-dme-n022019-de-02-de-dezembro-de-2019","status":"publish","type":"post","link":"https:\/\/www.santaritadopassaquatro.sp.gov.br\/portal\/resolucao-dme-n022019-de-02-de-dezembro-de-2019\/","title":{"rendered":"RESOLU\u00c7\u00c3O DME N\u00b002\/2019 DE 02 DE DEZEMBRO DE 2019."},"content":{"rendered":"<p><strong>Disp\u00f5e sobre o acesso de crian\u00e7as de 4 meses a 3 anos na rede municipal de ensino de Santa Rita do Passa Quatro e d\u00e1 outras provid\u00eancias.<\/strong><\/p>\n<p>&nbsp;<\/p>\n<p>&nbsp;<\/p>\n<p><strong>Art. 1\u00ba.<\/strong> Fica criada a \u201cLista \u00danica\u201d de regula\u00e7\u00e3o e informa\u00e7\u00e3o sobre demanda por acesso de crian\u00e7as de 4 meses a 3 anos na Rede Municipal de Ensino do Munic\u00edpio de Santa Rita do Passa Quatro.<\/p>\n<p>&nbsp;<\/p>\n<ul>\n<li><strong>1\u00ba.<\/strong> Al\u00e9m da regula\u00e7\u00e3o e informa\u00e7\u00e3o sobre demanda por acesso de crian\u00e7as de 4 meses a 3 anos na Rede Municipal de Ensino do Munic\u00edpio de Santa Rita do Passa Quatro, a Lista \u00danica tem por objetivo levantar os dados referentes \u00e0s demandas das creches para que o Poder P\u00fablico possa otimizar o fluxo e oferta de vagas na rede municipal de ensino e garantir a presta\u00e7\u00e3o continuada desse servi\u00e7o p\u00fablico com a total idoneidade e transpar\u00eancia no processo de solicita\u00e7\u00e3o de vaga e efetiva\u00e7\u00e3o de matr\u00edculas.<\/li>\n<\/ul>\n<p>&nbsp;<\/p>\n<p>&nbsp;<\/p>\n<p><strong>Art. 2\u00ba.<\/strong>\u00a0 A Lista \u00danica consiste:<\/p>\n<p>I \u2013 no cadastramento dos requerentes \u00e0s vagas nas creches municipais junto ao Departamento Municipal de Educa\u00e7\u00e3o;<\/p>\n<p>II \u2013 na cria\u00e7\u00e3o de um sistema central de informa\u00e7\u00f5es obtidas no cadastramento sobre as demandas por acesso \u00e0 rede municipal de ensino, garantindo respeito \u00e0 ordem de prefer\u00eancia em conformidade com a ordem cronol\u00f3gica de manifesta\u00e7\u00e3o de interesse na vaga em creche;<\/p>\n<p>III \u2013 na disponibiliza\u00e7\u00e3o, junto ao Departamento Municipal de Educa\u00e7\u00e3o, de formul\u00e1rio de cadastramento por parte do requerente, que ter\u00e1 seu nome inclu\u00eddo na lista \u00fanica referente \u00e0 demanda de vaga em creche;<\/p>\n<p>IV \u2013 na atualiza\u00e7\u00e3o mensal da lista cadastral \u00fanica de manifesta\u00e7\u00e3o de interesse de vaga nas unidades da rede municipal de ensino, a ser publicada at\u00e9 o 15\u00b0 dia, no s\u00edtio eletr\u00f4nico da Prefeitura Municipal;<\/p>\n<p>V \u2013 na ampla divulga\u00e7\u00e3o da lista cadastral \u00fanica de manifesta\u00e7\u00e3o de interesse de vaga visando respeito e absoluta observ\u00e2ncia \u00e0 ordem de prefer\u00eancia cadastral;<\/p>\n<p>VI \u2013 no gerenciamento da matr\u00edcula no sentido de garantir a perman\u00eancia do matriculado no sistema p\u00fablico de ensino;<\/p>\n<p>VII \u2013 na disponibiliza\u00e7\u00e3o dos dados do cadastramento \u00fanico para os demais \u00f3rg\u00e3os p\u00fablicos municipais, estaduais e federais para fins de elabora\u00e7\u00e3o de pol\u00edticas p\u00fablicas.<\/p>\n<p><strong>\u00a0<\/strong><\/p>\n<p><strong>Art. 3\u00ba.<\/strong> A efetiva\u00e7\u00e3o das matr\u00edculas dever\u00e1 obedecer a ordem de inscri\u00e7\u00e3o cadastral de solicita\u00e7\u00e3o de vagas.<\/p>\n<ul>\n<li><strong>1\u00ba.<\/strong> \u00a0Para fins desta Resolu\u00e7\u00e3o, considera-se ordem a coloca\u00e7\u00e3o espec\u00edfica que cada crian\u00e7a ocupa na listagem de vagas em creche na rede municipal de ensino.<\/li>\n<li><strong>2\u00ba.<\/strong> \u00a0Havendo disponibilidade de vagas, o pleiteante ser\u00e1 notificado a, no prazo improrrog\u00e1vel de 10 (dez) dias, comparecer na creche informada pelo Departamento Municipal de Educa\u00e7\u00e3o para efetivar a matr\u00edcula.<\/li>\n<li><strong>3\u00b0.<\/strong> A n\u00e3o efetiva\u00e7\u00e3o da matr\u00edcula no prazo estipulado ser\u00e1 considerada manifesta\u00e7\u00e3o de desinteresse e o nome da crian\u00e7a ser\u00e1 retirado da Lista \u00danica sem preju\u00edzo de nova inscri\u00e7\u00e3o posterior mediante atendimento de todos procedimentos previstos para esta finalidade.<\/li>\n<li><strong>4\u00b0.<\/strong> Na hip\u00f3tese da vaga disponibilizada n\u00e3o atender as necessidades do pleiteante notificado, o mesmo dever\u00e1 comparecer no Departamento Municipal de Educa\u00e7\u00e3o, no prazo de 10 (dez) dias contados da notifica\u00e7\u00e3o, e declinar por escrito da vaga ofertada, sem preju\u00edzo de sua coloca\u00e7\u00e3o na ordem de inscri\u00e7\u00e3o.<\/li>\n<li><strong>5\u00ba.<\/strong> Caso a vaga dispon\u00edvel em determinada creche n\u00e3o atenda \u00e0s necessidades do pleiteante, poder\u00e1 o candidato declinar desta, por at\u00e9 duas vezes, sem preju\u00edzo de sua coloca\u00e7\u00e3o na ordem de inscri\u00e7\u00e3o cadastral, que se manter\u00e1 inalterada at\u00e9 que a pr\u00f3xima vaga seja do seu interesse.<\/li>\n<li><strong>6\u00ba.<\/strong> Na hip\u00f3tese de tr\u00eas decl\u00ednios do interesse de vaga ofertada, o interessado ser\u00e1 exclu\u00eddo da Lista \u00danica, sem preju\u00edzo de uma nova inscri\u00e7\u00e3o posterior mediante atendimento de todo o procedimento previsto para esta finalidade.<\/li>\n<\/ul>\n<p>&nbsp;<\/p>\n<p><strong>Art. 4\u00ba.<\/strong> \u00a0No formul\u00e1rio cadastral dever\u00e1 constar campo para o preenchimento do nome, idade da crian\u00e7a e filia\u00e7\u00e3o comprovados por meio de c\u00f3pia de certid\u00e3o de nascimento, identifica\u00e7\u00e3o do local da resid\u00eancia mediante comprovante de endere\u00e7o em nome dos pais da crian\u00e7a interessada na vaga, telefones e outros dados que componham um diagn\u00f3stico do perfil socioecon\u00f4mico da fam\u00edlia do requerente \u00e0 vaga.<\/p>\n<ul>\n<li><strong> 1\u00ba.<\/strong> \u00a0O cadastramento ser\u00e1 feito no Departamento Municipal de Educa\u00e7\u00e3o durante os dias e hor\u00e1rios normais de expediente pelos pais ou respons\u00e1veis legais pela crian\u00e7a mediante preenchimento de formul\u00e1rio espec\u00edfico fornecido pelo \u00f3rg\u00e3o.<\/li>\n<li><strong> 2\u00ba.<\/strong> \u00a0Ser\u00e1 de responsabilidade do requerente \u00e0 vaga manter atualizado os dados relativos ao cadastro, bem como o meio de contato, sendo que na ocorr\u00eancia de vagas ser\u00e1 exclusivamente com base nos dados cadastrados que o Departamento Municipal de Educa\u00e7\u00e3o notificar\u00e1 o requerente.<\/li>\n<li><strong> 3\u00ba.<\/strong> \u00a0Cada crian\u00e7a poder\u00e1 ser cadastrada no sistema uma \u00fanica vez e, no caso de identifica\u00e7\u00e3o de mais de um cadastro, a inscri\u00e7\u00e3o posterior ser\u00e1 exclu\u00edda, prevalecendo a mais antiga.<\/li>\n<li><strong> 4\u00ba.<\/strong> \u00a0As informa\u00e7\u00f5es fornecidas no cadastramento s\u00e3o sigilosas e somente poder\u00e3o ser disponibilizadas aos \u00f3rg\u00e3os p\u00fablicos municipais, estaduais ou federais para obten\u00e7\u00e3o de dados para a elabora\u00e7\u00e3o de pol\u00edticas p\u00fablicas.<\/li>\n<\/ul>\n<p>&nbsp;<\/p>\n<p><strong>Art. 5\u00ba.<\/strong> \u00a0O Poder Executivo, por interm\u00e9dio do Departamento Municipal de Educa\u00e7\u00e3o, dar\u00e1 ampla publicidade ao Programa de que trata esta Resolu\u00e7\u00e3o.<\/p>\n<ul>\n<li><strong>1\u00ba.<\/strong> \u00a0A cria\u00e7\u00e3o, manuten\u00e7\u00e3o e fiscaliza\u00e7\u00e3o da rela\u00e7\u00e3o de inscri\u00e7\u00e3o cadastral de solicita\u00e7\u00e3o de vaga ser\u00e1 de responsabilidade do Departamento Municipal de Educa\u00e7\u00e3o, a quem cumprir\u00e1 mensalmente enviar a atualiza\u00e7\u00e3o da rela\u00e7\u00e3o ao setor competente de comunica\u00e7\u00e3o da Prefeitura Municipal.<\/li>\n<li><strong>2\u00ba. <\/strong>A divulga\u00e7\u00e3o da rela\u00e7\u00e3o com a ordem de inscri\u00e7\u00e3o dever\u00e1 ser ampla e realizada por meio da Rede Mundial de Computadores no s\u00edtio eletr\u00f4nico da Prefeitura Municipal, onde dever\u00e1 ser criado um local eletr\u00f4nico de f\u00e1cil identifica\u00e7\u00e3o e acesso.<\/li>\n<\/ul>\n<p>&nbsp;<\/p>\n<p><strong>Art. 6\u00ba.<\/strong> Esta Resolu\u00e7\u00e3o entra em vigor na data de sua publica\u00e7\u00e3o.<\/p>\n<p>&nbsp;<\/p>\n<p>&nbsp;<\/p>\n<p>&nbsp;<\/p>\n<p>&nbsp;<\/p>\n<p>Santa Rita do Passa Quatro, 02 de dezembro de 2019.<\/p>\n<p>&nbsp;<\/p>\n<p>&nbsp;<\/p>\n<p>&nbsp;<\/p>\n<p>&nbsp;<\/p>\n<p><strong>ROBERTA GRACIOSO BORGES CHEFER<\/strong><\/p>\n<p>Diretora do Departamento de Educa\u00e7\u00e3o<\/p>\n<p>&nbsp;<\/p>\n<p><em>Fa\u00e7a o download:<\/em>\u00a0<a href=\"http:\/\/www.santaritadopassaquatro.sp.gov.br\/portal\/wp-content\/uploads\/2019\/12\/RESOLUCAO-LISTA-UNICA-DE-CRECHE-ALTERADA.pdf\" target=\"_blank\" rel=\"noopener\">RESOLUCAO LISTA UNICA DE CRECHE ALTERADA<\/a><\/p>\n","protected":false},"excerpt":{"rendered":"<p>Disp\u00f5e sobre o acesso de crian\u00e7as de 4 meses a 3 anos na rede municipal de ensino de Santa Rita<\/p>\n","protected":false},"author":1,"featured_media":0,"comment_status":"closed","ping_status":"open","sticky":false,"template":"","format":"standard","meta":{"footnotes":""},"categories":[28],"tags":[],"class_list":["post-2959","post","type-post","status-publish","format-standard","hentry","category-educacao"],"_links":{"self":[{"href":"https:\/\/www.santaritadopassaquatro.sp.gov.br\/portal\/wp-json\/wp\/v2\/posts\/2959","targetHints":{"allow":["GET"]}}],"collection":[{"href":"https:\/\/www.santaritadopassaquatro.sp.gov.br\/portal\/wp-json\/wp\/v2\/posts"}],"about":[{"href":"https:\/\/www.santaritadopassaquatro.sp.gov.br\/portal\/wp-json\/wp\/v2\/types\/post"}],"author":[{"embeddable":true,"href":"https:\/\/www.santaritadopassaquatro.sp.gov.br\/portal\/wp-json\/wp\/v2\/users\/1"}],"replies":[{"embeddable":true,"href":"https:\/\/www.santaritadopassaquatro.sp.gov.br\/portal\/wp-json\/wp\/v2\/comments?post=2959"}],"version-history":[{"count":1,"href":"https:\/\/www.santaritadopassaquatro.sp.gov.br\/portal\/wp-json\/wp\/v2\/posts\/2959\/revisions"}],"predecessor-version":[{"id":2961,"href":"https:\/\/www.santaritadopassaquatro.sp.gov.br\/portal\/wp-json\/wp\/v2\/posts\/2959\/revisions\/2961"}],"wp:attachment":[{"href":"https:\/\/www.santaritadopassaquatro.sp.gov.br\/portal\/wp-json\/wp\/v2\/media?parent=2959"}],"wp:term":[{"taxonomy":"category","embeddable":true,"href":"https:\/\/www.santaritadopassaquatro.sp.gov.br\/portal\/wp-json\/wp\/v2\/categories?post=2959"},{"taxonomy":"post_tag","embeddable":true,"href":"https:\/\/www.santaritadopassaquatro.sp.gov.br\/portal\/wp-json\/wp\/v2\/tags?post=2959"}],"curies":[{"name":"wp","href":"https:\/\/api.w.org\/{rel}","templated":true}]}}