{"id":2977,"date":"2019-12-06T14:55:39","date_gmt":"2019-12-06T16:55:39","guid":{"rendered":"http:\/\/www.santaritadopassaquatro.sp.gov.br\/portal\/?p=2977"},"modified":"2019-12-06T15:12:37","modified_gmt":"2019-12-06T17:12:37","slug":"5o-concurso-literario-valoriza-a-cultura-e-educacao-de-santa-rita","status":"publish","type":"post","link":"https:\/\/www.santaritadopassaquatro.sp.gov.br\/portal\/5o-concurso-literario-valoriza-a-cultura-e-educacao-de-santa-rita\/","title":{"rendered":"5\u00ba Concurso Liter\u00e1rio valoriza a cultura e educa\u00e7\u00e3o de Santa Rita"},"content":{"rendered":"<p><strong><em>Competi\u00e7\u00e3o foi promovida pela empresa Bomsistema em parceira com o Departamento Municipal de Educa\u00e7\u00e3o <\/em><\/strong><\/p>\n<p>&nbsp;<\/p>\n<p><img decoding=\"async\" class=\"alignnone size-medium wp-image-2978 alignleft\" src=\"http:\/\/www.santaritadopassaquatro.sp.gov.br\/portal\/wp-content\/uploads\/2019\/12\/5o_concurso_literario-300x168.jpg\" alt=\"\" width=\"300\" height=\"168\" srcset=\"https:\/\/www.santaritadopassaquatro.sp.gov.br\/portal\/wp-content\/uploads\/2019\/12\/5o_concurso_literario-300x168.jpg 300w, https:\/\/www.santaritadopassaquatro.sp.gov.br\/portal\/wp-content\/uploads\/2019\/12\/5o_concurso_literario-768x431.jpg 768w, https:\/\/www.santaritadopassaquatro.sp.gov.br\/portal\/wp-content\/uploads\/2019\/12\/5o_concurso_literario-1024x575.jpg 1024w, https:\/\/www.santaritadopassaquatro.sp.gov.br\/portal\/wp-content\/uploads\/2019\/12\/5o_concurso_literario-800x445.jpg 800w\" sizes=\"(max-width: 300px) 100vw, 300px\" \/>Mais uma noite de festa e valoriza\u00e7\u00e3o da educa\u00e7\u00e3o e cultura santa-ritense. Assim foi o 5\u00ba Concurso Liter\u00e1rio de Santa Rita do Passa Quatro, promovido pela empresa Bomsistema &#8211; Sistemas de Pressuriza\u00e7\u00e3o de Fluidos Ind. e Com. Ltda., em parceria com o Departamento de Educa\u00e7\u00e3o, da Prefeitura Municipal.<\/p>\n<p>A premia\u00e7\u00e3o aconteceu no \u00faltimo dia 28 de novembro, quinta-feira, no Centro Cultural M\u00e1rio Covas, com a premia\u00e7\u00e3o de estudantes participantes em tr\u00eas modalidades liter\u00e1rias: Conto, Poesia e Disserta\u00e7\u00e3o Cr\u00edtica, nas duas categorias, dividindo alunos de ensino fundamental e m\u00e9dio.<\/p>\n<p>Concorreram alunos das escolas da rede p\u00fablica e particular E.E Nelson Fernandes, E.E. Prof. Ignez Giaretta Sguerra, Sesi Salom\u00e3o Esper, Etec Manoel dos Reis Araujo, EMEF do CAIC Laura Suriane Barbuio, Col\u00e9gio Objetivo Santa Rita e Cooperativa de Ensino Santa Rita.<\/p>\n<p>O Concurso Liter\u00e1rio tem como objetivo revelar talentos da literatura local e estimular jovens na cria\u00e7\u00e3o liter\u00e1ria. O julgamento dever\u00e1 seguir crit\u00e9rios da Academia Santarritense de Letras, atrav\u00e9s de comiss\u00e3o julgadora composta por membros conhecedores e experientes em literatura.<\/p>\n<p>Todos os trabalhos inscritos s\u00e3o compilados em um livro, editado e distribu\u00eddo pela empresa promotora. Para comemorar os cinco anos do concurso, o livro de 2019 tamb\u00e9m inclui as obras vencedoras nas quatro primeiras edi\u00e7\u00f5es do concurso.<\/p>\n<p>&nbsp;<\/p>\n<p><strong>CONFIRA OS GANHADORES<\/strong><\/p>\n<p><strong>Poesia<\/strong> &#8211; <strong>Categoria 1<\/strong><br \/>\n1\u00ba lugar: \u201cO Trabalho do Lavrador\u201d &#8211; Marianna Beatriz Toso Lustosa &#8211; Col\u00e9gio Objetivo.<br \/>\n2\u00ba lugar: \u201cBola\u201d &#8211;\u00a0 Kauan Canalli de Souza- Sesi Salom\u00e3o Esper.<br \/>\n3\u00ba lugar: \u201cTalento\u201d -Pedro Henrique Arimath\u00e9a Pereira &#8211; Sesi Salom\u00e3o Esper.<\/p>\n<p><strong>Poesia<\/strong> &#8211; <strong>Categoria 2<br \/>\n<\/strong>1\u00ba lugar:<strong> \u201c<\/strong>Teus\u201d &#8211; Maria Eduarda Ap. Barboza &#8211; E. E. Nelson Fernandes.<br \/>\n2\u00ba lugar:<strong> \u201c<\/strong>Escrava De Uma Lembran\u00e7a\u201d &#8211; Ana J\u00falia Vitoriano Jer\u00f4nimo &#8211; CAIC.<br \/>\n3\u00ba lugar: \u201cO Banquete De Plat\u00e3o\u201d &#8211; Ra\u00edsa Belon Bariotto &#8211; E.E. Nelson Fernandes.<\/p>\n<p><strong>Conto<\/strong> &#8211; <strong>Categoria 1<br \/>\n<\/strong>1\u00ba lugar: \u201cOs Quatro Reinos, E Seus Reis\u201d &#8211; Maria Eduarda Caetano Soares &#8211; CAIC.<br \/>\n2\u00ba lugar: \u201cEspuma De Piment\u00e3o\u201d &#8211; Caio Canalli &#8211; Sesi.<br \/>\n3\u00ba lugar: \u201cSomos Todos Sobreviventes\u201d &#8211; Helena Viotto Octaviano &#8211; Sesi.<\/p>\n<p><strong>Conto<\/strong> &#8211; <strong>Categoria 2<br \/>\n<\/strong>1\u00ba lugar: \u201cO Rapto\u201d &#8211; Thais Pedroso da Cruz Viviani \u2013 CEC<br \/>\n2\u00ba lugar: \u201cDe Quem \u00c9 A Culpa?\u201d &#8211; Ana Carolina Boaventura &#8211; Etec Manoel dos Reis Araujo.<br \/>\n3\u00ba lugar: \u201cM\u00e3e : Minha Hero\u00edna\u201d &#8211; Thiago Henrique Lopes \u2013 CAIC.<\/p>\n<p><strong>Disserta\u00e7\u00e3o<\/strong> &#8211; <strong>Categoria 1<br \/>\n<\/strong>1\u00ba lugar: \u201cUma Esperan\u00e7a Para a Amaz\u00f4nia\u201d &#8211; Ester Thomazi Zuliani \u2013 Sesi.<br \/>\n2\u00ba lugar: \u201cA Verdade\u201d &#8211; J\u00falia Comitre Leme &#8211; Sesi.<br \/>\n3\u00ba lugar: \u201cO Tr\u00e1fico No Brasil\u201d &#8211; Luis Felipe Rodrigues Serafim &#8211; Col\u00e9gio Objetivo.<\/p>\n<p><strong>Disserta\u00e7\u00e3o<\/strong> &#8211; <strong>Categoria 2<br \/>\n<\/strong>1\u00ba lugar: \u201cA Amaz\u00f4nia: Uma Quest\u00e3o de Conscientiza\u00e7\u00e3o\u201d &#8211; J\u00falia Helen de Siqueira C\u00e9sar \u2013 CAIC.<br \/>\n2\u00ba lugar: \u201cO Amor se Adaptando \u00e0 Nova Era\u201d &#8211; Maria Eduarda Providel &#8211; Etec Manoel dos Reis Araujo.<br \/>\n3\u00ba lugar: \u201cOs Malef\u00edcios do Pl\u00e1stico\u201d- Jo\u00e3o Vitor Sales Porf\u00edrio \u2013 E. E. Prof. Ignez Giaretta Sguerra.<\/p>\n<p><strong>\u00a0<\/strong><\/p>\n<p>&nbsp;<\/p>\n<p>&nbsp;<\/p>\n<p>&nbsp;<\/p>\n","protected":false},"excerpt":{"rendered":"<p>Competi\u00e7\u00e3o foi promovida pela empresa Bomsistema em parceira com o Departamento Municipal de Educa\u00e7\u00e3o &nbsp; Mais uma noite de festa<\/p>\n","protected":false},"author":1,"featured_media":2978,"comment_status":"closed","ping_status":"open","sticky":false,"template":"","format":"standard","meta":{"footnotes":""},"categories":[46,28,60],"tags":[],"class_list":["post-2977","post","type-post","status-publish","format-standard","has-post-thumbnail","hentry","category-cultura","category-educacao","category-turismo"],"_links":{"self":[{"href":"https:\/\/www.santaritadopassaquatro.sp.gov.br\/portal\/wp-json\/wp\/v2\/posts\/2977","targetHints":{"allow":["GET"]}}],"collection":[{"href":"https:\/\/www.santaritadopassaquatro.sp.gov.br\/portal\/wp-json\/wp\/v2\/posts"}],"about":[{"href":"https:\/\/www.santaritadopassaquatro.sp.gov.br\/portal\/wp-json\/wp\/v2\/types\/post"}],"author":[{"embeddable":true,"href":"https:\/\/www.santaritadopassaquatro.sp.gov.br\/portal\/wp-json\/wp\/v2\/users\/1"}],"replies":[{"embeddable":true,"href":"https:\/\/www.santaritadopassaquatro.sp.gov.br\/portal\/wp-json\/wp\/v2\/comments?post=2977"}],"version-history":[{"count":1,"href":"https:\/\/www.santaritadopassaquatro.sp.gov.br\/portal\/wp-json\/wp\/v2\/posts\/2977\/revisions"}],"predecessor-version":[{"id":2979,"href":"https:\/\/www.santaritadopassaquatro.sp.gov.br\/portal\/wp-json\/wp\/v2\/posts\/2977\/revisions\/2979"}],"wp:featuredmedia":[{"embeddable":true,"href":"https:\/\/www.santaritadopassaquatro.sp.gov.br\/portal\/wp-json\/wp\/v2\/media\/2978"}],"wp:attachment":[{"href":"https:\/\/www.santaritadopassaquatro.sp.gov.br\/portal\/wp-json\/wp\/v2\/media?parent=2977"}],"wp:term":[{"taxonomy":"category","embeddable":true,"href":"https:\/\/www.santaritadopassaquatro.sp.gov.br\/portal\/wp-json\/wp\/v2\/categories?post=2977"},{"taxonomy":"post_tag","embeddable":true,"href":"https:\/\/www.santaritadopassaquatro.sp.gov.br\/portal\/wp-json\/wp\/v2\/tags?post=2977"}],"curies":[{"name":"wp","href":"https:\/\/api.w.org\/{rel}","templated":true}]}}