{"id":2980,"date":"2019-12-06T14:59:29","date_gmt":"2019-12-06T16:59:29","guid":{"rendered":"http:\/\/www.santaritadopassaquatro.sp.gov.br\/portal\/?p=2980"},"modified":"2019-12-06T14:59:29","modified_gmt":"2019-12-06T16:59:29","slug":"7a-semana-do-musico-consagra-a-arte-e-cultura-santa-ritense","status":"publish","type":"post","link":"https:\/\/www.santaritadopassaquatro.sp.gov.br\/portal\/7a-semana-do-musico-consagra-a-arte-e-cultura-santa-ritense\/","title":{"rendered":"7\u00aa Semana do M\u00fasico consagra a arte e cultura santa-ritense"},"content":{"rendered":"<p><strong><em>A musicista Norminha foi a homenageada especial em noite solene na C\u00e2mara Municipal; pra\u00e7a Poeta Mario Mattoso recebeu apresenta\u00e7\u00f5es e mais homenagens<\/em><\/strong><\/p>\n<p><strong><em>\u00a0<\/em><\/strong><\/p>\n<figure id=\"attachment_2981\" aria-describedby=\"caption-attachment-2981\" style=\"width: 300px\" class=\"wp-caption alignleft\"><img decoding=\"async\" class=\"wp-image-2981 size-medium\" src=\"http:\/\/www.santaritadopassaquatro.sp.gov.br\/portal\/wp-content\/uploads\/2019\/12\/semana_musico_foto_1_homenageados_sexta-300x200.jpg\" alt=\"\" width=\"300\" height=\"200\" srcset=\"https:\/\/www.santaritadopassaquatro.sp.gov.br\/portal\/wp-content\/uploads\/2019\/12\/semana_musico_foto_1_homenageados_sexta-300x200.jpg 300w, https:\/\/www.santaritadopassaquatro.sp.gov.br\/portal\/wp-content\/uploads\/2019\/12\/semana_musico_foto_1_homenageados_sexta-768x512.jpg 768w, https:\/\/www.santaritadopassaquatro.sp.gov.br\/portal\/wp-content\/uploads\/2019\/12\/semana_musico_foto_1_homenageados_sexta-1024x682.jpg 1024w, https:\/\/www.santaritadopassaquatro.sp.gov.br\/portal\/wp-content\/uploads\/2019\/12\/semana_musico_foto_1_homenageados_sexta.jpg 1976w\" sizes=\"(max-width: 300px) 100vw, 300px\" \/><figcaption id=\"caption-attachment-2981\" class=\"wp-caption-text\"><span style=\"font-size: 8pt; color: #999999;\"><em><strong>Os homenageados com a medalha Octavio Bueno de Camargo, na noite de sexta-feira (AssCom\/ Divulga\u00e7\u00e3o)<\/strong><\/em><\/span><\/figcaption><\/figure>\n<p>A 7\u00aa edi\u00e7\u00e3o da Semana do M\u00fasico e Medalha Professor Octavio Bueno de Camargo, promovida pelo Departamento de Cultura e Turismo da Prefeitura Municipal de Santa Rita do Passa Quatro, mais uma vez consagrou a arte e a cultura do munic\u00edpio.<\/p>\n<figure id=\"attachment_2982\" aria-describedby=\"caption-attachment-2982\" style=\"width: 300px\" class=\"wp-caption alignright\"><img decoding=\"async\" class=\"wp-image-2982 size-medium\" src=\"http:\/\/www.santaritadopassaquatro.sp.gov.br\/portal\/wp-content\/uploads\/2019\/12\/semana_musico_foto_2_norminha_amigos-300x200.jpg\" alt=\"\" width=\"300\" height=\"200\" srcset=\"https:\/\/www.santaritadopassaquatro.sp.gov.br\/portal\/wp-content\/uploads\/2019\/12\/semana_musico_foto_2_norminha_amigos-300x200.jpg 300w, https:\/\/www.santaritadopassaquatro.sp.gov.br\/portal\/wp-content\/uploads\/2019\/12\/semana_musico_foto_2_norminha_amigos-768x512.jpg 768w, https:\/\/www.santaritadopassaquatro.sp.gov.br\/portal\/wp-content\/uploads\/2019\/12\/semana_musico_foto_2_norminha_amigos-1024x682.jpg 1024w, https:\/\/www.santaritadopassaquatro.sp.gov.br\/portal\/wp-content\/uploads\/2019\/12\/semana_musico_foto_2_norminha_amigos.jpg 1976w\" sizes=\"(max-width: 300px) 100vw, 300px\" \/><figcaption id=\"caption-attachment-2982\" class=\"wp-caption-text\"><span style=\"font-size: 8pt; color: #999999;\"><em><strong>Norminha e Amigos fizeram uma das apresenta\u00e7\u00f5es musicais em noite solene na C\u00e2mara Municipal (AssCom\/Arquivo\/Divulga\u00e7\u00e3o)<\/strong><\/em><\/span><\/figcaption><\/figure>\n<p>Al\u00e9m de apresenta\u00e7\u00f5es musicais, o evento contou com homenagens dedicadas \u00e0s pessoas que contribuem ou contribu\u00edram com a arte e a cultura local, especialmente no setor musical. Forma homenageados os m\u00fasicos Mateus Marques, Abel David Pelegrin, Wanderson C\u00e9sar Merenciano, Luis Roberto Daldegan Broglio, Isabelle Tacon de Souza, Luiz Eduardo C. Daldegan, Alan Godoy e Solange Priscila A. S. Pereira.<\/p>\n<figure id=\"attachment_2983\" aria-describedby=\"caption-attachment-2983\" style=\"width: 300px\" class=\"wp-caption alignleft\"><img decoding=\"async\" class=\"wp-image-2983 size-medium\" src=\"http:\/\/www.santaritadopassaquatro.sp.gov.br\/portal\/wp-content\/uploads\/2019\/12\/semana_musico_foto_3_norminha_familia-300x200.jpg\" alt=\"\" width=\"300\" height=\"200\" srcset=\"https:\/\/www.santaritadopassaquatro.sp.gov.br\/portal\/wp-content\/uploads\/2019\/12\/semana_musico_foto_3_norminha_familia-300x200.jpg 300w, https:\/\/www.santaritadopassaquatro.sp.gov.br\/portal\/wp-content\/uploads\/2019\/12\/semana_musico_foto_3_norminha_familia-768x512.jpg 768w, https:\/\/www.santaritadopassaquatro.sp.gov.br\/portal\/wp-content\/uploads\/2019\/12\/semana_musico_foto_3_norminha_familia-1024x682.jpg 1024w, https:\/\/www.santaritadopassaquatro.sp.gov.br\/portal\/wp-content\/uploads\/2019\/12\/semana_musico_foto_3_norminha_familia.jpg 1976w\" sizes=\"(max-width: 300px) 100vw, 300px\" \/><figcaption id=\"caption-attachment-2983\" class=\"wp-caption-text\"><span style=\"color: #999999; font-size: 8pt;\"><em><strong>A homenageada especial de 2019 com sua fam\u00edlia, ap\u00f3s a programa\u00e7\u00e3o de sexta-feira (AssCom\/ Divulga\u00e7\u00e3o)<\/strong><\/em><\/span><\/figcaption><\/figure>\n<p>A programa\u00e7\u00e3o tamb\u00e9m contou com a homenagem especial \u00e0 musicista Norma Jamus Villela, a Norminha, que al\u00e9m de sua contribui\u00e7\u00e3o como artista, tamb\u00e9m atuou na pol\u00edtica, como vereadora, sempre em defesa da cultura. Entre suas proposituras apresentadas e aprovadas na C\u00e2mara Municipal, est\u00e1 a indica\u00e7\u00e3o para cria\u00e7\u00e3o da Lei Municipal N\u00ba 2857, de 19 de novembro de 2009, que institui a Semana Musico e Medalha Professor Oct\u00e1vio Bueno de Camargo, na agenda cultural do Munic\u00edpio.<\/p>\n<p>A programa\u00e7\u00e3o do evento come\u00e7aria na quinta-feira (28\/11) na Pra\u00e7a Poeta M\u00e1rio Mattoso, durante a Feira do Produtor, com show dos Amigos do Samba, a apresenta\u00e7\u00e3o entretanto, foi cancelada em fun\u00e7\u00e3o do mau tempo. O grupo ir\u00e1 se apresentar no Natal Iluminado, no pr\u00f3ximo dia 17 de dezembro.<\/p>\n<figure id=\"attachment_2984\" aria-describedby=\"caption-attachment-2984\" style=\"width: 300px\" class=\"wp-caption alignright\"><img decoding=\"async\" class=\"wp-image-2984 size-medium\" src=\"http:\/\/www.santaritadopassaquatro.sp.gov.br\/portal\/wp-content\/uploads\/2019\/12\/semana_musico_foto_4_homenageados_sabado-300x200.jpg\" alt=\"\" width=\"300\" height=\"200\" srcset=\"https:\/\/www.santaritadopassaquatro.sp.gov.br\/portal\/wp-content\/uploads\/2019\/12\/semana_musico_foto_4_homenageados_sabado-300x200.jpg 300w, https:\/\/www.santaritadopassaquatro.sp.gov.br\/portal\/wp-content\/uploads\/2019\/12\/semana_musico_foto_4_homenageados_sabado-768x512.jpg 768w, https:\/\/www.santaritadopassaquatro.sp.gov.br\/portal\/wp-content\/uploads\/2019\/12\/semana_musico_foto_4_homenageados_sabado-1024x682.jpg 1024w, https:\/\/www.santaritadopassaquatro.sp.gov.br\/portal\/wp-content\/uploads\/2019\/12\/semana_musico_foto_4_homenageados_sabado.jpg 1976w\" sizes=\"(max-width: 300px) 100vw, 300px\" \/><figcaption id=\"caption-attachment-2984\" class=\"wp-caption-text\"><span style=\"font-size: 8pt; color: #999999;\"><em><strong>Os homenageados com a medalha Octavio Bueno de Camargo, na noite de s\u00e1bado (AssCom\/Divulga\u00e7\u00e3o)<\/strong><\/em><\/span><\/figcaption><\/figure>\n<p>Na sexta-feira (29\/11), al\u00e9m das homenagens, a C\u00e2mara Municipal tamb\u00e9m recebeu apresenta\u00e7\u00f5es do grupo Som de Preto, Coral Professor Octavio Bueno de Camargo, Norminha e Convidados, tamb\u00e9m da fam\u00edlia da homenageada especial, e do Coral do Santu\u00e1rio de Santa Rita de C\u00e1ssia.<\/p>\n<figure id=\"attachment_2985\" aria-describedby=\"caption-attachment-2985\" style=\"width: 300px\" class=\"wp-caption alignleft\"><img decoding=\"async\" class=\"wp-image-2985 size-medium\" src=\"http:\/\/www.santaritadopassaquatro.sp.gov.br\/portal\/wp-content\/uploads\/2019\/12\/semana_musico_foto_5_in_concert-300x183.jpg\" alt=\"\" width=\"300\" height=\"183\" srcset=\"https:\/\/www.santaritadopassaquatro.sp.gov.br\/portal\/wp-content\/uploads\/2019\/12\/semana_musico_foto_5_in_concert-300x183.jpg 300w, https:\/\/www.santaritadopassaquatro.sp.gov.br\/portal\/wp-content\/uploads\/2019\/12\/semana_musico_foto_5_in_concert-768x468.jpg 768w, https:\/\/www.santaritadopassaquatro.sp.gov.br\/portal\/wp-content\/uploads\/2019\/12\/semana_musico_foto_5_in_concert-1024x623.jpg 1024w\" sizes=\"(max-width: 300px) 100vw, 300px\" \/><figcaption id=\"caption-attachment-2985\" class=\"wp-caption-text\"><span style=\"font-size: 8pt; color: #999999;\"><em><strong>O encontro in\u00e9dito entre a Banda Musical Zequinha de Abreu e banda Covil de Aluguel na pra\u00e7a da Esta\u00e7\u00e3o (Beatriz Castro\/Divulga\u00e7\u00e3o)<\/strong><\/em><\/span><\/figcaption><\/figure>\n<p>O evento continuou no s\u00e1bado (30\/11), na pra\u00e7a Poeta Mario Mattoso, com apresenta\u00e7\u00f5es de Wanderson Merenciano e convidados, do grupo Entre Amigos, e uma atra\u00e7\u00e3o especial, com o encontro in\u00e9dito da Banda Zequinha de Abreu com o grupo de rock Covil de Aluguel, e a participa\u00e7\u00e3o da violinista e pianista Graziela Villela, apresentando um repert\u00f3rio de cl\u00e1ssicos do rock com arranjos especiais, escritos pelo m\u00fasico Alan Godoy, em parceria com o maestro Marcel Villa.<\/p>\n<p>&nbsp;<\/p>\n<p><strong>O EVENTO<\/strong><\/p>\n<p>A Semana do M\u00fasico e Medalha Professor Octavio Bueno de Camargo \u00e9 um evento promovido pelo Departamento de Cultura e Turismo da Prefeitura Municipal e tamb\u00e9m celebra o Dia do M\u00fasico, data comemorada anualmente no dia 22 de novembro. Desde 2013, anualmente, v\u00e1rios artistas e grupos de diversos g\u00eaneros musicais j\u00e1 se apresentaram. Desde sua cria\u00e7\u00e3o, o evento j\u00e1 homenageou com a medalha Professor Octavio Bueno de Camargo quase 40 artistas, entre vivos e falecidos.<\/p>\n<p><strong>\u00a0<\/strong><\/p>\n<p>&nbsp;<\/p>\n<p>&nbsp;<\/p>\n<p>&nbsp;<\/p>\n","protected":false},"excerpt":{"rendered":"<p>A musicista Norminha foi a homenageada especial em noite solene na C\u00e2mara Municipal; pra\u00e7a Poeta Mario Mattoso recebeu apresenta\u00e7\u00f5es e<\/p>\n","protected":false},"author":1,"featured_media":2985,"comment_status":"closed","ping_status":"open","sticky":false,"template":"","format":"standard","meta":{"footnotes":""},"categories":[46,60],"tags":[],"class_list":["post-2980","post","type-post","status-publish","format-standard","has-post-thumbnail","hentry","category-cultura","category-turismo"],"_links":{"self":[{"href":"https:\/\/www.santaritadopassaquatro.sp.gov.br\/portal\/wp-json\/wp\/v2\/posts\/2980","targetHints":{"allow":["GET"]}}],"collection":[{"href":"https:\/\/www.santaritadopassaquatro.sp.gov.br\/portal\/wp-json\/wp\/v2\/posts"}],"about":[{"href":"https:\/\/www.santaritadopassaquatro.sp.gov.br\/portal\/wp-json\/wp\/v2\/types\/post"}],"author":[{"embeddable":true,"href":"https:\/\/www.santaritadopassaquatro.sp.gov.br\/portal\/wp-json\/wp\/v2\/users\/1"}],"replies":[{"embeddable":true,"href":"https:\/\/www.santaritadopassaquatro.sp.gov.br\/portal\/wp-json\/wp\/v2\/comments?post=2980"}],"version-history":[{"count":0,"href":"https:\/\/www.santaritadopassaquatro.sp.gov.br\/portal\/wp-json\/wp\/v2\/posts\/2980\/revisions"}],"wp:featuredmedia":[{"embeddable":true,"href":"https:\/\/www.santaritadopassaquatro.sp.gov.br\/portal\/wp-json\/wp\/v2\/media\/2985"}],"wp:attachment":[{"href":"https:\/\/www.santaritadopassaquatro.sp.gov.br\/portal\/wp-json\/wp\/v2\/media?parent=2980"}],"wp:term":[{"taxonomy":"category","embeddable":true,"href":"https:\/\/www.santaritadopassaquatro.sp.gov.br\/portal\/wp-json\/wp\/v2\/categories?post=2980"},{"taxonomy":"post_tag","embeddable":true,"href":"https:\/\/www.santaritadopassaquatro.sp.gov.br\/portal\/wp-json\/wp\/v2\/tags?post=2980"}],"curies":[{"name":"wp","href":"https:\/\/api.w.org\/{rel}","templated":true}]}}