{"id":2996,"date":"2019-12-06T15:07:21","date_gmt":"2019-12-06T17:07:21","guid":{"rendered":"http:\/\/www.santaritadopassaquatro.sp.gov.br\/portal\/?p=2996"},"modified":"2019-12-06T15:07:21","modified_gmt":"2019-12-06T17:07:21","slug":"2o-mutirao-para-retirada-de-rg-acontece-a-partir-de-quinta-feira-no-mario-covas","status":"publish","type":"post","link":"https:\/\/www.santaritadopassaquatro.sp.gov.br\/portal\/2o-mutirao-para-retirada-de-rg-acontece-a-partir-de-quinta-feira-no-mario-covas\/","title":{"rendered":"2\u00ba mutir\u00e3o para retirada de RG acontece a partir de quinta-feira no Mario Covas"},"content":{"rendered":"<p><strong><em>A\u00e7\u00e3o em conjunta entre Prefeitura e IIRGD acontece a partir das 9 horas, com atendimento limitado e por ordem de chegada<\/em><\/strong><\/p>\n<p>&nbsp;<\/p>\n<figure id=\"attachment_2925\" aria-describedby=\"caption-attachment-2925\" style=\"width: 300px\" class=\"wp-caption alignleft\"><img decoding=\"async\" class=\"wp-image-2925 size-medium\" src=\"http:\/\/www.santaritadopassaquatro.sp.gov.br\/portal\/wp-content\/uploads\/2019\/11\/Mutriao-RG-300x200.jpg\" alt=\"\" width=\"300\" height=\"200\" srcset=\"https:\/\/www.santaritadopassaquatro.sp.gov.br\/portal\/wp-content\/uploads\/2019\/11\/Mutriao-RG-300x200.jpg 300w, https:\/\/www.santaritadopassaquatro.sp.gov.br\/portal\/wp-content\/uploads\/2019\/11\/Mutriao-RG-768x512.jpg 768w, https:\/\/www.santaritadopassaquatro.sp.gov.br\/portal\/wp-content\/uploads\/2019\/11\/Mutriao-RG-1024x683.jpg 1024w\" sizes=\"(max-width: 300px) 100vw, 300px\" \/><figcaption id=\"caption-attachment-2925\" class=\"wp-caption-text\"><span style=\"font-size: 8pt; color: #999999;\"><em><strong>O primeiro mutir\u00e3o para emiss\u00e3o de RG em Santa Rita superou as expectativas, com mais 360 pessoas atendidas (AssCom\/Divulga\u00e7\u00e3o)<\/strong><\/em><\/span><\/figcaption><\/figure>\n<p>A prefeitura de Santa Rita do Passa Quatro e o Instituto de Identifica\u00e7\u00e3o Ricardo Gumbleton Daunt (IIRGD), \u00f3rg\u00e3o da Pol\u00edcia Civil do Estado de S\u00e3o Paulo, promovem na pr\u00f3xima semana o 2\u00ba Mutir\u00e3o Para Emiss\u00e3o de Documentos de Identidade (RG), para moradores do munic\u00edpio.<\/p>\n<p>Na nova a\u00e7\u00e3o acontece na quinta-feira, sexta-feira e s\u00e1bado (12, 13 e 14\/11), a partir das 9h, desta vez no Centro Cultural Mario Covas, com atendimento limitado e por ordem de chegada.<\/p>\n<p>Mais uma vez o trabalho ser\u00e1 realizado pelo Setor de Identifica\u00e7\u00e3o M\u00f3vel do IIRGD e visa a miss\u00e3o do documento para menores de 18 anos (1\u00aa via) e renova\u00e7\u00e3o (2\u00aa via). Cerca de 10 policiais civis, entre papiloscopistas e auxiliares do IIRGD, far\u00e3o o atendimento.<\/p>\n<p>Para emiss\u00e3o da 1\u00aa via, o servi\u00e7o, gratuito, por\u00e9m s\u00f3 pode ser oferecido a menores de 18 anos que ainda n\u00e3o possuem o documento. Para isso ser\u00e1 necess\u00e1rio apresentar a original da Certid\u00e3o de Nascimento e uma foto 3\/4 recente, colorida, e com fundo branco. Menores de 16 anos devem estar acompanhados dos pais ou respons\u00e1vel legal (portando a guarda ou tutela). Com idade entre 16 a menores de 18, basta a apresentar a certid\u00e3o e a foto.<\/p>\n<p>Para renova\u00e7\u00e3o (2\u00aa via) ser\u00e1 necess\u00e1rio pagar uma taxa de R$ 39,80 e apresentar original ou c\u00f3pia do RG anterior, foto 3\/4 recente, colorida, com fundo branco, certid\u00e3o de nascimento ou casamento atualizada, com averba\u00e7\u00e3o em caso de viuvez ou separa\u00e7\u00e3o. Est\u00e3o isentos da taxa desempregados, mediante apresenta\u00e7\u00e3o de carteira de trabalho, idosos (mulheres com idade acima de 60 anos e homens acima dos 64 anos). Ser\u00e3o emitidos apenas a 2\u00aa via de documentos do Estado de S\u00e3o Paulo.<\/p>\n<p>A emiss\u00e3o do RG \u00e9 uma atribui\u00e7\u00e3o da Secretaria da Seguran\u00e7a P\u00fablica dentro do Estado de S\u00e3o Paulo, a emiss\u00e3o dos novos documentos \u00e9 feita por interm\u00e9dio do Instituto de Identifica\u00e7\u00e3o Ricardo Gumbleton Daunt (IIRGD).<\/p>\n<p>O primeiro mutir\u00e3o foi realizado nos dias 22 e 23 de novembro, sexta-feira e s\u00e1bado, no Departamento Municipal de Assist\u00eancia e Desenvolvimento Social, superando todas as expectativas, com 364 pessoas atendidas. Muitos s\u00e3o crian\u00e7as em idade escolar que necessitam do documento para matr\u00edcula na rede de ensino.<\/p>\n<p>A realiza\u00e7\u00e3o do segundo mutir\u00e3o foi definida em funa\u00e7\u00e3o da grande demanda apresentada no munic\u00edpio, em conjunto com delegado Domingos Antonio de Mattos, do diretor Administrativo da prefeitura, Luiz Aparecido Correia, do chefe do servi\u00e7o itinerante do IIRGD, Jorge Alvaro Gonzaga, e da auxiliar de papiloscopista Marta Ferreira Cheles da Silva, o policial civil Rodrigo Boscoli e al\u00e9m policial civil aposentado e volunt\u00e1rio Ademir Fiorelli, que est\u00e1 colaborando com a a\u00e7\u00e3o.<\/p>\n<p>&nbsp;<\/p>\n<p><strong>CONV\u00caNIO<\/strong><\/p>\n<p>Desde que o servi\u00e7o deixou de ser prestado \u00e0 popula\u00e7\u00e3o na Delegacia de Pol\u00edcia Civil, por aposentadoria de servidor, a Prefeitura est\u00e1 trabalhando para firmar um conv\u00eanio com IIRGD para que a miss\u00e3o do documento posso ocorrer com regularidade em Santa Rita. Ainda n\u00e3o h\u00e1 previs\u00e3o de data para in\u00edcio.<\/p>\n<p><strong>\u00a0<\/strong><\/p>\n<p>&nbsp;<\/p>\n<p>&nbsp;<\/p>\n<p><em>\u00a0<\/em><\/p>\n","protected":false},"excerpt":{"rendered":"<p>A\u00e7\u00e3o em conjunta entre Prefeitura e IIRGD acontece a partir das 9 horas, com atendimento limitado e por ordem de<\/p>\n","protected":false},"author":1,"featured_media":2873,"comment_status":"closed","ping_status":"open","sticky":false,"template":"","format":"standard","meta":{"footnotes":""},"categories":[43,44,52],"tags":[],"class_list":["post-2996","post","type-post","status-publish","format-standard","has-post-thumbnail","hentry","category-assistenciasocial","category-cidades","category-latest"],"_links":{"self":[{"href":"https:\/\/www.santaritadopassaquatro.sp.gov.br\/portal\/wp-json\/wp\/v2\/posts\/2996","targetHints":{"allow":["GET"]}}],"collection":[{"href":"https:\/\/www.santaritadopassaquatro.sp.gov.br\/portal\/wp-json\/wp\/v2\/posts"}],"about":[{"href":"https:\/\/www.santaritadopassaquatro.sp.gov.br\/portal\/wp-json\/wp\/v2\/types\/post"}],"author":[{"embeddable":true,"href":"https:\/\/www.santaritadopassaquatro.sp.gov.br\/portal\/wp-json\/wp\/v2\/users\/1"}],"replies":[{"embeddable":true,"href":"https:\/\/www.santaritadopassaquatro.sp.gov.br\/portal\/wp-json\/wp\/v2\/comments?post=2996"}],"version-history":[{"count":0,"href":"https:\/\/www.santaritadopassaquatro.sp.gov.br\/portal\/wp-json\/wp\/v2\/posts\/2996\/revisions"}],"wp:featuredmedia":[{"embeddable":true,"href":"https:\/\/www.santaritadopassaquatro.sp.gov.br\/portal\/wp-json\/wp\/v2\/media\/2873"}],"wp:attachment":[{"href":"https:\/\/www.santaritadopassaquatro.sp.gov.br\/portal\/wp-json\/wp\/v2\/media?parent=2996"}],"wp:term":[{"taxonomy":"category","embeddable":true,"href":"https:\/\/www.santaritadopassaquatro.sp.gov.br\/portal\/wp-json\/wp\/v2\/categories?post=2996"},{"taxonomy":"post_tag","embeddable":true,"href":"https:\/\/www.santaritadopassaquatro.sp.gov.br\/portal\/wp-json\/wp\/v2\/tags?post=2996"}],"curies":[{"name":"wp","href":"https:\/\/api.w.org\/{rel}","templated":true}]}}