{"id":3016,"date":"2019-12-13T15:06:12","date_gmt":"2019-12-13T17:06:12","guid":{"rendered":"http:\/\/www.santaritadopassaquatro.sp.gov.br\/portal\/?p=3016"},"modified":"2019-12-13T15:06:12","modified_gmt":"2019-12-13T17:06:12","slug":"confira-a-programacao-da-semana-no-natal-iluminado-2019","status":"publish","type":"post","link":"https:\/\/www.santaritadopassaquatro.sp.gov.br\/portal\/confira-a-programacao-da-semana-no-natal-iluminado-2019\/","title":{"rendered":"Confira a programa\u00e7\u00e3o da semana no Natal Iluminado 2019"},"content":{"rendered":"<p><strong><em>Com atra\u00e7\u00f5es todas as noites, evento segue at\u00e9 dia 23 de dezembro, na pra\u00e7a do Ros\u00e1rio; Papai Noel est\u00e1 percorrendo os bairros da cidade <\/em><\/strong><\/p>\n<p><strong><em>\u00a0<\/em><\/strong><\/p>\n<figure id=\"attachment_3019\" aria-describedby=\"caption-attachment-3019\" style=\"width: 300px\" class=\"wp-caption alignleft\"><img decoding=\"async\" class=\"wp-image-3019 size-medium\" src=\"http:\/\/www.santaritadopassaquatro.sp.gov.br\/portal\/wp-content\/uploads\/2019\/12\/natal-iluminado-casa-papai-noel-300x200.jpg\" alt=\"\" width=\"300\" height=\"200\" srcset=\"https:\/\/www.santaritadopassaquatro.sp.gov.br\/portal\/wp-content\/uploads\/2019\/12\/natal-iluminado-casa-papai-noel-300x200.jpg 300w, https:\/\/www.santaritadopassaquatro.sp.gov.br\/portal\/wp-content\/uploads\/2019\/12\/natal-iluminado-casa-papai-noel-768x512.jpg 768w, https:\/\/www.santaritadopassaquatro.sp.gov.br\/portal\/wp-content\/uploads\/2019\/12\/natal-iluminado-casa-papai-noel-1024x683.jpg 1024w\" sizes=\"(max-width: 300px) 100vw, 300px\" \/><figcaption id=\"caption-attachment-3019\" class=\"wp-caption-text\"><span style=\"font-size: 8pt; color: #999999;\"><em><strong>P\u00fablico na nova Casinha de Papai Noel, uma das atra\u00e7\u00f5es na Pra\u00e7a do Ros\u00e1rio (AssCom\/ Divulga\u00e7\u00e3o)<\/strong><\/em><\/span><\/figcaption><\/figure>\n<p>At\u00e9 o pr\u00f3ximo dia 23 de dezembro, o Departamento de Cultura e Turismo da Prefeitura Municipal de Santa Rita do Passa Quatro promove a edi\u00e7\u00e3o 2019 do Natal Iluminado 2019. A programa\u00e7\u00e3o come\u00e7ou no \u00faltimo dia 6 de dezembro, sexta-feira, com a chegada de Papai Noel, na pra\u00e7a do Ros\u00e1rio. Durante todas as noites, atra\u00e7\u00f5es especais se apresentam ao p\u00fablico (confira a seguir a programa\u00e7\u00e3o completa).<\/p>\n<figure id=\"attachment_3018\" aria-describedby=\"caption-attachment-3018\" style=\"width: 300px\" class=\"wp-caption alignright\"><img decoding=\"async\" class=\"wp-image-3018 size-medium\" src=\"http:\/\/www.santaritadopassaquatro.sp.gov.br\/portal\/wp-content\/uploads\/2019\/12\/natal-iluminado-banda-PM-300x200.jpg\" alt=\"\" width=\"300\" height=\"200\" srcset=\"https:\/\/www.santaritadopassaquatro.sp.gov.br\/portal\/wp-content\/uploads\/2019\/12\/natal-iluminado-banda-PM-300x200.jpg 300w, https:\/\/www.santaritadopassaquatro.sp.gov.br\/portal\/wp-content\/uploads\/2019\/12\/natal-iluminado-banda-PM-768x512.jpg 768w, https:\/\/www.santaritadopassaquatro.sp.gov.br\/portal\/wp-content\/uploads\/2019\/12\/natal-iluminado-banda-PM-1024x683.jpg 1024w\" sizes=\"(max-width: 300px) 100vw, 300px\" \/><figcaption id=\"caption-attachment-3018\" class=\"wp-caption-text\"><span style=\"font-size: 8pt; color: #999999;\"><em><strong>Banda da Pol\u00edcia Militar que se apresentou na noite de segunda-feira, uma das atra\u00e7\u00f5es do Natal Iluminado 2019 (AssCom\/Divulga\u00e7\u00e3o)<\/strong><\/em><\/span><\/figcaption><\/figure>\n<p>Evento que encerra o calend\u00e1rio do ano, o Natal Iluminado tem como objetivo promover cultura e lazer \u00e0 popula\u00e7\u00e3o, al\u00e9m de incentivar o turismo e com\u00e9rcio durante o per\u00edodo das festas.<\/p>\n<p>&nbsp;<\/p>\n<p><strong>PAPAI NOEL NOS BAIRROS<\/strong><\/p>\n<p>Al\u00e9m da sua tradicional casinha, montada na Pra\u00e7a do Ros\u00e1rio, o Papai Noel tamb\u00e9m ir\u00e1 percorrer os bairros da cidade, fazendo alegria da crian\u00e7ada. Os bairros visitados pelo Bom Velhinho ser\u00e3o: Jd. S\u00e3o Luis (13\/12), Lagoinha (14\/12), Jd. Bela Vista (15\/12), Jd. Primavera (16\/12), Jd. \u00a0Alvorada (17\/12), Jd. 22 de Maio (18\/12) e Vila Jo\u00e3o L\u00e1zaro (19\/12) e Jd. S\u00e3o Vicente (20\/12).<\/p>\n<p><strong>\u00a0<\/strong><\/p>\n<blockquote><p><strong>PROGRAMA\u00c7\u00c3O<\/strong><\/p>\n<p><strong>SEXTA-FEIRA (13\/12) &#8211; 20 horas: <\/strong>Natal no Sert\u00e3o com Ad\u00e3o Nildo e Convidados.<br \/>\n<strong>S\u00c1BADO (14\/12) &#8211; 20 horas: <\/strong>Palha\u00e7o Jeca, Coral Prof\u00ba Oct\u00e1vio Bueno Camargo e Banda Zequinha de Abreu.<br \/>\n<strong>DOMINGO (15\/12) &#8211; 20 horas: <\/strong>Banda Sintonia.<strong><br \/>\nSEGUNDA-FEIRA (16\/12) &#8211; 20 horas: <\/strong>Oficina de Som e Vozes (Lar D. Luis Caburlotto) \u00a0\u00a0 \u00a0e Anna Paula e Igor.<br \/>\n<strong>TER\u00c7A-FEIRA (17\/12) &#8211; 20 horas: <\/strong>Orquestra Sanf\u00f4nica de Pirassununga e Amigos do Samba.<br \/>\n<strong>QUARTA-FEIRA (18\/12) &#8211; 20 horas: <\/strong>Carlos Luciano e Adriano e Leticia Moura.<strong><br \/>\nQUINTA-FEIRA (19\/12) &#8211; 20 horas: <\/strong>Casa da Banda Prof\u00ba Oct\u00e1vio Bueno de Camargo Conservat\u00f3rio Zequinha de Abreu e Lauri e Cia. <strong><br \/>\nSEXTA-FEIRA (20\/12) &#8211; 20 horas: <\/strong>Banda Gorlami e\u00a0 banda Covil de Aluguel.<br \/>\n<strong>S\u00c1BADO (21\/12) &#8211; 20 horas: <\/strong>Banda Vitrola Velha.<br \/>\n<strong>DOMINGO (22\/12) &#8211; 20 horas: <\/strong>Beatriz Castro\u00a0 e Henrique Morelli Show.<br \/>\n<strong>SEGUNDA-FEIRA (23\/12) &#8211; 20 horas: <\/strong>Caravana do Jamel.<\/p>\n<p><strong>\u00a0<\/strong><\/p><\/blockquote>\n<p>&nbsp;<\/p>\n<p><em>\u00a0<\/em><\/p>\n<p>&nbsp;<\/p>\n<p>&nbsp;<\/p>\n","protected":false},"excerpt":{"rendered":"<p>Com atra\u00e7\u00f5es todas as noites, evento segue at\u00e9 dia 23 de dezembro, na pra\u00e7a do Ros\u00e1rio; Papai Noel est\u00e1 percorrendo<\/p>\n","protected":false},"author":1,"featured_media":3017,"comment_status":"closed","ping_status":"open","sticky":false,"template":"","format":"standard","meta":{"footnotes":""},"categories":[46,52,60],"tags":[],"class_list":["post-3016","post","type-post","status-publish","format-standard","has-post-thumbnail","hentry","category-cultura","category-latest","category-turismo"],"_links":{"self":[{"href":"https:\/\/www.santaritadopassaquatro.sp.gov.br\/portal\/wp-json\/wp\/v2\/posts\/3016","targetHints":{"allow":["GET"]}}],"collection":[{"href":"https:\/\/www.santaritadopassaquatro.sp.gov.br\/portal\/wp-json\/wp\/v2\/posts"}],"about":[{"href":"https:\/\/www.santaritadopassaquatro.sp.gov.br\/portal\/wp-json\/wp\/v2\/types\/post"}],"author":[{"embeddable":true,"href":"https:\/\/www.santaritadopassaquatro.sp.gov.br\/portal\/wp-json\/wp\/v2\/users\/1"}],"replies":[{"embeddable":true,"href":"https:\/\/www.santaritadopassaquatro.sp.gov.br\/portal\/wp-json\/wp\/v2\/comments?post=3016"}],"version-history":[{"count":0,"href":"https:\/\/www.santaritadopassaquatro.sp.gov.br\/portal\/wp-json\/wp\/v2\/posts\/3016\/revisions"}],"wp:featuredmedia":[{"embeddable":true,"href":"https:\/\/www.santaritadopassaquatro.sp.gov.br\/portal\/wp-json\/wp\/v2\/media\/3017"}],"wp:attachment":[{"href":"https:\/\/www.santaritadopassaquatro.sp.gov.br\/portal\/wp-json\/wp\/v2\/media?parent=3016"}],"wp:term":[{"taxonomy":"category","embeddable":true,"href":"https:\/\/www.santaritadopassaquatro.sp.gov.br\/portal\/wp-json\/wp\/v2\/categories?post=3016"},{"taxonomy":"post_tag","embeddable":true,"href":"https:\/\/www.santaritadopassaquatro.sp.gov.br\/portal\/wp-json\/wp\/v2\/tags?post=3016"}],"curies":[{"name":"wp","href":"https:\/\/api.w.org\/{rel}","templated":true}]}}