{"id":3028,"date":"2019-12-20T17:19:48","date_gmt":"2019-12-20T19:19:48","guid":{"rendered":"http:\/\/www.santaritadopassaquatro.sp.gov.br\/portal\/?p=3028"},"modified":"2019-12-20T17:19:48","modified_gmt":"2019-12-20T19:19:48","slug":"programa-de-troca-de-lampadas-continua-santa-rita-do-passa-quatro","status":"publish","type":"post","link":"https:\/\/www.santaritadopassaquatro.sp.gov.br\/portal\/programa-de-troca-de-lampadas-continua-santa-rita-do-passa-quatro\/","title":{"rendered":"Programa de troca de l\u00e2mpadas continua Santa Rita do Passa Quatro"},"content":{"rendered":"<p><strong><em>Projeto Energia Mais Eficiente, da Elektro, segue na pra\u00e7a Poeta Mario Mattoso nos dias 26, 27 e 28 de dezembro <\/em><\/strong><\/p>\n<p>&nbsp;<\/p>\n<figure id=\"attachment_3029\" aria-describedby=\"caption-attachment-3029\" style=\"width: 300px\" class=\"wp-caption alignleft\"><img decoding=\"async\" class=\"wp-image-3029 size-medium\" src=\"http:\/\/www.santaritadopassaquatro.sp.gov.br\/portal\/wp-content\/uploads\/2019\/12\/elektro_troca_lampada-300x200.jpg\" alt=\"\" width=\"300\" height=\"200\" srcset=\"https:\/\/www.santaritadopassaquatro.sp.gov.br\/portal\/wp-content\/uploads\/2019\/12\/elektro_troca_lampada-300x200.jpg 300w, https:\/\/www.santaritadopassaquatro.sp.gov.br\/portal\/wp-content\/uploads\/2019\/12\/elektro_troca_lampada-768x512.jpg 768w, https:\/\/www.santaritadopassaquatro.sp.gov.br\/portal\/wp-content\/uploads\/2019\/12\/elektro_troca_lampada-1024x683.jpg 1024w\" sizes=\"(max-width: 300px) 100vw, 300px\" \/><figcaption id=\"caption-attachment-3029\" class=\"wp-caption-text\"><span style=\"font-size: 8pt; color: #808080;\"><em><strong>Caminh\u00e3o da Elektro na pra\u00e7a Mario Mattoso, realizado a troca de l\u00e2mpadas para a popula\u00e7\u00e3o (AssCom\/Divulga\u00e7\u00e3o)\u00a0\u00a0\u00a0<\/strong><\/em><\/span>\u00a0<\/figcaption><\/figure>\n<p>O Projeto \u201cEnergia Mais Eficiente\u201d da Elektro, que contempla iniciativas de efici\u00eancia energ\u00e9tica na \u00e1rea de concess\u00e3o da distribuidora em parceria com prefeitura da cidade, est\u00e1 de volta Santa Rita do Passa Quatro.<\/p>\n<p>O programa retornou a cidade na \u00faltima quarta-feira (18\/12), desta vez com um caminh\u00e3o na Pra\u00e7a Poeta Mario Mattoso, onde est\u00e1 realizando a troca de l\u00e2mpadas incandescentes ou fluorescentes usadas por modernas l\u00e2mpadas de LEDs, mais econ\u00f4micas.<\/p>\n<p>A a\u00e7\u00e3o segue ap\u00f3s o Natal, nos dias 26, 27 e 28 de dezembro, quinta-feira, sexta-feira e s\u00e1bado, das 9h \u00e0s 18 horas. Para fazer a troca basta levar at\u00e9 cinco l\u00e2mpadas velhas, com pot\u00eancia igual ou superior a 15W, a \u00faltima conta de energia devidamente paga, e um documento do titular da conta.<\/p>\n<p>O projeto \u201cEnergia mais Eficiente\u201d j\u00e1 esteve em Santa Rita , entre os dias 2 e 6 de dezembro, com atendimento na Pra\u00e7a Poeta M\u00e1rio Mattoso, no CRAS e em Santa Cruz da Estrela. Incialmente o programa seria restrito a fam\u00edlias de baixa renda, mas a concession\u00e1ria decidiu estender a toda popula\u00e7\u00e3o.<\/p>\n<p>&nbsp;<\/p>\n<p>&nbsp;<\/p>\n","protected":false},"excerpt":{"rendered":"<p>Projeto Energia Mais Eficiente, da Elektro, segue na pra\u00e7a Poeta Mario Mattoso nos dias 26, 27 e 28 de dezembro<\/p>\n","protected":false},"author":1,"featured_media":3029,"comment_status":"closed","ping_status":"open","sticky":false,"template":"","format":"standard","meta":{"footnotes":""},"categories":[43,44,48],"tags":[],"class_list":["post-3028","post","type-post","status-publish","format-standard","has-post-thumbnail","hentry","category-assistenciasocial","category-cidades","category-featured"],"_links":{"self":[{"href":"https:\/\/www.santaritadopassaquatro.sp.gov.br\/portal\/wp-json\/wp\/v2\/posts\/3028","targetHints":{"allow":["GET"]}}],"collection":[{"href":"https:\/\/www.santaritadopassaquatro.sp.gov.br\/portal\/wp-json\/wp\/v2\/posts"}],"about":[{"href":"https:\/\/www.santaritadopassaquatro.sp.gov.br\/portal\/wp-json\/wp\/v2\/types\/post"}],"author":[{"embeddable":true,"href":"https:\/\/www.santaritadopassaquatro.sp.gov.br\/portal\/wp-json\/wp\/v2\/users\/1"}],"replies":[{"embeddable":true,"href":"https:\/\/www.santaritadopassaquatro.sp.gov.br\/portal\/wp-json\/wp\/v2\/comments?post=3028"}],"version-history":[{"count":0,"href":"https:\/\/www.santaritadopassaquatro.sp.gov.br\/portal\/wp-json\/wp\/v2\/posts\/3028\/revisions"}],"wp:featuredmedia":[{"embeddable":true,"href":"https:\/\/www.santaritadopassaquatro.sp.gov.br\/portal\/wp-json\/wp\/v2\/media\/3029"}],"wp:attachment":[{"href":"https:\/\/www.santaritadopassaquatro.sp.gov.br\/portal\/wp-json\/wp\/v2\/media?parent=3028"}],"wp:term":[{"taxonomy":"category","embeddable":true,"href":"https:\/\/www.santaritadopassaquatro.sp.gov.br\/portal\/wp-json\/wp\/v2\/categories?post=3028"},{"taxonomy":"post_tag","embeddable":true,"href":"https:\/\/www.santaritadopassaquatro.sp.gov.br\/portal\/wp-json\/wp\/v2\/tags?post=3028"}],"curies":[{"name":"wp","href":"https:\/\/api.w.org\/{rel}","templated":true}]}}