{"id":3045,"date":"2019-12-20T17:33:34","date_gmt":"2019-12-20T19:33:34","guid":{"rendered":"http:\/\/www.santaritadopassaquatro.sp.gov.br\/portal\/?p=3045"},"modified":"2019-12-20T17:33:34","modified_gmt":"2019-12-20T19:33:34","slug":"capacitacao-cursos-do-fundo-social-de-solidariedade-formam-mais-sete-turmas-em-2019","status":"publish","type":"post","link":"https:\/\/www.santaritadopassaquatro.sp.gov.br\/portal\/capacitacao-cursos-do-fundo-social-de-solidariedade-formam-mais-sete-turmas-em-2019\/","title":{"rendered":"CAPACITA\u00c7\u00c3O:\u00a0Cursos do Fundo Social de Solidariedade formam mais sete turmas em 2019"},"content":{"rendered":"<p><strong><em>Alunos receberam certificados em programa executado pela Prefeitura em parcerias com Fussesp e Senai <\/em><\/strong><\/p>\n<p>&nbsp;<\/p>\n<figure id=\"attachment_3046\" aria-describedby=\"caption-attachment-3046\" style=\"width: 300px\" class=\"wp-caption alignleft\"><img decoding=\"async\" class=\"wp-image-3046 size-medium\" src=\"http:\/\/www.santaritadopassaquatro.sp.gov.br\/portal\/wp-content\/uploads\/2019\/12\/Formandos_FSS-300x200.jpg\" alt=\"\" width=\"300\" height=\"200\" srcset=\"https:\/\/www.santaritadopassaquatro.sp.gov.br\/portal\/wp-content\/uploads\/2019\/12\/Formandos_FSS-300x200.jpg 300w, https:\/\/www.santaritadopassaquatro.sp.gov.br\/portal\/wp-content\/uploads\/2019\/12\/Formandos_FSS-768x512.jpg 768w, https:\/\/www.santaritadopassaquatro.sp.gov.br\/portal\/wp-content\/uploads\/2019\/12\/Formandos_FSS-1024x683.jpg 1024w\" sizes=\"(max-width: 300px) 100vw, 300px\" \/><figcaption id=\"caption-attachment-3046\" class=\"wp-caption-text\"><span style=\"font-size: 8pt; color: #999999;\"><em><strong>Autoridades, professores e formandos dos cursos promovidos no Centro Profissionalizante ap\u00f3s a formatura na \u00faltima ter\u00e7a-feira (Beatriz Castro\/Divulga\u00e7\u00e3o)<\/strong><\/em><\/span><\/figcaption><\/figure>\n<p>Em cerim\u00f4nia promovida na \u00faltima ter\u00e7a-feira (17\/12), o Fundo Social de Solidariedade do Munic\u00edpio de Santa Rita do Passa Quatro formou mais um grupo de profissionais, capacitados gra\u00e7as a parcerias entre Prefeitura Municipal, Fusp (Fundo Social de Solidariedade do Estado de S\u00e3o Paulo) e Senai-SP.<\/p>\n<p>O evento aconteceu no Centro Cultural Mario Covas, onde foram entregues os certificados de conclus\u00e3o para formandos dos cursos Pedreiro, Trabalhos Manuais, Maquiagem, da Escola de Beleza e Bem Estar do FUSP, Padaria Artesanal, Assistente de Cabeleireiro, Auxiliar Administrativo e Fundamentos de Log\u00edstica e Eletricista, esses \u00faltimos certificados pelo Senai-SP.<\/p>\n<p>Os cursos foram ministrados no Centro Profissionalizante Professora M\u00e1rcia de Souza Menegassi (antigo pr\u00e9dio do Sesi), Santa Cruz da Estrela, CRAS, Jardim Nova Santa Rita. \u00a0No total, 139 pessoas conclu\u00edram e receberam seus certificados.<\/p>\n<p>Estiveram presentes na cerim\u00f4nia a vice-prefeita Maria Rita Mondin de Oliveira, a presidente do Fundo Social de Solidariedade do munic\u00edpio, Sra. Vera Luciano dos Santos, a diretora do Departamento Municipal de Assist\u00eancia e Desenvolvimento Social, Iara Regina Lorencetti Crotti, a coordenadora do FSS C\u00e9lia de F\u00e1tima Casagrande Claro de Oliveira, o Gestor do Programa Bolsa Fam\u00edlia Henrique Pazine, o vereador Lucas Comin Loureiro, e o coordenador de Relacionamento com a Ind\u00fastria e representante do Senai, Luciano Aparecido Casagrande Campaner, al\u00e9m dos professores Jos\u00e9 Augusto Zorzi (eletricista). Francisco Danielato (pedreiro), Sebastiana Barbosa Otaviano (trabalhos manuais), Joana Darqui Vinhal (assistente de cabeleireiro) e Maria Lucia Torezan (padaria artesanal).<\/p>\n<p>Em seus discursos, a presidente do Fundo Social de Solidariedade, prefeito e vice-prefeita agradeceram o empenho de todos na realiza\u00e7\u00e3o dos cursos e parabenizaram os formandos pela conquista. Em seguida os formandos, uma a um, receberam seus certificados.<\/p>\n<p>Os cursos acontecem com objetivo de possibilitar o reconhecimento do trabalho e da forma\u00e7\u00e3o como direito de cidadania e desenvolver conhecimentos sobre o mundo profissional e compet\u00eancias espec\u00edficas b\u00e1sicas, al\u00e9m de contribuir para a inser\u00e7\u00e3o, reinser\u00e7\u00e3o e perman\u00eancia no mercado. Em fevereiro de 2020 iniciam as novas turmas.<\/p>\n<p>&nbsp;<\/p>\n<p>&nbsp;<\/p>\n<p>&nbsp;<\/p>\n<p>&nbsp;<\/p>\n<p>&nbsp;<\/p>\n<p>&nbsp;<\/p>\n","protected":false},"excerpt":{"rendered":"<p>Alunos receberam certificados em programa executado pela Prefeitura em parcerias com Fussesp e Senai &nbsp; Em cerim\u00f4nia promovida na \u00faltima<\/p>\n","protected":false},"author":1,"featured_media":3046,"comment_status":"closed","ping_status":"open","sticky":false,"template":"","format":"standard","meta":{"footnotes":""},"categories":[43,48,52],"tags":[],"class_list":["post-3045","post","type-post","status-publish","format-standard","has-post-thumbnail","hentry","category-assistenciasocial","category-featured","category-latest"],"_links":{"self":[{"href":"https:\/\/www.santaritadopassaquatro.sp.gov.br\/portal\/wp-json\/wp\/v2\/posts\/3045","targetHints":{"allow":["GET"]}}],"collection":[{"href":"https:\/\/www.santaritadopassaquatro.sp.gov.br\/portal\/wp-json\/wp\/v2\/posts"}],"about":[{"href":"https:\/\/www.santaritadopassaquatro.sp.gov.br\/portal\/wp-json\/wp\/v2\/types\/post"}],"author":[{"embeddable":true,"href":"https:\/\/www.santaritadopassaquatro.sp.gov.br\/portal\/wp-json\/wp\/v2\/users\/1"}],"replies":[{"embeddable":true,"href":"https:\/\/www.santaritadopassaquatro.sp.gov.br\/portal\/wp-json\/wp\/v2\/comments?post=3045"}],"version-history":[{"count":0,"href":"https:\/\/www.santaritadopassaquatro.sp.gov.br\/portal\/wp-json\/wp\/v2\/posts\/3045\/revisions"}],"wp:featuredmedia":[{"embeddable":true,"href":"https:\/\/www.santaritadopassaquatro.sp.gov.br\/portal\/wp-json\/wp\/v2\/media\/3046"}],"wp:attachment":[{"href":"https:\/\/www.santaritadopassaquatro.sp.gov.br\/portal\/wp-json\/wp\/v2\/media?parent=3045"}],"wp:term":[{"taxonomy":"category","embeddable":true,"href":"https:\/\/www.santaritadopassaquatro.sp.gov.br\/portal\/wp-json\/wp\/v2\/categories?post=3045"},{"taxonomy":"post_tag","embeddable":true,"href":"https:\/\/www.santaritadopassaquatro.sp.gov.br\/portal\/wp-json\/wp\/v2\/tags?post=3045"}],"curies":[{"name":"wp","href":"https:\/\/api.w.org\/{rel}","templated":true}]}}