{"id":3050,"date":"2019-12-20T17:40:36","date_gmt":"2019-12-20T19:40:36","guid":{"rendered":"http:\/\/www.santaritadopassaquatro.sp.gov.br\/portal\/?p=3050"},"modified":"2019-12-20T17:40:36","modified_gmt":"2019-12-20T19:40:36","slug":"natal-iluminado-2019-termina-nesta-segunda-feira-confira-a-programacao","status":"publish","type":"post","link":"https:\/\/www.santaritadopassaquatro.sp.gov.br\/portal\/natal-iluminado-2019-termina-nesta-segunda-feira-confira-a-programacao\/","title":{"rendered":"Natal Iluminado 2019 termina nesta segunda-feira; confira a programa\u00e7\u00e3o"},"content":{"rendered":"<p><strong><em>Com atra\u00e7\u00f5es todas as noites na pra\u00e7a do Ros\u00e1rio, evento come\u00e7ou no \u00faltimo dia 6 de dezembro <\/em><\/strong><\/p>\n<p><strong><em>\u00a0<\/em><\/strong><\/p>\n<figure id=\"attachment_3051\" aria-describedby=\"caption-attachment-3051\" style=\"width: 300px\" class=\"wp-caption alignleft\"><img decoding=\"async\" class=\"wp-image-3051 size-medium\" src=\"http:\/\/www.santaritadopassaquatro.sp.gov.br\/portal\/wp-content\/uploads\/2019\/12\/Natal_Iluminado_2019_foto_01_atracoes-300x200.jpg\" alt=\"\" width=\"300\" height=\"200\" srcset=\"https:\/\/www.santaritadopassaquatro.sp.gov.br\/portal\/wp-content\/uploads\/2019\/12\/Natal_Iluminado_2019_foto_01_atracoes-300x200.jpg 300w, https:\/\/www.santaritadopassaquatro.sp.gov.br\/portal\/wp-content\/uploads\/2019\/12\/Natal_Iluminado_2019_foto_01_atracoes-768x512.jpg 768w, https:\/\/www.santaritadopassaquatro.sp.gov.br\/portal\/wp-content\/uploads\/2019\/12\/Natal_Iluminado_2019_foto_01_atracoes-1024x683.jpg 1024w\" sizes=\"(max-width: 300px) 100vw, 300px\" \/><figcaption id=\"caption-attachment-3051\" class=\"wp-caption-text\"><span style=\"color: #808080;\"><em><strong>Banda da Pol\u00edcia Militar, Orquestra Sanf\u00f4nica de Pirassununga, Oficina de Som e Vozes do Lar D. Luis Caburlotto e a dupla Marcos e Adriana (Divulga\u00e7\u00e3o)<\/strong><\/em><\/span><\/figcaption><\/figure>\n<p>Depois de quase um m\u00eas de programa\u00e7\u00e3o, termina nesta segunda-feira (23\/12), o Natal Iluminado 2019. Promovido pelo Departamento de Cultura e Turismo da Prefeitura Municipal de Santa Rita do Passa Quatro, evento contou com extensa programa\u00e7\u00e3o desde o \u00faltimo dia 6 de dezembro, sexta-feira, com a chegada de Papai Noel, na pra\u00e7a do Ros\u00e1rio.<\/p>\n<figure id=\"attachment_3054\" aria-describedby=\"caption-attachment-3054\" style=\"width: 300px\" class=\"wp-caption alignright\"><img decoding=\"async\" class=\"wp-image-3054 size-medium\" src=\"http:\/\/www.santaritadopassaquatro.sp.gov.br\/portal\/wp-content\/uploads\/2019\/12\/vitrola_velha_giulia_octaviano-300x200.jpg\" alt=\"\" width=\"300\" height=\"200\" srcset=\"https:\/\/www.santaritadopassaquatro.sp.gov.br\/portal\/wp-content\/uploads\/2019\/12\/vitrola_velha_giulia_octaviano-300x200.jpg 300w, https:\/\/www.santaritadopassaquatro.sp.gov.br\/portal\/wp-content\/uploads\/2019\/12\/vitrola_velha_giulia_octaviano-768x512.jpg 768w, https:\/\/www.santaritadopassaquatro.sp.gov.br\/portal\/wp-content\/uploads\/2019\/12\/vitrola_velha_giulia_octaviano-1024x683.jpg 1024w\" sizes=\"(max-width: 300px) 100vw, 300px\" \/><figcaption id=\"caption-attachment-3054\" class=\"wp-caption-text\"><span style=\"font-size: 8pt; color: #808080;\"><em><strong>Banda da Vitrola Velha destaque da programa\u00e7\u00e3o do fim de semana no Natal Iluminado 2019 (Giulia Octaviano\/Divulga\u00e7\u00e3o)<\/strong><\/em><\/span><\/figcaption><\/figure>\n<p>Durante todas as noites, atra\u00e7\u00f5es especais, de diversos estilos, se apresentaram ao p\u00fablico. As \u00faltimas apresenta\u00e7\u00f5es, a partir desta sexta-feira (20\/12), re\u00fanem estilos variados, desde o rock at\u00e9 o sertanejo, com destaque para a banda de blues e soul Vitrola Velha, que se apresenta na noite de s\u00e1bado, e a Caravana do Jamel, com o melhor da m\u00fasica de raiz (confira a seguir a programa\u00e7\u00e3o).<\/p>\n<figure id=\"attachment_3052\" aria-describedby=\"caption-attachment-3052\" style=\"width: 300px\" class=\"wp-caption alignleft\"><img decoding=\"async\" class=\"wp-image-3052 size-medium\" src=\"http:\/\/www.santaritadopassaquatro.sp.gov.br\/portal\/wp-content\/uploads\/2019\/12\/Beatriz-Castro-Natal-Iluminado-foto-vivendo-santa-rita-300x200.jpg\" alt=\"\" width=\"300\" height=\"200\" srcset=\"https:\/\/www.santaritadopassaquatro.sp.gov.br\/portal\/wp-content\/uploads\/2019\/12\/Beatriz-Castro-Natal-Iluminado-foto-vivendo-santa-rita-300x200.jpg 300w, https:\/\/www.santaritadopassaquatro.sp.gov.br\/portal\/wp-content\/uploads\/2019\/12\/Beatriz-Castro-Natal-Iluminado-foto-vivendo-santa-rita-768x513.jpg 768w, https:\/\/www.santaritadopassaquatro.sp.gov.br\/portal\/wp-content\/uploads\/2019\/12\/Beatriz-Castro-Natal-Iluminado-foto-vivendo-santa-rita.jpg 960w\" sizes=\"(max-width: 300px) 100vw, 300px\" \/><figcaption id=\"caption-attachment-3052\" class=\"wp-caption-text\"><span style=\"font-size: 8pt; color: #999999;\"><em><strong>Beatriz Castro \u00e9 atra\u00e7\u00e3o deste domingo no Natal Iluminado 2019 (Vivendo SantaRita\/Divulga\u00e7\u00e3o)<\/strong><\/em><\/span><\/figcaption><\/figure>\n<p>Evento que encerra o calend\u00e1rio do ano, o Natal Iluminado tem como objetivo promover cultura e lazer \u00e0 popula\u00e7\u00e3o, al\u00e9m de incentivar o turismo e com\u00e9rcio durante o per\u00edodo das festas. \u00a0J\u00e1 passaram pelo palco da Pra\u00e7a do Ros\u00e1rio as atra\u00e7\u00f5es: Marcos e Adriana; grupo Doce Palavra, Caravana Est\u00e2ncia Sertaneja (Juliano Modena); Marquinho Lamas, grupo Degrad\u00ea; coral do Projeto Construindo o Amanh\u00e3 (CAIC), Banda Regimental do CPI-3 (Comando de Policiamento do Interior &#8211; Ribeir\u00e3o Preto), banda Roots; coral Cantos e Encantos (Creche R\u00f4mulo Bortolini), Kaio Luca, Leticia Arantes; Dulce Tavares, Projeto Mad\u00e1; Studio Arte &amp; Movimento, Coral Par\u00f3quia S\u00e3o Jos\u00e9 Oper\u00e1rio; Natal no Sert\u00e3o com Ad\u00e3o Nildo e convidados; Palha\u00e7o Jeca, Coral Prof\u00ba Oct\u00e1vio Bueno Camargo, Banda Zequinha de Abreu; banda Sintonia; Oficina de Som e Vozes (Lar D. Luis Caburlotto), Anna Paula e Igor; Orquestra Sanf\u00f4nica de Pirassununga, Amigos do Samba; Carlos Luciano e Adriano, Leticia Moura; Casa da Banda Prof\u00ba Oct\u00e1vio Bueno de Camargo Conservat\u00f3rio Zequinha de Abreu e Lauri e Cia.<\/p>\n<p><strong>\u00a0<\/strong><\/p>\n<p><strong>PAPAI NOEL NOS BAIRROS<\/strong><\/p>\n<p>Al\u00e9m da sua tradicional casinha, montada na Pra\u00e7a do Ros\u00e1rio, o Papai Noel tamb\u00e9m percorreu os bairros da cidade, fazendo alegria da crian\u00e7ada. Entre os dias 13 e 20\/12, o Bom Velhinho visitou os bairros Jd. S\u00e3o Luis, Lagoinha, Jd. Bela Vista, Jd. Primavera, Jd. \u00a0Alvorada, Jd. 22 de Maio e Vila Jo\u00e3o L\u00e1zaro e Jd. S\u00e3o Vicente.<\/p>\n<p><strong>\u00a0<\/strong><\/p>\n<p><strong>PROGRAMA\u00c7\u00c3O<\/strong><\/p>\n<p><strong>SEXTA-FEIRA (20\/12) &#8211; 20 horas: <\/strong>banda Gorlami e banda Covil de Aluguel.<br \/>\n<strong>S\u00c1BADO (21\/12) &#8211; 20 horas: b<\/strong>anda Vitrola Velha.<br \/>\n<strong>DOMINGO (22\/12) &#8211; 20 horas: <\/strong>Beatriz Castro\u00a0 e Henrique Morelli Show.<br \/>\n<strong>SEGUNDA-FEIRA (23\/12) &#8211; 20 horas: <\/strong>Caravana do Jamel.<\/p>\n<p><strong>\u00a0<\/strong><\/p>\n<p>&nbsp;<\/p>\n<p>&nbsp;<\/p>\n<p>&nbsp;<\/p>\n","protected":false},"excerpt":{"rendered":"<p>Com atra\u00e7\u00f5es todas as noites na pra\u00e7a do Ros\u00e1rio, evento come\u00e7ou no \u00faltimo dia 6 de dezembro \u00a0 Depois de<\/p>\n","protected":false},"author":1,"featured_media":3054,"comment_status":"closed","ping_status":"open","sticky":false,"template":"","format":"standard","meta":{"footnotes":""},"categories":[46,60],"tags":[],"class_list":["post-3050","post","type-post","status-publish","format-standard","has-post-thumbnail","hentry","category-cultura","category-turismo"],"_links":{"self":[{"href":"https:\/\/www.santaritadopassaquatro.sp.gov.br\/portal\/wp-json\/wp\/v2\/posts\/3050","targetHints":{"allow":["GET"]}}],"collection":[{"href":"https:\/\/www.santaritadopassaquatro.sp.gov.br\/portal\/wp-json\/wp\/v2\/posts"}],"about":[{"href":"https:\/\/www.santaritadopassaquatro.sp.gov.br\/portal\/wp-json\/wp\/v2\/types\/post"}],"author":[{"embeddable":true,"href":"https:\/\/www.santaritadopassaquatro.sp.gov.br\/portal\/wp-json\/wp\/v2\/users\/1"}],"replies":[{"embeddable":true,"href":"https:\/\/www.santaritadopassaquatro.sp.gov.br\/portal\/wp-json\/wp\/v2\/comments?post=3050"}],"version-history":[{"count":0,"href":"https:\/\/www.santaritadopassaquatro.sp.gov.br\/portal\/wp-json\/wp\/v2\/posts\/3050\/revisions"}],"wp:featuredmedia":[{"embeddable":true,"href":"https:\/\/www.santaritadopassaquatro.sp.gov.br\/portal\/wp-json\/wp\/v2\/media\/3054"}],"wp:attachment":[{"href":"https:\/\/www.santaritadopassaquatro.sp.gov.br\/portal\/wp-json\/wp\/v2\/media?parent=3050"}],"wp:term":[{"taxonomy":"category","embeddable":true,"href":"https:\/\/www.santaritadopassaquatro.sp.gov.br\/portal\/wp-json\/wp\/v2\/categories?post=3050"},{"taxonomy":"post_tag","embeddable":true,"href":"https:\/\/www.santaritadopassaquatro.sp.gov.br\/portal\/wp-json\/wp\/v2\/tags?post=3050"}],"curies":[{"name":"wp","href":"https:\/\/api.w.org\/{rel}","templated":true}]}}