{"id":3058,"date":"2019-12-20T17:47:34","date_gmt":"2019-12-20T19:47:34","guid":{"rendered":"http:\/\/www.santaritadopassaquatro.sp.gov.br\/portal\/?p=3058"},"modified":"2019-12-20T17:47:34","modified_gmt":"2019-12-20T19:47:34","slug":"prefeito-encerra-o-ano-com-a-conquista-de-mais-de-r-2-milhoes-em-recursos","status":"publish","type":"post","link":"https:\/\/www.santaritadopassaquatro.sp.gov.br\/portal\/prefeito-encerra-o-ano-com-a-conquista-de-mais-de-r-2-milhoes-em-recursos\/","title":{"rendered":"Prefeito encerra o ano com a conquista de mais de R$ 2 milh\u00f5es em recursos"},"content":{"rendered":"<p><strong><em>Emendas parlamentares e conv\u00eanios com o Governo do Estado ir\u00e3o garantir investimentos no turismo e infraestrutura <\/em><\/strong><\/p>\n<p>&nbsp;<\/p>\n<figure id=\"attachment_3059\" aria-describedby=\"caption-attachment-3059\" style=\"width: 300px\" class=\"wp-caption alignleft\"><img decoding=\"async\" class=\"wp-image-3059 size-medium\" src=\"http:\/\/www.santaritadopassaquatro.sp.gov.br\/portal\/wp-content\/uploads\/2019\/12\/Prefeito_SP_convenios01-300x225.jpeg\" alt=\"\" width=\"300\" height=\"225\" srcset=\"https:\/\/www.santaritadopassaquatro.sp.gov.br\/portal\/wp-content\/uploads\/2019\/12\/Prefeito_SP_convenios01-300x225.jpeg 300w, https:\/\/www.santaritadopassaquatro.sp.gov.br\/portal\/wp-content\/uploads\/2019\/12\/Prefeito_SP_convenios01-768x576.jpeg 768w, https:\/\/www.santaritadopassaquatro.sp.gov.br\/portal\/wp-content\/uploads\/2019\/12\/Prefeito_SP_convenios01.jpeg 1024w\" sizes=\"(max-width: 300px) 100vw, 300px\" \/><figcaption id=\"caption-attachment-3059\" class=\"wp-caption-text\"><span style=\"font-size: 8pt; color: #999999;\"><em><strong>Prefeitos de est\u00e2ncias paulistas durante o 2\u00ba Semin\u00e1rio de Gest\u00e3o P\u00fablica em S\u00e3o Paulo \u00a0(Divulga\u00e7\u00e3o)<\/strong><\/em><\/span><\/figcaption><\/figure>\n<p style=\"text-align: left;\">O prefeito de Santa Rita do Passa Quatro, Leandro Luciano dos Santos, assinou nas \u00faltimas semanas mais recursos para investimentos no munic\u00edpio. Oriundos de emendas parlamentares e conv\u00eanios com o Governo do Estado de S\u00e3o Paulo, os recursos somam mais de R$ 2 milh\u00f5es para os setores de turismo e infraestrutura.<\/p>\n<figure id=\"attachment_3063\" aria-describedby=\"caption-attachment-3063\" style=\"width: 300px\" class=\"wp-caption alignright\"><img decoding=\"async\" class=\"wp-image-3063 size-medium\" src=\"http:\/\/www.santaritadopassaquatro.sp.gov.br\/portal\/wp-content\/uploads\/2019\/12\/04_Prefeito_SP_convenios_assinat-300x146.jpeg\" alt=\"\" width=\"300\" height=\"146\" srcset=\"https:\/\/www.santaritadopassaquatro.sp.gov.br\/portal\/wp-content\/uploads\/2019\/12\/04_Prefeito_SP_convenios_assinat-300x146.jpeg 300w, https:\/\/www.santaritadopassaquatro.sp.gov.br\/portal\/wp-content\/uploads\/2019\/12\/04_Prefeito_SP_convenios_assinat-768x373.jpeg 768w, https:\/\/www.santaritadopassaquatro.sp.gov.br\/portal\/wp-content\/uploads\/2019\/12\/04_Prefeito_SP_convenios_assinat-1024x498.jpeg 1024w, https:\/\/www.santaritadopassaquatro.sp.gov.br\/portal\/wp-content\/uploads\/2019\/12\/04_Prefeito_SP_convenios_assinat.jpeg 1152w\" sizes=\"(max-width: 300px) 100vw, 300px\" \/><figcaption id=\"caption-attachment-3063\" class=\"wp-caption-text\"><span style=\"font-size: 8pt; color: #999999;\"><em><strong>Prefeitos com funcion\u00e1ria da Secretaria de Desenvolvimento Regional e os conv\u00eanios assinados na quarta-feira (Divulga\u00e7\u00e3o)<\/strong><\/em><\/span><\/figcaption><\/figure>\n<p>Na semana passada, forma assinados R$ 600 mil em recapeamento de ruas e outros R$ 203 mil para reforma do Vel\u00f3rio Municipal. Nesta quarta-feira (18\/12) o prefeito participou do 2\u00ba Semin\u00e1rio de Gest\u00e3o P\u00fablica, promovido pelo Governo do Estado de S\u00e3o Paulo, com a participa\u00e7\u00e3o do governador Jo\u00e3o Doria, secret\u00e1rios, prefeitos e agentes p\u00fablicos municipais de todas as regi\u00f5es do Estado.<\/p>\n<figure id=\"attachment_3062\" aria-describedby=\"caption-attachment-3062\" style=\"width: 300px\" class=\"wp-caption alignleft\"><img decoding=\"async\" class=\"wp-image-3062 size-medium\" src=\"http:\/\/www.santaritadopassaquatro.sp.gov.br\/portal\/wp-content\/uploads\/2019\/12\/03_Prefeito_SP_convenios-300x225.jpeg\" alt=\"\" width=\"300\" height=\"225\" srcset=\"https:\/\/www.santaritadopassaquatro.sp.gov.br\/portal\/wp-content\/uploads\/2019\/12\/03_Prefeito_SP_convenios-300x225.jpeg 300w, https:\/\/www.santaritadopassaquatro.sp.gov.br\/portal\/wp-content\/uploads\/2019\/12\/03_Prefeito_SP_convenios-768x576.jpeg 768w, https:\/\/www.santaritadopassaquatro.sp.gov.br\/portal\/wp-content\/uploads\/2019\/12\/03_Prefeito_SP_convenios.jpeg 1024w\" sizes=\"(max-width: 300px) 100vw, 300px\" \/><figcaption id=\"caption-attachment-3062\" class=\"wp-caption-text\"><span style=\"font-size: 8pt; color: #999999;\"><em><strong>Os prefeitos de Santa Rita e Holambra com o secret\u00e1rio de Desenvolvimento Regional em S\u00e3o Paulo (Divulga\u00e7\u00e3o)<\/strong><\/em><\/span><\/figcaption><\/figure>\n<p style=\"text-align: left;\">O evento tamb\u00e9m contou com a assinatura de conv\u00eanios para os munic\u00edpios paulistas. Para Santa Rita, o prefeito assinou R$ 900 mil, do Dadetur (Departamento de Apoio e Desenvolvimento Munic\u00edpios Tur\u00edsticos), que ser\u00e3o destinados segunda e \u00faltima etapa da revitaliza\u00e7\u00e3o do Galp\u00e3o de Eventos no Parque Tur\u00edstico Municipal (Clube de Campo). Com a secretaria de Desenvolvimento Regional, foram assinados mais de R$ 350 mil para aquisi\u00e7\u00e3o de uma p\u00e1-carregadeira, destinada manuten\u00e7\u00e3o do munic\u00edpio.<\/p>\n<figure id=\"attachment_3060\" aria-describedby=\"caption-attachment-3060\" style=\"width: 300px\" class=\"wp-caption alignright\"><img decoding=\"async\" class=\"wp-image-3060 size-medium\" src=\"http:\/\/www.santaritadopassaquatro.sp.gov.br\/portal\/wp-content\/uploads\/2019\/12\/01_Prefeito_SP_convenios_mesa-300x225.jpeg\" alt=\"\" width=\"300\" height=\"225\" srcset=\"https:\/\/www.santaritadopassaquatro.sp.gov.br\/portal\/wp-content\/uploads\/2019\/12\/01_Prefeito_SP_convenios_mesa-300x225.jpeg 300w, https:\/\/www.santaritadopassaquatro.sp.gov.br\/portal\/wp-content\/uploads\/2019\/12\/01_Prefeito_SP_convenios_mesa-768x576.jpeg 768w, https:\/\/www.santaritadopassaquatro.sp.gov.br\/portal\/wp-content\/uploads\/2019\/12\/01_Prefeito_SP_convenios_mesa.jpeg 1024w\" sizes=\"(max-width: 300px) 100vw, 300px\" \/><figcaption id=\"caption-attachment-3060\" class=\"wp-caption-text\"><span style=\"font-size: 8pt; color: #999999;\"><em><strong>Leandro com os secret\u00e1rios de Turismo e Desenvolvimento Regional em mesa plan\u00e1ria durante evento em S\u00e3o Paulo (Divulga\u00e7\u00e3o)<\/strong><\/em><\/span><\/figcaption><\/figure>\n<p>Como presidente da Aprecesp (Associa\u00e7\u00e3o das Prefeituras das Cidades Est\u00e2ncia do Estado de S\u00e3o Paulo), o prefeito santa-ritense participou de uma das mesas de trabalho, durante o evento desta quarta-feira, em S\u00e3o Paulo, ao lado do secret\u00e1rio de Turismo, Vin\u00edcius Lummertz, o do secret\u00e1rio de Desenvolvimento Regional, Marco Vinholi.<\/p>\n<p>\u201cAl\u00e9m dos investimentos, especialmente no turismo, que \u00e9 o setor que mais gera emprego e renda na atualidade, tamb\u00e9m tenho orgulho de poder participar de importantes decis\u00f5es no \u00e2mbito estadual, como presidente da Aprecesp, destacando Santa Rita no cen\u00e1rio tur\u00edstico estadual e nacional\u201d, disse o prefeito.<\/p>\n<p>&nbsp;<\/p>\n<p><em>\u00a0<\/em><\/p>\n","protected":false},"excerpt":{"rendered":"<p>Emendas parlamentares e conv\u00eanios com o Governo do Estado ir\u00e3o garantir investimentos no turismo e infraestrutura &nbsp; O prefeito de<\/p>\n","protected":false},"author":1,"featured_media":3063,"comment_status":"closed","ping_status":"open","sticky":false,"template":"","format":"standard","meta":{"footnotes":""},"categories":[44,52,60],"tags":[],"class_list":["post-3058","post","type-post","status-publish","format-standard","has-post-thumbnail","hentry","category-cidades","category-latest","category-turismo"],"_links":{"self":[{"href":"https:\/\/www.santaritadopassaquatro.sp.gov.br\/portal\/wp-json\/wp\/v2\/posts\/3058","targetHints":{"allow":["GET"]}}],"collection":[{"href":"https:\/\/www.santaritadopassaquatro.sp.gov.br\/portal\/wp-json\/wp\/v2\/posts"}],"about":[{"href":"https:\/\/www.santaritadopassaquatro.sp.gov.br\/portal\/wp-json\/wp\/v2\/types\/post"}],"author":[{"embeddable":true,"href":"https:\/\/www.santaritadopassaquatro.sp.gov.br\/portal\/wp-json\/wp\/v2\/users\/1"}],"replies":[{"embeddable":true,"href":"https:\/\/www.santaritadopassaquatro.sp.gov.br\/portal\/wp-json\/wp\/v2\/comments?post=3058"}],"version-history":[{"count":0,"href":"https:\/\/www.santaritadopassaquatro.sp.gov.br\/portal\/wp-json\/wp\/v2\/posts\/3058\/revisions"}],"wp:featuredmedia":[{"embeddable":true,"href":"https:\/\/www.santaritadopassaquatro.sp.gov.br\/portal\/wp-json\/wp\/v2\/media\/3063"}],"wp:attachment":[{"href":"https:\/\/www.santaritadopassaquatro.sp.gov.br\/portal\/wp-json\/wp\/v2\/media?parent=3058"}],"wp:term":[{"taxonomy":"category","embeddable":true,"href":"https:\/\/www.santaritadopassaquatro.sp.gov.br\/portal\/wp-json\/wp\/v2\/categories?post=3058"},{"taxonomy":"post_tag","embeddable":true,"href":"https:\/\/www.santaritadopassaquatro.sp.gov.br\/portal\/wp-json\/wp\/v2\/tags?post=3058"}],"curies":[{"name":"wp","href":"https:\/\/api.w.org\/{rel}","templated":true}]}}