{"id":3071,"date":"2019-12-27T10:13:26","date_gmt":"2019-12-27T12:13:26","guid":{"rendered":"http:\/\/www.santaritadopassaquatro.sp.gov.br\/portal\/?p=3071"},"modified":"2019-12-27T10:13:26","modified_gmt":"2019-12-27T12:13:26","slug":"cardapio-dezembro-2019","status":"publish","type":"post","link":"https:\/\/www.santaritadopassaquatro.sp.gov.br\/portal\/cardapio-dezembro-2019\/","title":{"rendered":"CARD\u00c1PIO DEZEMBRO 2019"},"content":{"rendered":"<p>(EMEI, ENSINO FUNDAMENTAL E ENSINO M\u00c9DIO)<\/p>\n<p><strong>Segunda-feira &#8211; 2 de dezembro:<br \/>\n<\/strong>Arroz de forno, feij\u00e3o e ovos de codorna.<\/p>\n<p><strong>Ter\u00e7a-feira &#8211; 3 de dezembro:<\/strong><\/p>\n<p>Arroz, feij\u00e3o e alm\u00f4ndegas ao sugo.<\/p>\n<p><strong>Quarta-feira &#8211; 4 de dezembro:<br \/>\n<\/strong>Arroz, feij\u00e3o e pernil em cubos.<\/p>\n<p><strong>Quinta-feira &#8211; 5 de dezembro:<\/strong><\/p>\n<p>Arroz, feij\u00e3o e salsicha ao sugo.<\/p>\n<p><strong>Sexta-feira &#8211; 6 de dezembro:<\/strong><\/p>\n<p>Macarr\u00e3o ao molho de atum.<\/p>\n<p><strong>\u00a0<\/strong><\/p>\n<p><strong>Segunda-feira \u2013 9 de dezembro:<br \/>\n<\/strong>Arroz, feij\u00e3o preto e farofa primavera.<\/p>\n<p><strong>Ter\u00e7a-feira \u2013 10 de dezembro:<\/strong><\/p>\n<p>Arroz, feij\u00e3o e carne mo\u00edda com tomate.<\/p>\n<p><strong>Quarta-feira \u2013 11 de dezembro:<br \/>\n<\/strong>Arroz, feij\u00e3o e frango desfiado com tomate e ervilha.<\/p>\n<p><strong>Quinta-feira \u2013 12 de dezembro:<\/strong><\/p>\n<p>Risoto de salsicha e feij\u00e3o preto.<\/p>\n<p><strong>Sexta-feira \u2013 13 de dezembro:<\/strong><\/p>\n<p>Macarr\u00e3o ao molho de lingui\u00e7a toscana.<\/p>\n<p>&nbsp;<\/p>\n<p><strong>1\u00aa semana:<\/strong> folha e fruta: ma\u00e7\u00e3 nacional.<\/p>\n<p><strong>2\u00aa semana:<\/strong> folha e fruta: pera.<\/p>\n<p>&nbsp;<\/p>\n<p><strong>Observa\u00e7\u00e3o: <\/strong><em>card\u00e1pio sujeito a altera\u00e7\u00f5es caso necess\u00e1rio\u00a0\u00a0\u00a0\u00a0\u00a0\u00a0\u00a0\u00a0\u00a0 .\u00a0\u00a0\u00a0\u00a0\u00a0\u00a0\u00a0\u00a0\u00a0\u00a0\u00a0\u00a0\u00a0\u00a0\u00a0\u00a0\u00a0\u00a0\u00a0\u00a0\u00a0\u00a0 <\/em><\/p>\n<p><strong>Nutricionista respons\u00e1vel t\u00e9cnica: <em>S\u00edlvia Regina Lorencetti (CRN 33915)<\/em>\u00a0\u00a0\u00a0\u00a0\u00a0\u00a0\u00a0\u00a0\u00a0\u00a0\u00a0\u00a0\u00a0\u00a0\u00a0\u00a0\u00a0\u00a0\u00a0\u00a0\u00a0\u00a0\u00a0\u00a0\u00a0\u00a0\u00a0\u00a0\u00a0\u00a0\u00a0\u00a0\u00a0 <\/strong><\/p>\n<p><strong>\u00a0<\/strong><\/p>\n<p>&nbsp;<\/p>\n<p>&nbsp;<\/p>\n","protected":false},"excerpt":{"rendered":"<p>(EMEI, ENSINO FUNDAMENTAL E ENSINO M\u00c9DIO) Segunda-feira &#8211; 2 de dezembro: Arroz de forno, feij\u00e3o e ovos de codorna. Ter\u00e7a-feira<\/p>\n","protected":false},"author":1,"featured_media":816,"comment_status":"closed","ping_status":"open","sticky":false,"template":"","format":"standard","meta":{"footnotes":""},"categories":[32],"tags":[],"class_list":["post-3071","post","type-post","status-publish","format-standard","has-post-thumbnail","hentry","category-merenda-escolar"],"_links":{"self":[{"href":"https:\/\/www.santaritadopassaquatro.sp.gov.br\/portal\/wp-json\/wp\/v2\/posts\/3071","targetHints":{"allow":["GET"]}}],"collection":[{"href":"https:\/\/www.santaritadopassaquatro.sp.gov.br\/portal\/wp-json\/wp\/v2\/posts"}],"about":[{"href":"https:\/\/www.santaritadopassaquatro.sp.gov.br\/portal\/wp-json\/wp\/v2\/types\/post"}],"author":[{"embeddable":true,"href":"https:\/\/www.santaritadopassaquatro.sp.gov.br\/portal\/wp-json\/wp\/v2\/users\/1"}],"replies":[{"embeddable":true,"href":"https:\/\/www.santaritadopassaquatro.sp.gov.br\/portal\/wp-json\/wp\/v2\/comments?post=3071"}],"version-history":[{"count":1,"href":"https:\/\/www.santaritadopassaquatro.sp.gov.br\/portal\/wp-json\/wp\/v2\/posts\/3071\/revisions"}],"predecessor-version":[{"id":3072,"href":"https:\/\/www.santaritadopassaquatro.sp.gov.br\/portal\/wp-json\/wp\/v2\/posts\/3071\/revisions\/3072"}],"wp:featuredmedia":[{"embeddable":true,"href":"https:\/\/www.santaritadopassaquatro.sp.gov.br\/portal\/wp-json\/wp\/v2\/media\/816"}],"wp:attachment":[{"href":"https:\/\/www.santaritadopassaquatro.sp.gov.br\/portal\/wp-json\/wp\/v2\/media?parent=3071"}],"wp:term":[{"taxonomy":"category","embeddable":true,"href":"https:\/\/www.santaritadopassaquatro.sp.gov.br\/portal\/wp-json\/wp\/v2\/categories?post=3071"},{"taxonomy":"post_tag","embeddable":true,"href":"https:\/\/www.santaritadopassaquatro.sp.gov.br\/portal\/wp-json\/wp\/v2\/tags?post=3071"}],"curies":[{"name":"wp","href":"https:\/\/api.w.org\/{rel}","templated":true}]}}