{"id":3081,"date":"2020-01-03T16:59:00","date_gmt":"2020-01-03T18:59:00","guid":{"rendered":"http:\/\/www.santaritadopassaquatro.sp.gov.br\/portal\/?p=3081"},"modified":"2020-01-03T17:37:28","modified_gmt":"2020-01-03T19:37:28","slug":"programa-ferias-em-movimento-2020-esta-com-inscricoes-abertas","status":"publish","type":"post","link":"https:\/\/www.santaritadopassaquatro.sp.gov.br\/portal\/programa-ferias-em-movimento-2020-esta-com-inscricoes-abertas\/","title":{"rendered":"Programa F\u00e9rias em Movimento 2020 est\u00e1 com inscri\u00e7\u00f5es abertas"},"content":{"rendered":"<p><strong><em>Destinada \u00e0s crian\u00e7as e adolescentes residentes nos bairros de abrang\u00eancia do CRAS, a\u00e7\u00e3o acontece de 12 a 24 de janeiro; inscri\u00e7\u00f5es seguem at\u00e9 dia o pr\u00f3ximo dia 10 <\/em><\/strong><\/p>\n<p><strong><em>\u00a0<\/em><\/strong><\/p>\n<p><img decoding=\"async\" class=\"alignnone wp-image-3084 alignleft\" src=\"http:\/\/www.santaritadopassaquatro.sp.gov.br\/portal\/wp-content\/uploads\/2020\/01\/ferias_movimento_2020_cartaz-1-212x300.jpg\" alt=\"\" width=\"288\" height=\"408\" srcset=\"https:\/\/www.santaritadopassaquatro.sp.gov.br\/portal\/wp-content\/uploads\/2020\/01\/ferias_movimento_2020_cartaz-1-212x300.jpg 212w, https:\/\/www.santaritadopassaquatro.sp.gov.br\/portal\/wp-content\/uploads\/2020\/01\/ferias_movimento_2020_cartaz-1-768x1085.jpg 768w, https:\/\/www.santaritadopassaquatro.sp.gov.br\/portal\/wp-content\/uploads\/2020\/01\/ferias_movimento_2020_cartaz-1-725x1024.jpg 725w, https:\/\/www.santaritadopassaquatro.sp.gov.br\/portal\/wp-content\/uploads\/2020\/01\/ferias_movimento_2020_cartaz-1.jpg 1242w\" sizes=\"(max-width: 288px) 100vw, 288px\" \/>O Departamento Municipal de Assist\u00eancia Social, da Prefeitura de Santa Rita do Passa Quatro, est\u00e1 com inscri\u00e7\u00f5es abertas para o projeto F\u00e9rias em Movimento 2020. O programa \u00e9 destinado a crian\u00e7as e adolescentes, com idades de 5 a 14 anos, residentes nos bairros de abrang\u00eancia do CRAS: Jardim Boa Vista I, II e III, Jardim S\u00e3o Luiz, Jardim Santa Maria, Jardim Flamboyant e Jardim Alvorada.<\/p>\n<p>As inscri\u00e7\u00f5es devem ser feitas at\u00e9 o pr\u00f3ximo dia 10 de janeiro, sexta-feira, no CRAS (Centro de Refer\u00eancia da Assist\u00eancia Social). Para a inscri\u00e7\u00e3o s\u00e3o necess\u00e1rios c\u00f3pia de do RG ou Certid\u00e3o de Nascimento da crian\u00e7a e um comprovante de endere\u00e7o.<\/p>\n<p>O Programa F\u00e9rias em Movimento acontece de 13 a 24 de janeiro, de segunda a sexta-feira, das 13h \u00e0s 17 horas, na Par\u00f3quia S\u00e3o Jos\u00e9 Oper\u00e1rio, Centro de Social e de Eventos do Orat\u00f3rio Canossiano Padre Man\u00e9, oferecendo atividades de lazer, esportivas, l\u00fadicas, al\u00e9m de passeios e palestras.<\/p>\n<p>Para a realiza\u00e7\u00e3o do programa, o Departamento de Assist\u00eancia Social com apoio e parcerias do Departamento Municipal de Esportes, Lazer, Cultura e Turismo, Departamento Municipal de Educa\u00e7\u00e3o, Pol\u00edcia Militar, Proerd (Programa Educacional de Resist\u00eancia \u00e0s Drogas), S\u00edtio Santa \u00c2ngela, Abevec (Associa\u00e7\u00e3o Beneficente e Educacional Vida em Cristo), Associa\u00e7\u00e3o Nota 10, Orat\u00f3rio Canossiano Padre Man\u00e9 e Lar Dom Lu\u00eds Caburlotto (Instituto das Filhas de S\u00e3o Jos\u00e9).<\/p>\n<p>O objetivo do F\u00e9rias em Movimento \u00e9 de promover a conviv\u00eancia, forma\u00e7\u00e3o para a participa\u00e7\u00e3o e cidadania, visando sempre o desenvolvimento de crian\u00e7as e adolescentes, preenchendo o tempo livre das f\u00e9rias, com atividades de intera\u00e7\u00e3o, aprendizagem, sociabilidade e prote\u00e7\u00e3o social.<\/p>\n<p>&nbsp;<\/p>\n<p>&nbsp;<\/p>\n<p>&nbsp;<\/p>\n","protected":false},"excerpt":{"rendered":"<p>Destinada \u00e0s crian\u00e7as e adolescentes residentes nos bairros de abrang\u00eancia do CRAS, a\u00e7\u00e3o acontece de 12 a 24 de janeiro;<\/p>\n","protected":false},"author":1,"featured_media":3082,"comment_status":"closed","ping_status":"open","sticky":false,"template":"","format":"standard","meta":{"footnotes":""},"categories":[43,46,28,51,52],"tags":[],"class_list":["post-3081","post","type-post","status-publish","format-standard","has-post-thumbnail","hentry","category-assistenciasocial","category-cultura","category-educacao","category-sports","category-latest"],"_links":{"self":[{"href":"https:\/\/www.santaritadopassaquatro.sp.gov.br\/portal\/wp-json\/wp\/v2\/posts\/3081","targetHints":{"allow":["GET"]}}],"collection":[{"href":"https:\/\/www.santaritadopassaquatro.sp.gov.br\/portal\/wp-json\/wp\/v2\/posts"}],"about":[{"href":"https:\/\/www.santaritadopassaquatro.sp.gov.br\/portal\/wp-json\/wp\/v2\/types\/post"}],"author":[{"embeddable":true,"href":"https:\/\/www.santaritadopassaquatro.sp.gov.br\/portal\/wp-json\/wp\/v2\/users\/1"}],"replies":[{"embeddable":true,"href":"https:\/\/www.santaritadopassaquatro.sp.gov.br\/portal\/wp-json\/wp\/v2\/comments?post=3081"}],"version-history":[{"count":1,"href":"https:\/\/www.santaritadopassaquatro.sp.gov.br\/portal\/wp-json\/wp\/v2\/posts\/3081\/revisions"}],"predecessor-version":[{"id":3085,"href":"https:\/\/www.santaritadopassaquatro.sp.gov.br\/portal\/wp-json\/wp\/v2\/posts\/3081\/revisions\/3085"}],"wp:featuredmedia":[{"embeddable":true,"href":"https:\/\/www.santaritadopassaquatro.sp.gov.br\/portal\/wp-json\/wp\/v2\/media\/3082"}],"wp:attachment":[{"href":"https:\/\/www.santaritadopassaquatro.sp.gov.br\/portal\/wp-json\/wp\/v2\/media?parent=3081"}],"wp:term":[{"taxonomy":"category","embeddable":true,"href":"https:\/\/www.santaritadopassaquatro.sp.gov.br\/portal\/wp-json\/wp\/v2\/categories?post=3081"},{"taxonomy":"post_tag","embeddable":true,"href":"https:\/\/www.santaritadopassaquatro.sp.gov.br\/portal\/wp-json\/wp\/v2\/tags?post=3081"}],"curies":[{"name":"wp","href":"https:\/\/api.w.org\/{rel}","templated":true}]}}