{"id":3086,"date":"2020-01-03T17:34:11","date_gmt":"2020-01-03T19:34:11","guid":{"rendered":"http:\/\/www.santaritadopassaquatro.sp.gov.br\/portal\/?p=3086"},"modified":"2020-01-03T17:39:08","modified_gmt":"2020-01-03T19:39:08","slug":"membros-do-conselho-tutelar-tomaram-posse-na-proxima-sexta-feira","status":"publish","type":"post","link":"https:\/\/www.santaritadopassaquatro.sp.gov.br\/portal\/membros-do-conselho-tutelar-tomaram-posse-na-proxima-sexta-feira\/","title":{"rendered":"Membros do Conselho Tutelar tomam posse na pr\u00f3xima sexta-feira"},"content":{"rendered":"<p><strong><em>Cerim\u00f4nia tamb\u00e9m de diploma\u00e7\u00e3o acontece na sede da C\u00e2mara Municipal a partir das 19 horas<\/em><\/strong><\/p>\n<p>&nbsp;<\/p>\n<p><img decoding=\"async\" class=\"alignnone size-medium wp-image-3087 alignleft\" src=\"http:\/\/www.santaritadopassaquatro.sp.gov.br\/portal\/wp-content\/uploads\/2020\/01\/Convite-Posse-300x225.jpg\" alt=\"\" width=\"300\" height=\"225\" srcset=\"https:\/\/www.santaritadopassaquatro.sp.gov.br\/portal\/wp-content\/uploads\/2020\/01\/Convite-Posse-300x225.jpg 300w, https:\/\/www.santaritadopassaquatro.sp.gov.br\/portal\/wp-content\/uploads\/2020\/01\/Convite-Posse-768x576.jpg 768w, https:\/\/www.santaritadopassaquatro.sp.gov.br\/portal\/wp-content\/uploads\/2020\/01\/Convite-Posse.jpg 960w\" sizes=\"(max-width: 300px) 100vw, 300px\" \/>Acontece na pr\u00f3xima sexta-feira, 10 de janeiro, a solenidade de diploma\u00e7\u00e3o e posse dos novos membros eleitos para Conselho Tutelar de Santa Rita do Passa Quatro, para o quadri\u00eanio 2020\/2023.<\/p>\n<p>Promovida pelo CMDCA (Conselho Municipal dos Direitos da Crian\u00e7a e do Adolescente), a solenidade acontece na sede da C\u00e2mara Municipal (Rua Emigdio Mazini, 114), a partir das 19 horas.<\/p>\n<p>A elei\u00e7\u00e3o para a escolha dos membros do Conselho Tutelar aconteceu no \u00faltimo dia 6 de outubro de 2019, na EMEF Madre Carmelita, com 2353 votos v\u00e1lidos, mais do que o dobro dos 1037, da elei\u00e7\u00e3o anterior, realizada em 2016. Em o processo foi presidido pelo CMDCA e fiscalizado pelo Minist\u00e9rio P\u00fablico do Estado. Antes das elei\u00e7\u00f5es, os candidatos tamb\u00e9m foram submetidos a um exame de conhecimento espec\u00edfico (prova escrita) e avalia\u00e7\u00e3o psicol\u00f3gica.<\/p>\n<p>Ser\u00e3o diplomados e empossados os conselheiros eleitos: Elaine Carolina Thomazi Zuliani (189 votos), Miriam Cristina de Carvalho Pereira (reeleita \u2013 149 votos), Leide da Penha Lencione Lopes Silva (148 votos), Denise Aparecida Delgado Carniato (124 votos) e Carlos Alberto dos Santos (115 votos), al\u00e9m dos suplentes: Samanta Carli Tozetti Altarejo, Elisete de Cassia Mion Gobbi da Silva, Juliana Mariotti Pigatto, Teresa Cristina Bariotto Ramos Burian e Rossivane Gon\u00e7alves Scordamaia.<\/p>\n<p>&nbsp;<\/p>\n<p>&nbsp;<\/p>\n<p>&nbsp;<\/p>\n<p style=\"text-align: left;\">\n","protected":false},"excerpt":{"rendered":"<p>Cerim\u00f4nia tamb\u00e9m de diploma\u00e7\u00e3o acontece na sede da C\u00e2mara Municipal a partir das 19 horas &nbsp; Acontece na pr\u00f3xima sexta-feira,<\/p>\n","protected":false},"author":1,"featured_media":3087,"comment_status":"closed","ping_status":"open","sticky":false,"template":"","format":"standard","meta":{"footnotes":""},"categories":[44,37],"tags":[],"class_list":["post-3086","post","type-post","status-publish","format-standard","has-post-thumbnail","hentry","category-cidades","category-conselhos-municipais"],"_links":{"self":[{"href":"https:\/\/www.santaritadopassaquatro.sp.gov.br\/portal\/wp-json\/wp\/v2\/posts\/3086","targetHints":{"allow":["GET"]}}],"collection":[{"href":"https:\/\/www.santaritadopassaquatro.sp.gov.br\/portal\/wp-json\/wp\/v2\/posts"}],"about":[{"href":"https:\/\/www.santaritadopassaquatro.sp.gov.br\/portal\/wp-json\/wp\/v2\/types\/post"}],"author":[{"embeddable":true,"href":"https:\/\/www.santaritadopassaquatro.sp.gov.br\/portal\/wp-json\/wp\/v2\/users\/1"}],"replies":[{"embeddable":true,"href":"https:\/\/www.santaritadopassaquatro.sp.gov.br\/portal\/wp-json\/wp\/v2\/comments?post=3086"}],"version-history":[{"count":2,"href":"https:\/\/www.santaritadopassaquatro.sp.gov.br\/portal\/wp-json\/wp\/v2\/posts\/3086\/revisions"}],"predecessor-version":[{"id":3089,"href":"https:\/\/www.santaritadopassaquatro.sp.gov.br\/portal\/wp-json\/wp\/v2\/posts\/3086\/revisions\/3089"}],"wp:featuredmedia":[{"embeddable":true,"href":"https:\/\/www.santaritadopassaquatro.sp.gov.br\/portal\/wp-json\/wp\/v2\/media\/3087"}],"wp:attachment":[{"href":"https:\/\/www.santaritadopassaquatro.sp.gov.br\/portal\/wp-json\/wp\/v2\/media?parent=3086"}],"wp:term":[{"taxonomy":"category","embeddable":true,"href":"https:\/\/www.santaritadopassaquatro.sp.gov.br\/portal\/wp-json\/wp\/v2\/categories?post=3086"},{"taxonomy":"post_tag","embeddable":true,"href":"https:\/\/www.santaritadopassaquatro.sp.gov.br\/portal\/wp-json\/wp\/v2\/tags?post=3086"}],"curies":[{"name":"wp","href":"https:\/\/api.w.org\/{rel}","templated":true}]}}