{"id":3096,"date":"2020-01-10T15:19:25","date_gmt":"2020-01-10T17:19:25","guid":{"rendered":"http:\/\/www.santaritadopassaquatro.sp.gov.br\/portal\/?p=3096"},"modified":"2020-01-10T15:19:25","modified_gmt":"2020-01-10T17:19:25","slug":"domingo-tem-mais-uma-programa-estancia-sertaneja-no-pavilhao-cultural","status":"publish","type":"post","link":"https:\/\/www.santaritadopassaquatro.sp.gov.br\/portal\/domingo-tem-mais-uma-programa-estancia-sertaneja-no-pavilhao-cultural\/","title":{"rendered":"Domingo tem mais uma Programa Est\u00e2ncia Sertaneja no Pavilh\u00e3o Cultural"},"content":{"rendered":"<p><strong><em>Com entrada gratuita e <\/em><\/strong><strong><em>apoio do Departamento de Cultura e Turismo, evento re\u00fane atra\u00e7\u00f5es da m\u00fasica de raiz <\/em><\/strong><strong><em>a partir das 10 horas, <\/em><\/strong><\/p>\n<p>&nbsp;<\/p>\n<figure id=\"attachment_3097\" aria-describedby=\"caption-attachment-3097\" style=\"width: 365px\" class=\"wp-caption alignleft\"><img decoding=\"async\" class=\"wp-image-3097 \" src=\"http:\/\/www.santaritadopassaquatro.sp.gov.br\/portal\/wp-content\/uploads\/2020\/01\/estancia_sertaneja_foto2-300x200.jpg\" alt=\"\" width=\"365\" height=\"243\" srcset=\"https:\/\/www.santaritadopassaquatro.sp.gov.br\/portal\/wp-content\/uploads\/2020\/01\/estancia_sertaneja_foto2-300x200.jpg 300w, https:\/\/www.santaritadopassaquatro.sp.gov.br\/portal\/wp-content\/uploads\/2020\/01\/estancia_sertaneja_foto2-768x512.jpg 768w, https:\/\/www.santaritadopassaquatro.sp.gov.br\/portal\/wp-content\/uploads\/2020\/01\/estancia_sertaneja_foto2-1024x683.jpg 1024w\" sizes=\"(max-width: 365px) 100vw, 365px\" \/><figcaption id=\"caption-attachment-3097\" class=\"wp-caption-text\"><span style=\"font-size: 8pt; color: #999999;\"><em><strong>Juliano Modena, os Irm\u00e3os Ouro Verde, prefeito, vice-prefeita e equipe do Departamento de Cultura, durante o primeiro Est\u00e2ncia Sertaneja, em novembro\u00a0 (Arquivo\/AssCom\/Divulga\u00e7\u00e3o)<\/strong><\/em><\/span><\/figcaption><\/figure>\n<p>A aut\u00eantica m\u00fasica sertaneja de raiz estar\u00e1 de volta, neste domingo (13\/1), a partir das 10 horas, no Pavilh\u00e3o Cultural Municipal de Santa Rita do Passa Quatro, com mais uma edi\u00e7\u00e3o do Programa Est\u00e2ncia Sertaneja. O evento \u00e9 gratuito e ir\u00e1 contar com mais cinco atra\u00e7\u00f5es da m\u00fasica de raiz.<\/p>\n<p>Com objetivo de valorizar a cultura caipira e divulgar duplas da cidade e regi\u00e3o, o Programa Est\u00e2ncia Sertaneja nesta edi\u00e7\u00e3o ter\u00e1 shows com as duplas Angeluci &amp; Angelito, Neuza &amp; Canhoto, Brunelinho &amp; Everton e Nelo &amp; Djalma, o cantor Marquinhos Lamas, al\u00e9m da participa\u00e7\u00e3o especial do poeta, compositor e radialista Ad\u00e3o Nildo.<\/p>\n<p>A realiza\u00e7\u00e3o e apresenta\u00e7\u00e3o \u00e9 de Juliano Modena, com apoio do Departamento de Turismo e Cultura, da Prefeitura Municipal. O Pavilh\u00e3o Cultural fica na Pra\u00e7a Poeta M\u00e1rio Mattoso (Esta\u00e7\u00e3o).<\/p>\n<p>Esta \u00e9 a segunda edi\u00e7\u00e3o do evento em Santa Rita. A primeira aconteceu em novembro de 2019 e contou com as atra\u00e7\u00f5es: Irm\u00e3os Ouro Verde, Luciano Violeiro &amp; Juliano Damas e Silvio &amp; Spoliaric, Henrique Ara\u00fajo, o trio Pedro Carreiro, Salles Viola e Jean Henrique, al\u00e9m da participa\u00e7\u00e3o do do ator Reinaldo Facchini, interpretando o palha\u00e7o Jeca. O prefeito Leandro Luciano dos Santos e a vice-prefeita Maria Rita Mondin de Oliveira estiveram presentes o foram prestigiar a programa\u00e7\u00e3o. Ambos reiteraram o apoio do Governo Municipal a iniciativa que valoriza a nossa arte e nossa cultura.<\/p>\n<p>&nbsp;<\/p>\n<p>&nbsp;<\/p>\n<p><strong>SERVI\u00c7O<br \/>\nPROGRAMA EST\u00c2NCIA SERTANEJA<br \/>\nDATA: <\/strong>Domingo (13\/01\/2020).<br \/>\n<strong>LOCAL: <\/strong>Pavilh\u00e3o Cultural Dr. Eduardo Lousada Rocha (Pra\u00e7a Poeta M\u00e1rio Mattoso).<br \/>\n<strong>ENTRADA GRATUITA<\/strong><\/p>\n<p><strong><\/p>\n<p><\/strong><\/p>\n<p>&nbsp;<\/p>\n<p><strong>\u00a0<\/strong><\/p>\n<p><strong>\u00a0<\/strong><\/p>\n<p>&nbsp;<\/p>\n<p>&nbsp;<\/p>\n","protected":false},"excerpt":{"rendered":"<p>Com entrada gratuita e apoio do Departamento de Cultura e Turismo, evento re\u00fane atra\u00e7\u00f5es da m\u00fasica de raiz a partir<\/p>\n","protected":false},"author":1,"featured_media":3097,"comment_status":"closed","ping_status":"open","sticky":false,"template":"","format":"standard","meta":{"footnotes":""},"categories":[46,52,60],"tags":[],"class_list":["post-3096","post","type-post","status-publish","format-standard","has-post-thumbnail","hentry","category-cultura","category-latest","category-turismo"],"_links":{"self":[{"href":"https:\/\/www.santaritadopassaquatro.sp.gov.br\/portal\/wp-json\/wp\/v2\/posts\/3096","targetHints":{"allow":["GET"]}}],"collection":[{"href":"https:\/\/www.santaritadopassaquatro.sp.gov.br\/portal\/wp-json\/wp\/v2\/posts"}],"about":[{"href":"https:\/\/www.santaritadopassaquatro.sp.gov.br\/portal\/wp-json\/wp\/v2\/types\/post"}],"author":[{"embeddable":true,"href":"https:\/\/www.santaritadopassaquatro.sp.gov.br\/portal\/wp-json\/wp\/v2\/users\/1"}],"replies":[{"embeddable":true,"href":"https:\/\/www.santaritadopassaquatro.sp.gov.br\/portal\/wp-json\/wp\/v2\/comments?post=3096"}],"version-history":[{"count":0,"href":"https:\/\/www.santaritadopassaquatro.sp.gov.br\/portal\/wp-json\/wp\/v2\/posts\/3096\/revisions"}],"wp:featuredmedia":[{"embeddable":true,"href":"https:\/\/www.santaritadopassaquatro.sp.gov.br\/portal\/wp-json\/wp\/v2\/media\/3097"}],"wp:attachment":[{"href":"https:\/\/www.santaritadopassaquatro.sp.gov.br\/portal\/wp-json\/wp\/v2\/media?parent=3096"}],"wp:term":[{"taxonomy":"category","embeddable":true,"href":"https:\/\/www.santaritadopassaquatro.sp.gov.br\/portal\/wp-json\/wp\/v2\/categories?post=3096"},{"taxonomy":"post_tag","embeddable":true,"href":"https:\/\/www.santaritadopassaquatro.sp.gov.br\/portal\/wp-json\/wp\/v2\/tags?post=3096"}],"curies":[{"name":"wp","href":"https:\/\/api.w.org\/{rel}","templated":true}]}}