{"id":3100,"date":"2020-01-10T15:21:51","date_gmt":"2020-01-10T17:21:51","guid":{"rendered":"http:\/\/www.santaritadopassaquatro.sp.gov.br\/portal\/?p=3100"},"modified":"2020-01-10T15:21:51","modified_gmt":"2020-01-10T17:21:51","slug":"portuguesa-santista-faz-pre-temporada-em-santa-rita-preparatoria-para-serie-a-2","status":"publish","type":"post","link":"https:\/\/www.santaritadopassaquatro.sp.gov.br\/portal\/portuguesa-santista-faz-pre-temporada-em-santa-rita-preparatoria-para-serie-a-2\/","title":{"rendered":"Portuguesa Santista faz pr\u00e9-temporada em Santa Rita preparat\u00f3ria para s\u00e9rie A-2"},"content":{"rendered":"<p><strong><em>Time fica no munic\u00edpio at\u00e9 este domingo, antes da estreia no Campeonato Paulista <\/em><\/strong><\/p>\n<p><strong><em>\u00a0<\/em><\/strong><\/p>\n<figure id=\"attachment_3103\" aria-describedby=\"caption-attachment-3103\" style=\"width: 300px\" class=\"wp-caption alignleft\"><img decoding=\"async\" class=\"wp-image-3103 size-medium\" src=\"http:\/\/www.santaritadopassaquatro.sp.gov.br\/portal\/wp-content\/uploads\/2020\/01\/portuguesa-Santista-prefeito01-300x200.jpg\" alt=\"\" width=\"300\" height=\"200\" srcset=\"https:\/\/www.santaritadopassaquatro.sp.gov.br\/portal\/wp-content\/uploads\/2020\/01\/portuguesa-Santista-prefeito01-300x200.jpg 300w, https:\/\/www.santaritadopassaquatro.sp.gov.br\/portal\/wp-content\/uploads\/2020\/01\/portuguesa-Santista-prefeito01-768x512.jpg 768w, https:\/\/www.santaritadopassaquatro.sp.gov.br\/portal\/wp-content\/uploads\/2020\/01\/portuguesa-Santista-prefeito01-1024x683.jpg 1024w\" sizes=\"(max-width: 300px) 100vw, 300px\" \/><figcaption id=\"caption-attachment-3103\" class=\"wp-caption-text\"><span style=\"font-size: 8pt; color: #808080;\"><em><strong>O prefeito com o t\u00e9cnico Sergio Guedes, durante os treinos da equipe que disputa a A-2 do Paulista (AssCom\/Divulga\u00e7\u00e3o)<\/strong><\/em><\/span><\/figcaption><\/figure>\n<p>O elenco da Portuguesa Santista est\u00e1 em Santa Rita do Passa Quatro, at\u00e9 este domingo (13\/1), para sua pr\u00e9-temporada. Jogadores e comiss\u00e3o t\u00e9cnica chegaram na cidade no \u00faltimo domino (5\/1) onde o ficaram concentrados em uma ch\u00e1cara, se preparando para o in\u00edcio do Campeonato Paulista da s\u00e9rie A2. Os treinamentos aconteceram no est\u00e1dio Dr. Alcides Ribeiro Meirelles, da Sociedade Esportiva Cinel\u00e2ndia.<\/p>\n<p>Santa Rita ofereceu aos joga dores a estrutura necess\u00e1ria para fazer uma pr\u00e9-temporada. O local onde ficaram hospedados, pr\u00f3ximo a Santa Cruz da Estrela, conta com campos para treinamento e acomoda\u00e7\u00e3o para atletas.<\/p>\n<figure id=\"attachment_3101\" aria-describedby=\"caption-attachment-3101\" style=\"width: 300px\" class=\"wp-caption alignright\"><img decoding=\"async\" class=\"wp-image-3101 size-medium\" src=\"http:\/\/www.santaritadopassaquatro.sp.gov.br\/portal\/wp-content\/uploads\/2020\/01\/portuguesa-Santista-treino-300x191.jpg\" alt=\"\" width=\"300\" height=\"191\" srcset=\"https:\/\/www.santaritadopassaquatro.sp.gov.br\/portal\/wp-content\/uploads\/2020\/01\/portuguesa-Santista-treino-300x191.jpg 300w, https:\/\/www.santaritadopassaquatro.sp.gov.br\/portal\/wp-content\/uploads\/2020\/01\/portuguesa-Santista-treino-768x490.jpg 768w, https:\/\/www.santaritadopassaquatro.sp.gov.br\/portal\/wp-content\/uploads\/2020\/01\/portuguesa-Santista-treino-1024x653.jpg 1024w, https:\/\/www.santaritadopassaquatro.sp.gov.br\/portal\/wp-content\/uploads\/2020\/01\/portuguesa-Santista-treino.jpg 1722w\" sizes=\"(max-width: 300px) 100vw, 300px\" \/><figcaption id=\"caption-attachment-3101\" class=\"wp-caption-text\"><span style=\"font-size: 8pt; color: #808080;\"><em><strong>O t\u00e9cnico Sergio Guedes, em campo passando instru\u00e7\u00f5es para os jogadores durante treinamento na Cinel\u00e2ndia (AssCom\/Divulga\u00e7\u00e3o)<\/strong><\/em><\/span><\/figcaption><\/figure>\n<p>A programa\u00e7\u00e3o foi treinos di\u00e1rios em dois per\u00edodos, al\u00e9m de dois jogos-treinos. O primeiro contra o Comercial de Ribeir\u00e3o Preto, aconteceu na \u00faltima quarta-feira (8\/1), na Cinel\u00e2ndia, e terminou com o placar de 4 a 1 para o time do litoral. Os gos foram assinalados por Santiago, Diego Barboza, Juazeiro e Kalil. O segundo jogo-treino acontece neste domingo (12\/1), \u00e0s 10h, tamb\u00e9m na Cinel\u00e2ndia, contra uma sele\u00e7\u00e3o do munic\u00edpio. Quem quiser assistir ao jogo, na entrada ser\u00e1 arrecadado junto ao p\u00fablico 1 quilo de alimento n\u00e3o perec\u00edvel que ser\u00e1 destinado \u00e0 Santa Casa.<\/p>\n<p>A estreia da Portuguesa Santista no Campeonato Paulista da s\u00e9rie A-2 est\u00e1 marcada para o pr\u00f3ximo dia 22 de janeiro, quarta-feira, contra Sert\u00e3ozinho.<\/p>\n<p>A pr\u00e9-temporada da Portuguesa Santista recebeu apoio da Prefeitura Municipal, atrav\u00e9s do Departamento de Esportes e Lazer. Na \u00faltima segunda-feira (6\/1), o prefeito esteve na Cinel\u00e2ndia onde acompanhou parte dos treinamentos e conversou com o t\u00e9cnico S\u00e9rgio Guedes. Em agradecimento, o prefeito foi presenteado com uma camisa oficial da equipe.<\/p>\n<p><strong>\u00a0<\/strong><\/p>\n<p><strong>\u00a0<\/strong><\/p>\n<p>&nbsp;<\/p>\n","protected":false},"excerpt":{"rendered":"<p>Time fica no munic\u00edpio at\u00e9 este domingo, antes da estreia no Campeonato Paulista \u00a0 O elenco da Portuguesa Santista est\u00e1<\/p>\n","protected":false},"author":1,"featured_media":3102,"comment_status":"closed","ping_status":"open","sticky":false,"template":"","format":"standard","meta":{"footnotes":""},"categories":[44,51,60],"tags":[],"class_list":["post-3100","post","type-post","status-publish","format-standard","has-post-thumbnail","hentry","category-cidades","category-sports","category-turismo"],"_links":{"self":[{"href":"https:\/\/www.santaritadopassaquatro.sp.gov.br\/portal\/wp-json\/wp\/v2\/posts\/3100","targetHints":{"allow":["GET"]}}],"collection":[{"href":"https:\/\/www.santaritadopassaquatro.sp.gov.br\/portal\/wp-json\/wp\/v2\/posts"}],"about":[{"href":"https:\/\/www.santaritadopassaquatro.sp.gov.br\/portal\/wp-json\/wp\/v2\/types\/post"}],"author":[{"embeddable":true,"href":"https:\/\/www.santaritadopassaquatro.sp.gov.br\/portal\/wp-json\/wp\/v2\/users\/1"}],"replies":[{"embeddable":true,"href":"https:\/\/www.santaritadopassaquatro.sp.gov.br\/portal\/wp-json\/wp\/v2\/comments?post=3100"}],"version-history":[{"count":0,"href":"https:\/\/www.santaritadopassaquatro.sp.gov.br\/portal\/wp-json\/wp\/v2\/posts\/3100\/revisions"}],"wp:featuredmedia":[{"embeddable":true,"href":"https:\/\/www.santaritadopassaquatro.sp.gov.br\/portal\/wp-json\/wp\/v2\/media\/3102"}],"wp:attachment":[{"href":"https:\/\/www.santaritadopassaquatro.sp.gov.br\/portal\/wp-json\/wp\/v2\/media?parent=3100"}],"wp:term":[{"taxonomy":"category","embeddable":true,"href":"https:\/\/www.santaritadopassaquatro.sp.gov.br\/portal\/wp-json\/wp\/v2\/categories?post=3100"},{"taxonomy":"post_tag","embeddable":true,"href":"https:\/\/www.santaritadopassaquatro.sp.gov.br\/portal\/wp-json\/wp\/v2\/tags?post=3100"}],"curies":[{"name":"wp","href":"https:\/\/api.w.org\/{rel}","templated":true}]}}