{"id":3109,"date":"2020-01-10T15:31:08","date_gmt":"2020-01-10T17:31:08","guid":{"rendered":"http:\/\/www.santaritadopassaquatro.sp.gov.br\/portal\/?p=3109"},"modified":"2020-01-10T15:31:08","modified_gmt":"2020-01-10T17:31:08","slug":"programa-ferias-em-movimento-comeca-nesta-segunda-feira-2","status":"publish","type":"post","link":"https:\/\/www.santaritadopassaquatro.sp.gov.br\/portal\/programa-ferias-em-movimento-comeca-nesta-segunda-feira-2\/","title":{"rendered":"Programa F\u00e9rias em Movimento come\u00e7a nesta segunda-feira"},"content":{"rendered":"<p><strong><em>Destinada \u00e0s crian\u00e7as e adolescentes residentes nos bairros de abrang\u00eancia do CRAS, a\u00e7\u00e3o segue at\u00e9 24 de janeiro, na par\u00f3quia S\u00e3o Jos\u00e9 Oper\u00e1rio <\/em><\/strong><\/p>\n<p><strong><em>\u00a0<\/em><\/strong><\/p>\n<figure id=\"attachment_3111\" aria-describedby=\"caption-attachment-3111\" style=\"width: 300px\" class=\"wp-caption alignleft\"><img decoding=\"async\" class=\"wp-image-3111 size-medium\" src=\"http:\/\/www.santaritadopassaquatro.sp.gov.br\/portal\/wp-content\/uploads\/2020\/01\/ferias_mov01-300x200.jpg\" alt=\"\" width=\"300\" height=\"200\" srcset=\"https:\/\/www.santaritadopassaquatro.sp.gov.br\/portal\/wp-content\/uploads\/2020\/01\/ferias_mov01-300x200.jpg 300w, https:\/\/www.santaritadopassaquatro.sp.gov.br\/portal\/wp-content\/uploads\/2020\/01\/ferias_mov01-768x512.jpg 768w, https:\/\/www.santaritadopassaquatro.sp.gov.br\/portal\/wp-content\/uploads\/2020\/01\/ferias_mov01-1024x682.jpg 1024w, https:\/\/www.santaritadopassaquatro.sp.gov.br\/portal\/wp-content\/uploads\/2020\/01\/ferias_mov01.jpg 1976w\" sizes=\"(max-width: 300px) 100vw, 300px\" \/><figcaption id=\"caption-attachment-3111\" class=\"wp-caption-text\"><span style=\"font-size: 8pt;\"><em><strong>Prefeito e vice-prefeita durante o projeto F\u00e9rias em Movimento, edi\u00e7\u00e3o de 2019 (Arquivo\/AssCom\/Divulga\u00e7\u00e3o)<\/strong><\/em><\/span><\/figcaption><\/figure>\n<p>A partir desta segunda-feira (13\/1), o Departamento Municipal de Assist\u00eancia Social, da Prefeitura de Santa Rita do Passa Quatro, inicia mais uma edi\u00e7\u00e3o do projeto F\u00e9rias em Movimento. O programa \u00e9 destinado a crian\u00e7as e adolescentes, com idades de 5 a 14 anos, residentes nos bairros de abrang\u00eancia do CRAS (Centro de Refer\u00eancia da Assist\u00eancia Social): Jardim Boa Vista I, II e III, Jardim S\u00e3o Luiz, Jardim Santa Maria, Jardim Flamboyant e Jardim Alvorada.<\/p>\n<p>O Programa F\u00e9rias em Movimento segue at\u00e9 24 de janeiro, de segunda a sexta-feira, das 13h \u00e0s 17 horas, na Par\u00f3quia S\u00e3o Jos\u00e9 Oper\u00e1rio, Centro de Social e de Eventos do Orat\u00f3rio Canossiano Padre Man\u00e9, oferecendo atividades de lazer, esportivas, l\u00fadicas, al\u00e9m de passeios e palestras.<\/p>\n<p>Para a realiza\u00e7\u00e3o do programa, o Departamento de Assist\u00eancia Social com apoio e parcerias do Departamento Municipal de Esportes, Lazer, Cultura e Turismo, Departamento Municipal de Educa\u00e7\u00e3o, Pol\u00edcia Militar, Proerd (Programa Educacional de Resist\u00eancia \u00e0s Drogas), S\u00edtio Santa \u00c2ngela, Abevec (Associa\u00e7\u00e3o Beneficente e Educacional Vida em Cristo), Associa\u00e7\u00e3o Nota 10, Orat\u00f3rio Canossiano Padre Man\u00e9 e Lar Dom Lu\u00eds Caburlotto (Instituto das Filhas de S\u00e3o Jos\u00e9).<\/p>\n<p>O objetivo do F\u00e9rias em Movimento \u00e9 de promover a conviv\u00eancia, forma\u00e7\u00e3o para a participa\u00e7\u00e3o e cidadania, visando sempre o desenvolvimento de crian\u00e7as e adolescentes, preenchendo o tempo livre das f\u00e9rias, com atividades de intera\u00e7\u00e3o, aprendizagem, sociabilidade e prote\u00e7\u00e3o social.<\/p>\n<p>&nbsp;<\/p>\n<p>&nbsp;<\/p>\n<p>&nbsp;<\/p>\n<p>&nbsp;<\/p>\n<p>&nbsp;<\/p>\n","protected":false},"excerpt":{"rendered":"<p>Destinada \u00e0s crian\u00e7as e adolescentes residentes nos bairros de abrang\u00eancia do CRAS, a\u00e7\u00e3o segue at\u00e9 24 de janeiro, na par\u00f3quia<\/p>\n","protected":false},"author":1,"featured_media":3110,"comment_status":"closed","ping_status":"open","sticky":false,"template":"","format":"standard","meta":{"footnotes":""},"categories":[43,51,52],"tags":[],"class_list":["post-3109","post","type-post","status-publish","format-standard","has-post-thumbnail","hentry","category-assistenciasocial","category-sports","category-latest"],"_links":{"self":[{"href":"https:\/\/www.santaritadopassaquatro.sp.gov.br\/portal\/wp-json\/wp\/v2\/posts\/3109","targetHints":{"allow":["GET"]}}],"collection":[{"href":"https:\/\/www.santaritadopassaquatro.sp.gov.br\/portal\/wp-json\/wp\/v2\/posts"}],"about":[{"href":"https:\/\/www.santaritadopassaquatro.sp.gov.br\/portal\/wp-json\/wp\/v2\/types\/post"}],"author":[{"embeddable":true,"href":"https:\/\/www.santaritadopassaquatro.sp.gov.br\/portal\/wp-json\/wp\/v2\/users\/1"}],"replies":[{"embeddable":true,"href":"https:\/\/www.santaritadopassaquatro.sp.gov.br\/portal\/wp-json\/wp\/v2\/comments?post=3109"}],"version-history":[{"count":0,"href":"https:\/\/www.santaritadopassaquatro.sp.gov.br\/portal\/wp-json\/wp\/v2\/posts\/3109\/revisions"}],"wp:featuredmedia":[{"embeddable":true,"href":"https:\/\/www.santaritadopassaquatro.sp.gov.br\/portal\/wp-json\/wp\/v2\/media\/3110"}],"wp:attachment":[{"href":"https:\/\/www.santaritadopassaquatro.sp.gov.br\/portal\/wp-json\/wp\/v2\/media?parent=3109"}],"wp:term":[{"taxonomy":"category","embeddable":true,"href":"https:\/\/www.santaritadopassaquatro.sp.gov.br\/portal\/wp-json\/wp\/v2\/categories?post=3109"},{"taxonomy":"post_tag","embeddable":true,"href":"https:\/\/www.santaritadopassaquatro.sp.gov.br\/portal\/wp-json\/wp\/v2\/tags?post=3109"}],"curies":[{"name":"wp","href":"https:\/\/api.w.org\/{rel}","templated":true}]}}