{"id":3113,"date":"2020-01-10T15:34:30","date_gmt":"2020-01-10T17:34:30","guid":{"rendered":"http:\/\/www.santaritadopassaquatro.sp.gov.br\/portal\/?p=3113"},"modified":"2020-01-10T15:34:30","modified_gmt":"2020-01-10T17:34:30","slug":"prefeito-recebe-o-novo-comandante-do-tiro-de-guerra","status":"publish","type":"post","link":"https:\/\/www.santaritadopassaquatro.sp.gov.br\/portal\/prefeito-recebe-o-novo-comandante-do-tiro-de-guerra\/","title":{"rendered":"Prefeito recebe o novo comandante do Tiro de Guerra"},"content":{"rendered":"<p><strong><em>Subtenente Gallo dar\u00e1 sequ\u00eancia ao trabalho do Sargento Dami\u00e3o como chefe de instru\u00e7\u00e3o do TG em 2020 e 2021<\/em><\/strong><\/p>\n<p><strong><em>\u00a0<\/em><\/strong><\/p>\n<figure id=\"attachment_3114\" aria-describedby=\"caption-attachment-3114\" style=\"width: 300px\" class=\"wp-caption alignleft\"><img decoding=\"async\" class=\"wp-image-3114 size-medium\" src=\"http:\/\/www.santaritadopassaquatro.sp.gov.br\/portal\/wp-content\/uploads\/2020\/01\/TG-novo-comando-300x200.jpg\" alt=\"\" width=\"300\" height=\"200\" srcset=\"https:\/\/www.santaritadopassaquatro.sp.gov.br\/portal\/wp-content\/uploads\/2020\/01\/TG-novo-comando-300x200.jpg 300w, https:\/\/www.santaritadopassaquatro.sp.gov.br\/portal\/wp-content\/uploads\/2020\/01\/TG-novo-comando-768x512.jpg 768w, https:\/\/www.santaritadopassaquatro.sp.gov.br\/portal\/wp-content\/uploads\/2020\/01\/TG-novo-comando-1024x683.jpg 1024w\" sizes=\"(max-width: 300px) 100vw, 300px\" \/><figcaption id=\"caption-attachment-3114\" class=\"wp-caption-text\"><span style=\"font-size: 8pt; color: #999999;\"><em><strong>O prefeito Leandro Luciano dos Santos com o Subtenente Gallo, o Sargento Dami\u00e3o e o diretor Administrativo da Prefeitura Luiz Correia (AssCom\/Divulga\u00e7\u00e3o)<\/strong><\/em><\/span><\/figcaption><\/figure>\n<p>O Tiro de Guerra 02-077, de Santa Rita do Passa Quatro, est\u00e1 com novo comandante. A partir deste ano, o Subtenente Rodrigo Andr\u00e9 Gallo ser\u00e1 o novo chefe de instru\u00e7\u00e3o do TG, em sequ\u00eancia ao trabalho executado pelo 1\u00ba Sargento Dami\u00e3o Ribeiro Alves nos dois \u00faltimos anos.<\/p>\n<p>Natural de Bebedouro (SP), o subtenente Gallo vem do Batalh\u00e3o de Manuten\u00e7\u00e3o e Suprimentos da Artilhares Antia\u00e9rea, da cidade de Osasco, e nos pr\u00f3ximos dois anos ser\u00e1 o respons\u00e1vel pela instru\u00e7\u00e3o dos jovens de Santa Rita.<\/p>\n<p>Na \u00faltima ter\u00e7a-feira (7\/1) o novo comandante foi recebeu \u00e0s boas vindas do prefeito Leandro Luciano dos Santos, em seu gabinete. Na ocasi\u00e3o, o chefe do Executivo local tamb\u00e9m se despediu do Sargento Dami\u00e3o, agradecendo pelo seu trabalho na cidade, contribuindo com a forma\u00e7\u00e3o de 95 atiradores que estiveram sob seu comando em 2018 e 2019, e desejando boa sorte em sua nova etapa profissional, em Bras\u00edlia, onde ir\u00e1 atuar no Minist\u00e9rio do Ex\u00e9rcito.<\/p>\n<p><strong>\u00a0<\/strong><\/p>\n<p><strong>ALISTAMENTO<\/strong><\/p>\n<p>Os jovens do sexo masculino que completam 18 anos em 2020 t\u00eam at\u00e9 o dia 30 de junho para fazer o alistamento militar. O prazo para realizar o alistamento on-line j\u00e1 iniciou no primeiro dia de janeiro. Para se alistar, basta acessar o site www.alistamento.eb.mil.br com o n\u00famero do CPF e preencher o formul\u00e1rio para valida\u00e7\u00e3o dos dados pessoais.<\/p>\n<p>Quem n\u00e3o tiver facilidade de acesso \u00e0 internet ou caso o jovem n\u00e3o tenha CPF, ele deve ir \u00e0 Junta de Servi\u00e7o Militar levando em m\u00e3os a certid\u00e3o de nascimento ou carteira de identidade ou de motorista e o comprovante de resid\u00eancia. Em Santa Rita, a 112\u00aa Junta de Servi\u00e7o Militar, que fica na Rua Duque de Caxias, 614, Centro.<\/p>\n<p>&nbsp;<\/p>\n<p>&nbsp;<\/p>\n<p>&nbsp;<\/p>\n","protected":false},"excerpt":{"rendered":"<p>Subtenente Gallo dar\u00e1 sequ\u00eancia ao trabalho do Sargento Dami\u00e3o como chefe de instru\u00e7\u00e3o do TG em 2020 e 2021 \u00a0<\/p>\n","protected":false},"author":1,"featured_media":3114,"comment_status":"closed","ping_status":"open","sticky":false,"template":"","format":"standard","meta":{"footnotes":""},"categories":[44,48],"tags":[],"class_list":["post-3113","post","type-post","status-publish","format-standard","has-post-thumbnail","hentry","category-cidades","category-featured"],"_links":{"self":[{"href":"https:\/\/www.santaritadopassaquatro.sp.gov.br\/portal\/wp-json\/wp\/v2\/posts\/3113","targetHints":{"allow":["GET"]}}],"collection":[{"href":"https:\/\/www.santaritadopassaquatro.sp.gov.br\/portal\/wp-json\/wp\/v2\/posts"}],"about":[{"href":"https:\/\/www.santaritadopassaquatro.sp.gov.br\/portal\/wp-json\/wp\/v2\/types\/post"}],"author":[{"embeddable":true,"href":"https:\/\/www.santaritadopassaquatro.sp.gov.br\/portal\/wp-json\/wp\/v2\/users\/1"}],"replies":[{"embeddable":true,"href":"https:\/\/www.santaritadopassaquatro.sp.gov.br\/portal\/wp-json\/wp\/v2\/comments?post=3113"}],"version-history":[{"count":0,"href":"https:\/\/www.santaritadopassaquatro.sp.gov.br\/portal\/wp-json\/wp\/v2\/posts\/3113\/revisions"}],"wp:featuredmedia":[{"embeddable":true,"href":"https:\/\/www.santaritadopassaquatro.sp.gov.br\/portal\/wp-json\/wp\/v2\/media\/3114"}],"wp:attachment":[{"href":"https:\/\/www.santaritadopassaquatro.sp.gov.br\/portal\/wp-json\/wp\/v2\/media?parent=3113"}],"wp:term":[{"taxonomy":"category","embeddable":true,"href":"https:\/\/www.santaritadopassaquatro.sp.gov.br\/portal\/wp-json\/wp\/v2\/categories?post=3113"},{"taxonomy":"post_tag","embeddable":true,"href":"https:\/\/www.santaritadopassaquatro.sp.gov.br\/portal\/wp-json\/wp\/v2\/tags?post=3113"}],"curies":[{"name":"wp","href":"https:\/\/api.w.org\/{rel}","templated":true}]}}