{"id":3136,"date":"2020-01-17T15:14:57","date_gmt":"2020-01-17T17:14:57","guid":{"rendered":"http:\/\/www.santaritadopassaquatro.sp.gov.br\/portal\/?p=3136"},"modified":"2020-01-17T15:14:57","modified_gmt":"2020-01-17T17:14:57","slug":"muita-emocao-em-mais-um-programa-estancia-sertaneja-no-pavilhao-cultural","status":"publish","type":"post","link":"https:\/\/www.santaritadopassaquatro.sp.gov.br\/portal\/muita-emocao-em-mais-um-programa-estancia-sertaneja-no-pavilhao-cultural\/","title":{"rendered":"Muita emo\u00e7\u00e3o em mais um Programa Est\u00e2ncia Sertaneja no Pavilh\u00e3o Cultural"},"content":{"rendered":"<p><strong><em>Com <\/em><\/strong><strong><em>apoio do Departamento de Cultura e Turismo, evento aconteceu no \u00faltimo domingo (13\/1) no Pavilh\u00e3o Cultural <\/em><\/strong><\/p>\n<p>&nbsp;<\/p>\n<figure id=\"attachment_3137\" aria-describedby=\"caption-attachment-3137\" style=\"width: 300px\" class=\"wp-caption alignleft\"><img decoding=\"async\" class=\"wp-image-3137 size-medium\" src=\"http:\/\/www.santaritadopassaquatro.sp.gov.br\/portal\/wp-content\/uploads\/2020\/01\/2o_Estancia_Sertaneja_p\u00fablico-300x200.jpg\" alt=\"\" width=\"300\" height=\"200\" srcset=\"https:\/\/www.santaritadopassaquatro.sp.gov.br\/portal\/wp-content\/uploads\/2020\/01\/2o_Estancia_Sertaneja_p\u00fablico-300x200.jpg 300w, https:\/\/www.santaritadopassaquatro.sp.gov.br\/portal\/wp-content\/uploads\/2020\/01\/2o_Estancia_Sertaneja_p\u00fablico-768x512.jpg 768w, https:\/\/www.santaritadopassaquatro.sp.gov.br\/portal\/wp-content\/uploads\/2020\/01\/2o_Estancia_Sertaneja_p\u00fablico-1024x683.jpg 1024w\" sizes=\"(max-width: 300px) 100vw, 300px\" \/><figcaption id=\"caption-attachment-3137\" class=\"wp-caption-text\"><span style=\"font-size: 8pt; color: #999999;\"><em><strong>O p\u00fablico tomou conta do Pavilh\u00e3o Cultural na segundo edi\u00e7\u00e3o do evento que valoriza nossa m\u00fasica de ra\u00edz (AssCom\/Divulga\u00e7\u00e3o)<\/strong><\/em><\/span><\/figcaption><\/figure>\n<p>Com objetivo de valorizar a cultura caipira e divulgar duplas da cidade e regi\u00e3o, o Programa Est\u00e2ncia Sertaneja, o Pavilh\u00e3o Cultural de Santa Rita do Passa Quatro recebeu no \u00faltimo domingo (13\/1) mais uma edi\u00e7\u00e3o do Programa Est\u00e2ncia Sertaneja. O p\u00fablico tomou conta do recinto para prestigiar mais seis atra\u00e7\u00f5es da aut\u00eantica m\u00fasica sertaneja de raiz estar\u00e1<\/p>\n<p>Sob o comado do radialista e apresentador Juliano Modena, o programa contou com shows das duplas Angeluci &amp; Angelito, Neuza &amp; Canhoto, Brunelinho &amp; Everton e Nelo &amp; Djalma, o cantor Marquinhos Lamas, al\u00e9m da participa\u00e7\u00e3o especial do poeta, compositor e radialista Ad\u00e3o Nildo.<\/p>\n<figure id=\"attachment_3138\" aria-describedby=\"caption-attachment-3138\" style=\"width: 300px\" class=\"wp-caption alignright\"><img decoding=\"async\" class=\"wp-image-3138 size-medium\" src=\"http:\/\/www.santaritadopassaquatro.sp.gov.br\/portal\/wp-content\/uploads\/2020\/01\/2o_Estancia_Sertaneja_Adao_Nildo-300x200.jpg\" alt=\"\" width=\"300\" height=\"200\" srcset=\"https:\/\/www.santaritadopassaquatro.sp.gov.br\/portal\/wp-content\/uploads\/2020\/01\/2o_Estancia_Sertaneja_Adao_Nildo-300x200.jpg 300w, https:\/\/www.santaritadopassaquatro.sp.gov.br\/portal\/wp-content\/uploads\/2020\/01\/2o_Estancia_Sertaneja_Adao_Nildo-768x512.jpg 768w, https:\/\/www.santaritadopassaquatro.sp.gov.br\/portal\/wp-content\/uploads\/2020\/01\/2o_Estancia_Sertaneja_Adao_Nildo-1024x683.jpg 1024w\" sizes=\"(max-width: 300px) 100vw, 300px\" \/><figcaption id=\"caption-attachment-3138\" class=\"wp-caption-text\"><span style=\"font-size: 8pt; color: #999999;\"><em><strong>Juliano Modena e o poeta Ad\u00e3o Nildo durante do Programa Est\u00e2ncia Sertaneja, (AssCom\/Divulga\u00e7\u00e3o)<\/strong><\/em><\/span><\/figcaption><\/figure>\n<p>Mais uma vez gratuito, o evento foi uma realiza\u00e7\u00e3o de Juliano Modena, com apoio do Departamento de Turismo e Cultura, da Prefeitura Municipal.<\/p>\n<p>Esta foi a segunda edi\u00e7\u00e3o do Est\u00e2ncia Sertaneja. A primeira, em novembro de 2019, contou com shows dos Irm\u00e3os Ouro Verde, Luciano Violeiro &amp; Juliano Damas e Silvio &amp; Spoliaric, Henrique Ara\u00fajo, o trio Pedro Carreiro, Salles Viola e Jean Henrique, al\u00e9m da participa\u00e7\u00e3o do do ator Reinaldo Facchini, interpretando o palha\u00e7o Jeca.<\/p>\n<p>O prefeito Leandro Luciano dos Santos e a vice-prefeita Maria Rita Mondin de Oliveira estiveram presentes nas duas edi\u00e7\u00f5es prestigiando toda programa\u00e7\u00e3o e reiterarando o apoio do Governo Municipal a iniciativa que valoriza a nossa arte e nossa cultura.<\/p>\n<p><strong>\u00a0<\/strong><\/p>\n<p>&nbsp;<\/p>\n<p><strong>\u00a0<\/strong><\/p>\n<p><strong>\u00a0<\/strong><\/p>\n<p>&nbsp;<\/p>\n<p>&nbsp;<\/p>\n","protected":false},"excerpt":{"rendered":"<p>Com apoio do Departamento de Cultura e Turismo, evento aconteceu no \u00faltimo domingo (13\/1) no Pavilh\u00e3o Cultural &nbsp; Com objetivo<\/p>\n","protected":false},"author":1,"featured_media":3138,"comment_status":"closed","ping_status":"open","sticky":false,"template":"","format":"standard","meta":{"footnotes":""},"categories":[46,60],"tags":[],"class_list":["post-3136","post","type-post","status-publish","format-standard","has-post-thumbnail","hentry","category-cultura","category-turismo"],"_links":{"self":[{"href":"https:\/\/www.santaritadopassaquatro.sp.gov.br\/portal\/wp-json\/wp\/v2\/posts\/3136","targetHints":{"allow":["GET"]}}],"collection":[{"href":"https:\/\/www.santaritadopassaquatro.sp.gov.br\/portal\/wp-json\/wp\/v2\/posts"}],"about":[{"href":"https:\/\/www.santaritadopassaquatro.sp.gov.br\/portal\/wp-json\/wp\/v2\/types\/post"}],"author":[{"embeddable":true,"href":"https:\/\/www.santaritadopassaquatro.sp.gov.br\/portal\/wp-json\/wp\/v2\/users\/1"}],"replies":[{"embeddable":true,"href":"https:\/\/www.santaritadopassaquatro.sp.gov.br\/portal\/wp-json\/wp\/v2\/comments?post=3136"}],"version-history":[{"count":0,"href":"https:\/\/www.santaritadopassaquatro.sp.gov.br\/portal\/wp-json\/wp\/v2\/posts\/3136\/revisions"}],"wp:featuredmedia":[{"embeddable":true,"href":"https:\/\/www.santaritadopassaquatro.sp.gov.br\/portal\/wp-json\/wp\/v2\/media\/3138"}],"wp:attachment":[{"href":"https:\/\/www.santaritadopassaquatro.sp.gov.br\/portal\/wp-json\/wp\/v2\/media?parent=3136"}],"wp:term":[{"taxonomy":"category","embeddable":true,"href":"https:\/\/www.santaritadopassaquatro.sp.gov.br\/portal\/wp-json\/wp\/v2\/categories?post=3136"},{"taxonomy":"post_tag","embeddable":true,"href":"https:\/\/www.santaritadopassaquatro.sp.gov.br\/portal\/wp-json\/wp\/v2\/tags?post=3136"}],"curies":[{"name":"wp","href":"https:\/\/api.w.org\/{rel}","templated":true}]}}