{"id":3140,"date":"2020-01-17T15:17:55","date_gmt":"2020-01-17T17:17:55","guid":{"rendered":"http:\/\/www.santaritadopassaquatro.sp.gov.br\/portal\/?p=3140"},"modified":"2020-01-17T15:17:55","modified_gmt":"2020-01-17T17:17:55","slug":"com-duas-vitorias-portuguesa-santista-encerra-pre-temporada-em-santa-rita","status":"publish","type":"post","link":"https:\/\/www.santaritadopassaquatro.sp.gov.br\/portal\/com-duas-vitorias-portuguesa-santista-encerra-pre-temporada-em-santa-rita\/","title":{"rendered":"Com duas vit\u00f3rias, Portuguesa Santista encerra pr\u00e9-temporada em Santa Rita"},"content":{"rendered":"<p><strong><em>Time ficou no munic\u00edpio por 10 dias em prepara\u00e7\u00e3o para o Campeonato Paulista da S\u00e9rie A-2; jogos treino aconteceram na Cinel\u00e2ndia<\/em><\/strong><\/p>\n<p><strong><em>\u00a0<\/em><\/strong><\/p>\n<figure id=\"attachment_3141\" aria-describedby=\"caption-attachment-3141\" style=\"width: 300px\" class=\"wp-caption alignleft\"><img decoding=\"async\" class=\"wp-image-3141 size-medium\" src=\"http:\/\/www.santaritadopassaquatro.sp.gov.br\/portal\/wp-content\/uploads\/2020\/01\/Portuguesa-prefeito-300x200.jpg\" alt=\"\" width=\"300\" height=\"200\" srcset=\"https:\/\/www.santaritadopassaquatro.sp.gov.br\/portal\/wp-content\/uploads\/2020\/01\/Portuguesa-prefeito-300x200.jpg 300w, https:\/\/www.santaritadopassaquatro.sp.gov.br\/portal\/wp-content\/uploads\/2020\/01\/Portuguesa-prefeito-768x512.jpg 768w, https:\/\/www.santaritadopassaquatro.sp.gov.br\/portal\/wp-content\/uploads\/2020\/01\/Portuguesa-prefeito-1024x683.jpg 1024w, https:\/\/www.santaritadopassaquatro.sp.gov.br\/portal\/wp-content\/uploads\/2020\/01\/Portuguesa-prefeito.jpg 1576w\" sizes=\"(max-width: 300px) 100vw, 300px\" \/><figcaption id=\"caption-attachment-3141\" class=\"wp-caption-text\"><span style=\"font-size: 8pt; color: #999999;\"><em><strong>O prefeito com t\u00e9cnico S\u00e9rgio Guedes, da Portuguesa Santista, junto com presentes no jogo treino contra a Disk Limp (AssCom\/Divulga\u00e7\u00e3o)<\/strong><\/em><\/span><\/figcaption><\/figure>\n<p>O elenco da Portuguesa Santista ficou por dez dias em Santa Rita do Passa Quatro realizado sua pr\u00e9-temporada. Jogadores e comiss\u00e3o t\u00e9cnica chegaram na cidade no \u00faltimo dia 5 de janeiro (domino), onde o ficaram concentrados em uma ch\u00e1cara at\u00e9 o \u00faltimo domingo (13\/1), se preparando para o in\u00edcio do Campeonato Paulista da s\u00e9rie A2.<\/p>\n<p>Os treinamentos aconteceram na pr\u00f3pria ch\u00e1cara e tamb\u00e9m no est\u00e1dio Dr. Alcides Ribeiro Meirelles, da Sociedade Esportiva Cinel\u00e2ndia, que recebeu os dois jogos do time litor\u00e2neo. Na primeira partida, realizada na quarta-feira (8\/1) a Briosa venceu o Comercial de Ribeir\u00e3o Preto por 4 a 1. O time ribeir\u00e3o-pretano disputa a S\u00e9rie A-3 do Paulista.<\/p>\n<figure id=\"attachment_3142\" aria-describedby=\"caption-attachment-3142\" style=\"width: 300px\" class=\"wp-caption alignright\"><img decoding=\"async\" class=\"wp-image-3142 size-medium\" src=\"http:\/\/www.santaritadopassaquatro.sp.gov.br\/portal\/wp-content\/uploads\/2020\/01\/Portuguesa-ganhadores-das-camisetas-300x200.jpg\" alt=\"\" width=\"300\" height=\"200\" srcset=\"https:\/\/www.santaritadopassaquatro.sp.gov.br\/portal\/wp-content\/uploads\/2020\/01\/Portuguesa-ganhadores-das-camisetas-300x200.jpg 300w, https:\/\/www.santaritadopassaquatro.sp.gov.br\/portal\/wp-content\/uploads\/2020\/01\/Portuguesa-ganhadores-das-camisetas-768x512.jpg 768w, https:\/\/www.santaritadopassaquatro.sp.gov.br\/portal\/wp-content\/uploads\/2020\/01\/Portuguesa-ganhadores-das-camisetas-1024x683.jpg 1024w, https:\/\/www.santaritadopassaquatro.sp.gov.br\/portal\/wp-content\/uploads\/2020\/01\/Portuguesa-ganhadores-das-camisetas.jpg 1276w\" sizes=\"(max-width: 300px) 100vw, 300px\" \/><figcaption id=\"caption-attachment-3142\" class=\"wp-caption-text\"><span style=\"font-size: 8pt; color: #999999;\"><em><strong>Os ganhadores dos sorteios das camisetas da Portuguesa Santista, do Comercial e da Cinel\u00e2ndia (AssCom\/Divulga\u00e7\u00e3o)<\/strong><\/em><\/span><\/figcaption><\/figure>\n<p>O segundo jogo-treino aconteceu no \u00faltimo domingo (13\/1), tamb\u00e9m na Cinel\u00e2ndia, contra uma sele\u00e7\u00e3o do munic\u00edpio, representado pelo time do Disk Limp. O jogou arrecadou junto ao p\u00fablico alimentos n\u00e3o perec\u00edveis, que foram destinados \u00e0 Santa Casa de Miseric\u00f3rdia da cidade.\u00a0 Tamb\u00e9m foram sorteados aos presentes, camisetas da Portuguesa Santista, do Comercial e da Cinel\u00e2ndia. Os ganhadores das camisetas foram: Joel (camisa do Comercial), Tiquinho (Portuguesa Santista) e Farm\u00e1cia S\u00e3o Jos\u00e9 (Cinel\u00e2ndia).<\/p>\n<p>A pr\u00e9-temporada da Portuguesa Santista recebeu apoio da Prefeitura Municipal, atrav\u00e9s do Departamento de Esportes e Lazer. O prefeito Leandro Luciano dos Santos esteve presente no jogo e reiterou seu apoio a iniciativa, agradecendo a todos que colaboraram.<\/p>\n<p>A estreia da Portuguesa Santista no Campeonato Paulista da s\u00e9rie A-2 ser\u00e1 na pr\u00f3xima quarta-feira (22\/1), contra Sert\u00e3ozinho, na casa do advers\u00e1rio.<\/p>\n<p><strong>\u00a0<\/strong><\/p>\n<p>&nbsp;<\/p>\n<p>&nbsp;<\/p>\n","protected":false},"excerpt":{"rendered":"<p>Time ficou no munic\u00edpio por 10 dias em prepara\u00e7\u00e3o para o Campeonato Paulista da S\u00e9rie A-2; jogos treino aconteceram na<\/p>\n","protected":false},"author":1,"featured_media":3143,"comment_status":"closed","ping_status":"open","sticky":false,"template":"","format":"standard","meta":{"footnotes":""},"categories":[51,60],"tags":[],"class_list":["post-3140","post","type-post","status-publish","format-standard","has-post-thumbnail","hentry","category-sports","category-turismo"],"_links":{"self":[{"href":"https:\/\/www.santaritadopassaquatro.sp.gov.br\/portal\/wp-json\/wp\/v2\/posts\/3140","targetHints":{"allow":["GET"]}}],"collection":[{"href":"https:\/\/www.santaritadopassaquatro.sp.gov.br\/portal\/wp-json\/wp\/v2\/posts"}],"about":[{"href":"https:\/\/www.santaritadopassaquatro.sp.gov.br\/portal\/wp-json\/wp\/v2\/types\/post"}],"author":[{"embeddable":true,"href":"https:\/\/www.santaritadopassaquatro.sp.gov.br\/portal\/wp-json\/wp\/v2\/users\/1"}],"replies":[{"embeddable":true,"href":"https:\/\/www.santaritadopassaquatro.sp.gov.br\/portal\/wp-json\/wp\/v2\/comments?post=3140"}],"version-history":[{"count":0,"href":"https:\/\/www.santaritadopassaquatro.sp.gov.br\/portal\/wp-json\/wp\/v2\/posts\/3140\/revisions"}],"wp:featuredmedia":[{"embeddable":true,"href":"https:\/\/www.santaritadopassaquatro.sp.gov.br\/portal\/wp-json\/wp\/v2\/media\/3143"}],"wp:attachment":[{"href":"https:\/\/www.santaritadopassaquatro.sp.gov.br\/portal\/wp-json\/wp\/v2\/media?parent=3140"}],"wp:term":[{"taxonomy":"category","embeddable":true,"href":"https:\/\/www.santaritadopassaquatro.sp.gov.br\/portal\/wp-json\/wp\/v2\/categories?post=3140"},{"taxonomy":"post_tag","embeddable":true,"href":"https:\/\/www.santaritadopassaquatro.sp.gov.br\/portal\/wp-json\/wp\/v2\/tags?post=3140"}],"curies":[{"name":"wp","href":"https:\/\/api.w.org\/{rel}","templated":true}]}}