{"id":3155,"date":"2020-01-17T15:33:30","date_gmt":"2020-01-17T17:33:30","guid":{"rendered":"http:\/\/www.santaritadopassaquatro.sp.gov.br\/portal\/?p=3155"},"modified":"2020-01-17T15:51:54","modified_gmt":"2020-01-17T17:51:54","slug":"programa-ferias-em-movimento-2020-comecou-nesta-segunda-feira","status":"publish","type":"post","link":"https:\/\/www.santaritadopassaquatro.sp.gov.br\/portal\/programa-ferias-em-movimento-2020-comecou-nesta-segunda-feira\/","title":{"rendered":"Programa F\u00e9rias em Movimento 2020 come\u00e7ou nesta segunda-feira"},"content":{"rendered":"<p><strong><em>Destinada \u00e0s crian\u00e7as e adolescentes residentes nos bairros de abrang\u00eancia do CRAS, a\u00e7\u00e3o acontece at\u00e9 o pr\u00f3ximo dia 24 de janeiro <\/em><\/strong><\/p>\n<p><strong><em>\u00a0<\/em><\/strong><\/p>\n<figure id=\"attachment_3157\" aria-describedby=\"caption-attachment-3157\" style=\"width: 363px\" class=\"wp-caption alignleft\"><img decoding=\"async\" class=\"wp-image-3157\" src=\"http:\/\/www.santaritadopassaquatro.sp.gov.br\/portal\/wp-content\/uploads\/2020\/01\/Ferias-Movimento-01-abertura-300x200.jpg\" alt=\"\" width=\"363\" height=\"242\" srcset=\"https:\/\/www.santaritadopassaquatro.sp.gov.br\/portal\/wp-content\/uploads\/2020\/01\/Ferias-Movimento-01-abertura-300x200.jpg 300w, https:\/\/www.santaritadopassaquatro.sp.gov.br\/portal\/wp-content\/uploads\/2020\/01\/Ferias-Movimento-01-abertura-768x512.jpg 768w, https:\/\/www.santaritadopassaquatro.sp.gov.br\/portal\/wp-content\/uploads\/2020\/01\/Ferias-Movimento-01-abertura-1024x683.jpg 1024w, https:\/\/www.santaritadopassaquatro.sp.gov.br\/portal\/wp-content\/uploads\/2020\/01\/Ferias-Movimento-01-abertura.jpg 1576w\" sizes=\"(max-width: 363px) 100vw, 363px\" \/><figcaption id=\"caption-attachment-3157\" class=\"wp-caption-text\"><span style=\"font-size: 8pt; color: #999999;\"><em><strong>Prefeito e vice-prefeita durante abertura do projeto F\u00e9rias em Movimento, na \u00faltima segunda-feira (AssCom\/Divulga\u00e7\u00e3o)<\/strong><\/em><\/span><\/figcaption><\/figure>\n<p>Come\u00e7ou, na \u00faltima segunda-feira (13\/1), no Centro de Social e de Eventos do Orat\u00f3rio Canossiano Padre Man\u00e9, mais uma edi\u00e7\u00e3o do projeto F\u00e9rias em Movimento, promovido pelo o Departamento Municipal de Assist\u00eancia Social, da Prefeitura de Santa Rita do Passa Quatro. O programa \u00e9 destinado a crian\u00e7as e adolescentes, com idades de 5 a 14 anos, residentes nos bairros de abrang\u00eancia do CRAS (Centro de Refer\u00eancia da Assist\u00eancia Social): Jardim Boa Vista I, II e III, Jardim S\u00e3o Luiz, Jardim Santa Maria, Jardim Flamboyant e Jardim Alvorada.<\/p>\n<p>O F\u00e9ria em Movimento ocorre com parcerias e apoio dos departamentos municipais de Esportes, Lazer, Cultura e Turismo; de Educa\u00e7\u00e3o, al\u00e9m da Pol\u00edcia Militar, atrav\u00e9s do Proerd (Programa Educacional de Resist\u00eancia \u00e0s Drogas), do S\u00edtio Santa \u00c2ngela e das entidades Abevec (Associa\u00e7\u00e3o Beneficente e Educacional Vida em Cristo), Associa\u00e7\u00e3o Nota 10, Orat\u00f3rio Canossiano Padre Man\u00e9 e Lar Dom Lu\u00eds Caburlotto (Instituto das Filhas de S\u00e3o Jos\u00e9).<\/p>\n<figure id=\"attachment_3158\" aria-describedby=\"caption-attachment-3158\" style=\"width: 300px\" class=\"wp-caption alignright\"><img decoding=\"async\" class=\"wp-image-3158 size-medium\" src=\"http:\/\/www.santaritadopassaquatro.sp.gov.br\/portal\/wp-content\/uploads\/2020\/01\/Ferias-Movimento-02-tirolesa-300x200.jpg\" alt=\"\" width=\"300\" height=\"200\" srcset=\"https:\/\/www.santaritadopassaquatro.sp.gov.br\/portal\/wp-content\/uploads\/2020\/01\/Ferias-Movimento-02-tirolesa-300x200.jpg 300w, https:\/\/www.santaritadopassaquatro.sp.gov.br\/portal\/wp-content\/uploads\/2020\/01\/Ferias-Movimento-02-tirolesa-768x512.jpg 768w, https:\/\/www.santaritadopassaquatro.sp.gov.br\/portal\/wp-content\/uploads\/2020\/01\/Ferias-Movimento-02-tirolesa-1024x683.jpg 1024w, https:\/\/www.santaritadopassaquatro.sp.gov.br\/portal\/wp-content\/uploads\/2020\/01\/Ferias-Movimento-02-tirolesa.jpg 1576w\" sizes=\"(max-width: 300px) 100vw, 300px\" \/><figcaption id=\"caption-attachment-3158\" class=\"wp-caption-text\"><span style=\"font-size: 8pt; color: #999999;\"><em><strong>Tirolesa, canoagem e outras atividades fizeram parte da programa\u00e7\u00e3o do programa durante esta semana (AssCom\/Divulga\u00e7\u00e3o)<\/strong><\/em><\/span><\/figcaption><\/figure>\n<p>A abertura contou com a presen\u00e7a do prefeito Leandro Luciano dos Santos, da vice- prefeita Maria Rita Mondin de Oliveira e diretores municipais, os padres da par\u00f3quia, entre outras autoridades.<\/p>\n<p>Mais de 100 crian\u00e7as e adolescentes participam das atividades, que no primeiro dia contaram com atra\u00e7\u00f5es circenses, com malabarismo e palha\u00e7os. Na ter\u00e7a-feira, os participantes tiveram a oportunidade de praticar, entre atividades l\u00fadicas, tamb\u00e9m um pouco de esportes de aventura, com equipe Du Padovani Sports, Parque Tur\u00edstico Municipal. Entre as atividades oferecidas, teve at\u00e9 uma tirolesa sobre o lago do Clube de Campo.<\/p>\n<figure id=\"attachment_3156\" aria-describedby=\"caption-attachment-3156\" style=\"width: 300px\" class=\"wp-caption alignleft\"><img decoding=\"async\" class=\"wp-image-3156 size-medium\" src=\"http:\/\/www.santaritadopassaquatro.sp.gov.br\/portal\/wp-content\/uploads\/2020\/01\/Ferias-Movimento-03-particpantes-300x200.jpg\" alt=\"\" width=\"300\" height=\"200\" srcset=\"https:\/\/www.santaritadopassaquatro.sp.gov.br\/portal\/wp-content\/uploads\/2020\/01\/Ferias-Movimento-03-particpantes-300x200.jpg 300w, https:\/\/www.santaritadopassaquatro.sp.gov.br\/portal\/wp-content\/uploads\/2020\/01\/Ferias-Movimento-03-particpantes-768x512.jpg 768w, https:\/\/www.santaritadopassaquatro.sp.gov.br\/portal\/wp-content\/uploads\/2020\/01\/Ferias-Movimento-03-particpantes-1024x683.jpg 1024w, https:\/\/www.santaritadopassaquatro.sp.gov.br\/portal\/wp-content\/uploads\/2020\/01\/Ferias-Movimento-03-particpantes.jpg 1576w\" sizes=\"(max-width: 300px) 100vw, 300px\" \/><figcaption id=\"caption-attachment-3156\" class=\"wp-caption-text\"><span style=\"font-size: 8pt;\"><em><strong>Mais de 100 crian\u00e7as e adolescente participam desta edi\u00e7\u00e3o do programa F\u00e9rias em Movimento (AssCom\/Divulga\u00e7\u00e3o)<\/strong><\/em><\/span><\/figcaption><\/figure>\n<p>As atividades seguem at\u00e9 a pr\u00f3xima sexta-feira (24\/1) e acontecem todos os dias da semana, das 13h \u00e0s 17 horas, com lazer, esportes, brincadeiras l\u00fadicas, al\u00e9m de passeios e palestras.<\/p>\n<p>O objetivo do F\u00e9rias em Movimento \u00e9 de promover a conviv\u00eancia, forma\u00e7\u00e3o para a participa\u00e7\u00e3o e cidadania, visando sempre o desenvolvimento de crian\u00e7as e adolescentes, preenchendo o tempo livre das f\u00e9rias, com atividades de intera\u00e7\u00e3o, aprendizagem, sociabilidade e prote\u00e7\u00e3o social.<\/p>\n<p>&nbsp;<\/p>\n<p>&nbsp;<\/p>\n<p>&nbsp;<\/p>\n<p>&nbsp;<\/p>\n<p>&nbsp;<\/p>\n","protected":false},"excerpt":{"rendered":"<p>Destinada \u00e0s crian\u00e7as e adolescentes residentes nos bairros de abrang\u00eancia do CRAS, a\u00e7\u00e3o acontece at\u00e9 o pr\u00f3ximo dia 24 de<\/p>\n","protected":false},"author":1,"featured_media":3158,"comment_status":"closed","ping_status":"open","sticky":false,"template":"","format":"standard","meta":{"footnotes":""},"categories":[43,28,52],"tags":[],"class_list":["post-3155","post","type-post","status-publish","format-standard","has-post-thumbnail","hentry","category-assistenciasocial","category-educacao","category-latest"],"_links":{"self":[{"href":"https:\/\/www.santaritadopassaquatro.sp.gov.br\/portal\/wp-json\/wp\/v2\/posts\/3155","targetHints":{"allow":["GET"]}}],"collection":[{"href":"https:\/\/www.santaritadopassaquatro.sp.gov.br\/portal\/wp-json\/wp\/v2\/posts"}],"about":[{"href":"https:\/\/www.santaritadopassaquatro.sp.gov.br\/portal\/wp-json\/wp\/v2\/types\/post"}],"author":[{"embeddable":true,"href":"https:\/\/www.santaritadopassaquatro.sp.gov.br\/portal\/wp-json\/wp\/v2\/users\/1"}],"replies":[{"embeddable":true,"href":"https:\/\/www.santaritadopassaquatro.sp.gov.br\/portal\/wp-json\/wp\/v2\/comments?post=3155"}],"version-history":[{"count":1,"href":"https:\/\/www.santaritadopassaquatro.sp.gov.br\/portal\/wp-json\/wp\/v2\/posts\/3155\/revisions"}],"predecessor-version":[{"id":3159,"href":"https:\/\/www.santaritadopassaquatro.sp.gov.br\/portal\/wp-json\/wp\/v2\/posts\/3155\/revisions\/3159"}],"wp:featuredmedia":[{"embeddable":true,"href":"https:\/\/www.santaritadopassaquatro.sp.gov.br\/portal\/wp-json\/wp\/v2\/media\/3158"}],"wp:attachment":[{"href":"https:\/\/www.santaritadopassaquatro.sp.gov.br\/portal\/wp-json\/wp\/v2\/media?parent=3155"}],"wp:term":[{"taxonomy":"category","embeddable":true,"href":"https:\/\/www.santaritadopassaquatro.sp.gov.br\/portal\/wp-json\/wp\/v2\/categories?post=3155"},{"taxonomy":"post_tag","embeddable":true,"href":"https:\/\/www.santaritadopassaquatro.sp.gov.br\/portal\/wp-json\/wp\/v2\/tags?post=3155"}],"curies":[{"name":"wp","href":"https:\/\/api.w.org\/{rel}","templated":true}]}}