{"id":3190,"date":"2020-01-24T16:56:08","date_gmt":"2020-01-24T18:56:08","guid":{"rendered":"http:\/\/www.santaritadopassaquatro.sp.gov.br\/portal\/?p=3190"},"modified":"2020-01-24T16:56:08","modified_gmt":"2020-01-24T18:56:08","slug":"carnaval-2020-grande-expectativa-para-mais-um-santacarnafolia-na-estancia","status":"publish","type":"post","link":"https:\/\/www.santaritadopassaquatro.sp.gov.br\/portal\/carnaval-2020-grande-expectativa-para-mais-um-santacarnafolia-na-estancia\/","title":{"rendered":"CARNAVAL 2020:\u00a0Grande expectativa para mais um Santacarnafolia na Est\u00e2ncia \u00a0"},"content":{"rendered":"<p><strong><em>Promovido pelo Departamento Municipal de Turismo, na Pra\u00e7a Poeta Mario Mattoso, evento ir\u00e1 oferecer mais op\u00e7\u00f5es para \u00e0s fam\u00edlias, com conforto e seguran\u00e7a <\/em><\/strong><\/p>\n<p>&nbsp;<\/p>\n<figure id=\"attachment_3192\" aria-describedby=\"caption-attachment-3192\" style=\"width: 300px\" class=\"wp-caption alignleft\"><img decoding=\"async\" class=\"wp-image-3192 size-medium\" src=\"http:\/\/www.santaritadopassaquatro.sp.gov.br\/portal\/wp-content\/uploads\/2020\/01\/carnaval_publico01-300x200.jpg\" alt=\"\" width=\"300\" height=\"200\" srcset=\"https:\/\/www.santaritadopassaquatro.sp.gov.br\/portal\/wp-content\/uploads\/2020\/01\/carnaval_publico01-300x200.jpg 300w, https:\/\/www.santaritadopassaquatro.sp.gov.br\/portal\/wp-content\/uploads\/2020\/01\/carnaval_publico01-768x512.jpg 768w, https:\/\/www.santaritadopassaquatro.sp.gov.br\/portal\/wp-content\/uploads\/2020\/01\/carnaval_publico01-1024x682.jpg 1024w, https:\/\/www.santaritadopassaquatro.sp.gov.br\/portal\/wp-content\/uploads\/2020\/01\/carnaval_publico01.jpg 1976w\" sizes=\"(max-width: 300px) 100vw, 300px\" \/><figcaption id=\"caption-attachment-3192\" class=\"wp-caption-text\"><span style=\"font-size: 8pt; color: #808080;\"><em><strong>O p\u00fablico tomou conta da Pra\u00e7a da Esta\u00e7\u00e3o durante o Carnaval 2019 (Arquivo\/ AssCom\/Divulga\u00e7\u00e3o)<\/strong><\/em><\/span><\/figcaption><\/figure>\n<p>Falta menos de um m\u00eas para o Carnaval 2020 e a expectativa para pais um Santacanafolia, em Santa Rita do Passa Quatro, \u00e9 grande. O evento est\u00e1 sendo organizado pelo Setor de Turismo da Prefeitura Municipal. Este ano, mais uma vez ser\u00e1 promovido na Pra\u00e7a Poeta M\u00e1rio Mattoso (Esta\u00e7\u00e3o). A festa acontece nos dias 22, 23, 24 e 25 de fevereiro, com hor\u00e1rios, das 17h \u00e0s 23 horas, de s\u00e1bado \u00e0 segunda-feira, e das 17h \u00e0s 22 horas, na ter\u00e7a-feira.<\/p>\n<p>A exemplo de 2018 e 2019, o Santacarnafolia 2020, traz de volta a magia das antigas marchinhas e m\u00fasicas infantis na primeira parte e os sucessos atuais nos diversos estilos carnavalescos no restante da noite.<\/p>\n<figure id=\"attachment_3191\" aria-describedby=\"caption-attachment-3191\" style=\"width: 300px\" class=\"wp-caption alignright\"><img decoding=\"async\" class=\"wp-image-3191 size-medium\" src=\"http:\/\/www.santaritadopassaquatro.sp.gov.br\/portal\/wp-content\/uploads\/2020\/01\/carnaval_marchinhas-300x200.jpg\" alt=\"\" width=\"300\" height=\"200\" srcset=\"https:\/\/www.santaritadopassaquatro.sp.gov.br\/portal\/wp-content\/uploads\/2020\/01\/carnaval_marchinhas-300x200.jpg 300w, https:\/\/www.santaritadopassaquatro.sp.gov.br\/portal\/wp-content\/uploads\/2020\/01\/carnaval_marchinhas-768x512.jpg 768w, https:\/\/www.santaritadopassaquatro.sp.gov.br\/portal\/wp-content\/uploads\/2020\/01\/carnaval_marchinhas-1024x682.jpg 1024w, https:\/\/www.santaritadopassaquatro.sp.gov.br\/portal\/wp-content\/uploads\/2020\/01\/carnaval_marchinhas.jpg 1976w\" sizes=\"(max-width: 300px) 100vw, 300px\" \/><figcaption id=\"caption-attachment-3191\" class=\"wp-caption-text\"><span style=\"font-size: 8pt; color: #808080;\"><em><strong>O Santacarnafolia traz de volta as tradicionais marchinhas dos antigos carnavais (Arquivo\/ AssCom\/Divulga\u00e7\u00e3o)<\/strong><\/em><\/span><\/figcaption><\/figure>\n<p>Toda a programa\u00e7\u00e3o acontece com entrada gratuita e participa\u00e7\u00e3o da feira do Turismo, em com completa pra\u00e7a de alimenta\u00e7\u00e3o. A prefeitura tamb\u00e9m est\u00e1 definindo com a Pol\u00edcia Militar para atua\u00e7\u00e3o com seu efetivo no aux\u00edlio \u00e0 seguran\u00e7a, dentro do programa Atividade Delegada, com a possibilidade de contar com monitoramento de c\u00e2meras de seguran\u00e7a.<\/p>\n<p>Para oferecer mais conforto e seguran\u00e7a \u00e0s fam\u00edlias, tamb\u00e9m como aconteceu no ano passado, mais uma vez haver\u00e1 uma \u00e1rea destinada \u00e0s crian\u00e7as. O Espa\u00e7o Kids ser\u00e1 reservado \u00e0 divers\u00e3o da garotada e para melhor atender as fam\u00edlias.<\/p>\n<p>Para o Setor de Turismo, a realiza\u00e7\u00e3o do Carnaval Popular, al\u00e9m de oferecer entretenimento gratuito \u00e0 popula\u00e7\u00e3o, tamb\u00e9m estimula toda a cadeia produtiva do turismo, j\u00e1 que o evento, ao longo dos anos vem ganhando destaque em toda a regi\u00e3o, colaborando com o desenvolvimento econ\u00f4mico do munic\u00edpio.<\/p>\n<p>&nbsp;<\/p>\n<p><strong>SERVI\u00c7O<\/strong><\/p>\n<p><strong>CARNAVAL 2020<br \/>\n<\/strong><strong>Data:<\/strong> 22, 23, 24 e 25 de fevereiro.<br \/>\n<strong>Local:<\/strong> Pra\u00e7a Poeta Mario Mattoso (Esta\u00e7\u00e3o).<br \/>\n<strong>Hor\u00e1rio:<\/strong> a partir das 17 horas.<\/p>\n<p>&nbsp;<\/p>\n<p>&nbsp;<\/p>\n<p>&nbsp;<\/p>\n<p>&nbsp;<\/p>\n<p>&nbsp;<\/p>\n<p>&nbsp;<\/p>\n<p>&nbsp;<\/p>\n<p>&nbsp;<\/p>\n","protected":false},"excerpt":{"rendered":"<p>Promovido pelo Departamento Municipal de Turismo, na Pra\u00e7a Poeta Mario Mattoso, evento ir\u00e1 oferecer mais op\u00e7\u00f5es para \u00e0s fam\u00edlias, com<\/p>\n","protected":false},"author":1,"featured_media":3191,"comment_status":"closed","ping_status":"open","sticky":false,"template":"","format":"standard","meta":{"footnotes":""},"categories":[46,60],"tags":[],"class_list":["post-3190","post","type-post","status-publish","format-standard","has-post-thumbnail","hentry","category-cultura","category-turismo"],"_links":{"self":[{"href":"https:\/\/www.santaritadopassaquatro.sp.gov.br\/portal\/wp-json\/wp\/v2\/posts\/3190","targetHints":{"allow":["GET"]}}],"collection":[{"href":"https:\/\/www.santaritadopassaquatro.sp.gov.br\/portal\/wp-json\/wp\/v2\/posts"}],"about":[{"href":"https:\/\/www.santaritadopassaquatro.sp.gov.br\/portal\/wp-json\/wp\/v2\/types\/post"}],"author":[{"embeddable":true,"href":"https:\/\/www.santaritadopassaquatro.sp.gov.br\/portal\/wp-json\/wp\/v2\/users\/1"}],"replies":[{"embeddable":true,"href":"https:\/\/www.santaritadopassaquatro.sp.gov.br\/portal\/wp-json\/wp\/v2\/comments?post=3190"}],"version-history":[{"count":0,"href":"https:\/\/www.santaritadopassaquatro.sp.gov.br\/portal\/wp-json\/wp\/v2\/posts\/3190\/revisions"}],"wp:featuredmedia":[{"embeddable":true,"href":"https:\/\/www.santaritadopassaquatro.sp.gov.br\/portal\/wp-json\/wp\/v2\/media\/3191"}],"wp:attachment":[{"href":"https:\/\/www.santaritadopassaquatro.sp.gov.br\/portal\/wp-json\/wp\/v2\/media?parent=3190"}],"wp:term":[{"taxonomy":"category","embeddable":true,"href":"https:\/\/www.santaritadopassaquatro.sp.gov.br\/portal\/wp-json\/wp\/v2\/categories?post=3190"},{"taxonomy":"post_tag","embeddable":true,"href":"https:\/\/www.santaritadopassaquatro.sp.gov.br\/portal\/wp-json\/wp\/v2\/tags?post=3190"}],"curies":[{"name":"wp","href":"https:\/\/api.w.org\/{rel}","templated":true}]}}