{"id":3196,"date":"2020-01-24T16:59:14","date_gmt":"2020-01-24T18:59:14","guid":{"rendered":"http:\/\/www.santaritadopassaquatro.sp.gov.br\/portal\/?p=3196"},"modified":"2020-01-24T16:59:14","modified_gmt":"2020-01-24T18:59:14","slug":"3o-mutirao-para-retirada-de-rg-sera-realizado-na-cidade-e-na-estrela","status":"publish","type":"post","link":"https:\/\/www.santaritadopassaquatro.sp.gov.br\/portal\/3o-mutirao-para-retirada-de-rg-sera-realizado-na-cidade-e-na-estrela\/","title":{"rendered":"3\u00ba mutir\u00e3o para retirada de RG ser\u00e1 realizado na cidade e na Estrela"},"content":{"rendered":"<p><strong><em>A\u00e7\u00e3o em conjunta entre Prefeitura e IIRGD acontece no Centro Cultural M\u00e1rio Covas, e na EMEF Jo\u00e3o Baptista da Rocha Corr\u00eaa \u00a0<\/em><\/strong><\/p>\n<p>&nbsp;<\/p>\n<figure id=\"attachment_3198\" aria-describedby=\"caption-attachment-3198\" style=\"width: 373px\" class=\"wp-caption alignleft\"><img decoding=\"async\" class=\"wp-image-3198 \" src=\"http:\/\/www.santaritadopassaquatro.sp.gov.br\/portal\/wp-content\/uploads\/2020\/01\/2_mutirao_RG_01-300x200.jpg\" alt=\"\" width=\"373\" height=\"249\" srcset=\"https:\/\/www.santaritadopassaquatro.sp.gov.br\/portal\/wp-content\/uploads\/2020\/01\/2_mutirao_RG_01-300x200.jpg 300w, https:\/\/www.santaritadopassaquatro.sp.gov.br\/portal\/wp-content\/uploads\/2020\/01\/2_mutirao_RG_01-768x512.jpg 768w, https:\/\/www.santaritadopassaquatro.sp.gov.br\/portal\/wp-content\/uploads\/2020\/01\/2_mutirao_RG_01-1024x683.jpg 1024w\" sizes=\"(max-width: 373px) 100vw, 373px\" \/><figcaption id=\"caption-attachment-3198\" class=\"wp-caption-text\"><span style=\"font-size: 8pt; color: #999999;\"><em><strong>A vice prefeita Maria Rita junto a equipe que atuou no 2\u00ba mutir\u00e3o para emiss\u00e3o de RG em Santa Rita (Arquivo\/AssCom\/Divulga\u00e7\u00e3o<\/strong><\/em><\/span>)<\/figcaption><\/figure>\n<p>A prefeitura de Santa Rita do Passa Quatro e o Instituto de Identifica\u00e7\u00e3o Ricardo Gumbleton Daunt (IIRGD), \u00f3rg\u00e3o da Pol\u00edcia Civil do Estado de S\u00e3o Paulo, ir\u00e3o promover mais um mutir\u00e3o para emiss\u00e3o de documentos de identidade (RG) para moradores do munic\u00edpio.<\/p>\n<p>A terceira edi\u00e7\u00e3o do mutir\u00e3o acontece nos pr\u00f3ximos dia 12 de fevereiro, quarta-feira, \u00e0 partir das 9 horas, na EMEF Jo\u00e3o Baptista da Rocha Corr\u00eaa, no distrito de Santa Cruz da Estrela. Depois segue para o Centro Cultural Mario Covas, nos dias 13, 14 e 15 de fevereiro (quinta-feira, sexta-feira e s\u00e1bado), a partir das 9 horas, atendimento por ordem de chegada, com distribui\u00e7\u00e3o de senhas.<\/p>\n<p>Mais uma vez o trabalho ser\u00e1 realizado pelo Setor de Identifica\u00e7\u00e3o M\u00f3vel do IIRGD e visa a miss\u00e3o do documento para menores de 18 anos (1\u00aa via) e renova\u00e7\u00e3o (2\u00aa via). Cerca de 10 policiais civis, entre papiloscopistas e auxiliares do IIRGD, far\u00e3o o atendimento.<\/p>\n<p>Para emiss\u00e3o da 1\u00aa via, o servi\u00e7o, gratuito, por\u00e9m s\u00f3 pode ser oferecido a menores de 18 anos que ainda n\u00e3o possuem o documento. Para isso ser\u00e1 necess\u00e1rio apresentar a original da Certid\u00e3o de Nascimento e uma foto 3\/4 recente, colorida, e com fundo branco. Menores de 16 anos devem estar acompanhados dos pais ou respons\u00e1vel legal (portando a guarda ou tutela). Com idade entre 16 a menores de 18, basta a apresentar a certid\u00e3o e a foto.<\/p>\n<p>Para renova\u00e7\u00e3o (2\u00aa via) ser\u00e1 necess\u00e1rio pagar uma taxa de R$ 41,42 e apresentar original ou c\u00f3pia do RG anterior, foto 3\/4 recente, colorida, com fundo branco, certid\u00e3o de nascimento ou casamento atualizada, com averba\u00e7\u00e3o em caso de viuvez ou separa\u00e7\u00e3o. Est\u00e3o isentos da taxa desempregados, mediante apresenta\u00e7\u00e3o de carteira de trabalho, idosos (mulheres com idade acima de 60 anos e homens acima dos 64 anos). Ser\u00e3o emitidos apenas a 2\u00aa via de documentos do Estado de S\u00e3o Paulo.<\/p>\n<p>A emiss\u00e3o do RG \u00e9 uma atribui\u00e7\u00e3o da Secretaria da Seguran\u00e7a P\u00fablica dentro do Estado de S\u00e3o Paulo, a emiss\u00e3o dos novos documentos \u00e9 feita por interm\u00e9dio do IIRGD.<\/p>\n<p>Os dois primeiros mutir\u00f5es na cidade foram realizados em novembro e dezembro de 2019, com cerca de 750 pessoas atendidas.<\/p>\n<p>A realiza\u00e7\u00e3o mutir\u00f5es foram definidas em fun\u00e7\u00e3o da grande demanda apresentada no munic\u00edpio, em conjunto com delegado Domingos Antonio de Mattos, do diretor Administrativo da prefeitura, Luiz Aparecido Correia, do chefe do servi\u00e7o itinerante do IIRGD, Jorge Alvaro Gonzaga, e da auxiliar de papiloscopista Marta Ferreira Cheles da Silva, o policial civil Rodrigo Boscoli e al\u00e9m policial civil aposentado e volunt\u00e1rio Ademir Fiorelli, que est\u00e1 colaborando com a a\u00e7\u00e3o.<\/p>\n<p>&nbsp;<\/p>\n<p>&nbsp;<\/p>\n<p>&nbsp;<\/p>\n<p><em>\u00a0<\/em><\/p>\n<p>&nbsp;<\/p>\n<p><em>\u00a0<\/em><\/p>\n<p>&nbsp;<\/p>\n","protected":false},"excerpt":{"rendered":"<p>A\u00e7\u00e3o em conjunta entre Prefeitura e IIRGD acontece no Centro Cultural M\u00e1rio Covas, e na EMEF Jo\u00e3o Baptista da Rocha<\/p>\n","protected":false},"author":1,"featured_media":3197,"comment_status":"closed","ping_status":"open","sticky":false,"template":"","format":"standard","meta":{"footnotes":""},"categories":[44,48,52],"tags":[],"class_list":["post-3196","post","type-post","status-publish","format-standard","has-post-thumbnail","hentry","category-cidades","category-featured","category-latest"],"_links":{"self":[{"href":"https:\/\/www.santaritadopassaquatro.sp.gov.br\/portal\/wp-json\/wp\/v2\/posts\/3196","targetHints":{"allow":["GET"]}}],"collection":[{"href":"https:\/\/www.santaritadopassaquatro.sp.gov.br\/portal\/wp-json\/wp\/v2\/posts"}],"about":[{"href":"https:\/\/www.santaritadopassaquatro.sp.gov.br\/portal\/wp-json\/wp\/v2\/types\/post"}],"author":[{"embeddable":true,"href":"https:\/\/www.santaritadopassaquatro.sp.gov.br\/portal\/wp-json\/wp\/v2\/users\/1"}],"replies":[{"embeddable":true,"href":"https:\/\/www.santaritadopassaquatro.sp.gov.br\/portal\/wp-json\/wp\/v2\/comments?post=3196"}],"version-history":[{"count":0,"href":"https:\/\/www.santaritadopassaquatro.sp.gov.br\/portal\/wp-json\/wp\/v2\/posts\/3196\/revisions"}],"wp:featuredmedia":[{"embeddable":true,"href":"https:\/\/www.santaritadopassaquatro.sp.gov.br\/portal\/wp-json\/wp\/v2\/media\/3197"}],"wp:attachment":[{"href":"https:\/\/www.santaritadopassaquatro.sp.gov.br\/portal\/wp-json\/wp\/v2\/media?parent=3196"}],"wp:term":[{"taxonomy":"category","embeddable":true,"href":"https:\/\/www.santaritadopassaquatro.sp.gov.br\/portal\/wp-json\/wp\/v2\/categories?post=3196"},{"taxonomy":"post_tag","embeddable":true,"href":"https:\/\/www.santaritadopassaquatro.sp.gov.br\/portal\/wp-json\/wp\/v2\/tags?post=3196"}],"curies":[{"name":"wp","href":"https:\/\/api.w.org\/{rel}","templated":true}]}}