{"id":3200,"date":"2020-01-24T17:02:17","date_gmt":"2020-01-24T19:02:17","guid":{"rendered":"http:\/\/www.santaritadopassaquatro.sp.gov.br\/portal\/?p=3200"},"modified":"2020-01-24T17:02:17","modified_gmt":"2020-01-24T19:02:17","slug":"programa-de-recapeamento-chega-ao-bairro-jardim-alvorada","status":"publish","type":"post","link":"https:\/\/www.santaritadopassaquatro.sp.gov.br\/portal\/programa-de-recapeamento-chega-ao-bairro-jardim-alvorada\/","title":{"rendered":"Programa de recapeamento chega ao bairro Jardim Alvorada"},"content":{"rendered":"<p><strong><em>Ao todo j\u00e1 foram investidos mais de 10 milh\u00f5es em recupera\u00e7\u00e3o de ruas na cidade, em trabalhos iniciados ainda em 2014<\/em><\/strong><\/p>\n<p>&nbsp;<\/p>\n<figure id=\"attachment_3202\" aria-describedby=\"caption-attachment-3202\" style=\"width: 300px\" class=\"wp-caption alignleft\"><img decoding=\"async\" class=\"wp-image-3202 size-medium\" src=\"http:\/\/www.santaritadopassaquatro.sp.gov.br\/portal\/wp-content\/uploads\/2020\/01\/Alvorada_Recape_02-300x200.jpg\" alt=\"\" width=\"300\" height=\"200\" srcset=\"https:\/\/www.santaritadopassaquatro.sp.gov.br\/portal\/wp-content\/uploads\/2020\/01\/Alvorada_Recape_02-300x200.jpg 300w, https:\/\/www.santaritadopassaquatro.sp.gov.br\/portal\/wp-content\/uploads\/2020\/01\/Alvorada_Recape_02-768x512.jpg 768w, https:\/\/www.santaritadopassaquatro.sp.gov.br\/portal\/wp-content\/uploads\/2020\/01\/Alvorada_Recape_02-1024x683.jpg 1024w\" sizes=\"(max-width: 300px) 100vw, 300px\" \/><figcaption id=\"caption-attachment-3202\" class=\"wp-caption-text\"><span style=\"font-size: 8pt; color: #999999;\"><em><strong> O prefeito observando os oper\u00e1rios empresa que recapeou o Jardim Alvorada (AssCom\/Divulga\u00e7\u00e3o)<\/strong><\/em><\/span><\/figcaption><\/figure>\n<p>Terminou na \u00faltima quarta-feira (22\/1) o trabalho de recapeamento das ruas de mais um bairro da cidade. Desta vez foi beneficiado o Jardim Alvorada, com a recupera\u00e7\u00e3o das ruas Ana Grat\u00e3o Cunha, Jo\u00e3o Della Maggiora, Redemptor Gracioso, Lu\u00eds Medeiros da Silva, Ant\u00f4nio Daldegan, Maria Helena F. Meirelles, J\u00e1como Zanotto e Lu\u00eds Fonseca Souza Meirelles cobrindo praticamente todo bairro.<\/p>\n<p><img decoding=\"async\" class=\"alignnone size-medium wp-image-3204 alignright\" src=\"http:\/\/www.santaritadopassaquatro.sp.gov.br\/portal\/wp-content\/uploads\/2020\/01\/Alvorada_Recape_04antes_depois-300x200.jpg\" alt=\"\" width=\"300\" height=\"200\" srcset=\"https:\/\/www.santaritadopassaquatro.sp.gov.br\/portal\/wp-content\/uploads\/2020\/01\/Alvorada_Recape_04antes_depois-300x200.jpg 300w, https:\/\/www.santaritadopassaquatro.sp.gov.br\/portal\/wp-content\/uploads\/2020\/01\/Alvorada_Recape_04antes_depois-768x512.jpg 768w, https:\/\/www.santaritadopassaquatro.sp.gov.br\/portal\/wp-content\/uploads\/2020\/01\/Alvorada_Recape_04antes_depois-1024x683.jpg 1024w\" sizes=\"(max-width: 300px) 100vw, 300px\" \/>Ao todo foram mais 16.328 metros quadrados de recapeamento, com investimento de cerca de R$ 600 mil, recursos do Minist\u00e9rio das Cidades, conquistados como apoio do Deputado Federal Carlos Sampaio, por solicita\u00e7\u00e3o do prefeito Leandro Luciano dos Santos.<\/p>\n<p><img decoding=\"async\" class=\"alignnone size-medium wp-image-3203 alignleft\" src=\"http:\/\/www.santaritadopassaquatro.sp.gov.br\/portal\/wp-content\/uploads\/2020\/01\/Alvorada_Recape_03antes_depois-300x200.jpg\" alt=\"\" width=\"300\" height=\"200\" srcset=\"https:\/\/www.santaritadopassaquatro.sp.gov.br\/portal\/wp-content\/uploads\/2020\/01\/Alvorada_Recape_03antes_depois-300x200.jpg 300w, https:\/\/www.santaritadopassaquatro.sp.gov.br\/portal\/wp-content\/uploads\/2020\/01\/Alvorada_Recape_03antes_depois-768x512.jpg 768w, https:\/\/www.santaritadopassaquatro.sp.gov.br\/portal\/wp-content\/uploads\/2020\/01\/Alvorada_Recape_03antes_depois-1024x683.jpg 1024w\" sizes=\"(max-width: 300px) 100vw, 300px\" \/>O trabalho, que pode ser considerado o maior programa de recupera\u00e7\u00e3o de vias p\u00fablicas j\u00e1 executado no munic\u00edpio, nos \u00faltimos anos, j\u00e1 recapeou mais 360 mil metros quadrados de rua na maioria dos bairros da cidade.<\/p>\n<p>&nbsp;<\/p>\n<p><strong><img decoding=\"async\" class=\"alignnone size-medium wp-image-3201 alignright\" src=\"http:\/\/www.santaritadopassaquatro.sp.gov.br\/portal\/wp-content\/uploads\/2020\/01\/Alvorada_Recape_05antes_depois-300x200.jpg\" alt=\"\" width=\"300\" height=\"200\" srcset=\"https:\/\/www.santaritadopassaquatro.sp.gov.br\/portal\/wp-content\/uploads\/2020\/01\/Alvorada_Recape_05antes_depois-300x200.jpg 300w, https:\/\/www.santaritadopassaquatro.sp.gov.br\/portal\/wp-content\/uploads\/2020\/01\/Alvorada_Recape_05antes_depois-768x512.jpg 768w, https:\/\/www.santaritadopassaquatro.sp.gov.br\/portal\/wp-content\/uploads\/2020\/01\/Alvorada_Recape_05antes_depois-1024x683.jpg 1024w\" sizes=\"(max-width: 300px) 100vw, 300px\" \/>MAIS BAIRROS E ESTRELA<\/strong><\/p>\n<p>O programa ir\u00e1 continuar em breve beneficiando mais bairros e o distrito de Santa Cruz da Estrela. J\u00e1 est\u00e3o confirmados mais R$ 2,3 milh\u00f5es, para a recupera\u00e7\u00e3o de ruas da cidade. Deste total, R$ 1 milh\u00e3o do governo do Estado, atrav\u00e9s do governador Jo\u00e3o D\u00f3ria, e outro R$ 1,3 milh\u00e3o, mais uma vez do Deputado Carlos Sampaio. Sendo que deste montante, R$ 300 mil ser\u00e3o aplicados nas ruas de Santa Cruz da Estrela. \u201cTenho orgulho de afirmar que desde o in\u00edcio do nosso trabalho, j\u00e1 investimos mais de R$ 10 milh\u00f5es em recupera\u00e7\u00e3o de ruas da cidade, proporcionando mais conforto e seguran\u00e7a para nossa popula\u00e7\u00e3o\u201d, disse o prefeito.<\/p>\n<p>&nbsp;<\/p>\n<p>&nbsp;<\/p>\n<p>&nbsp;<\/p>\n<p>&nbsp;<\/p>\n<p>&nbsp;<\/p>\n<p>&nbsp;<\/p>\n","protected":false},"excerpt":{"rendered":"<p>Ao todo j\u00e1 foram investidos mais de 10 milh\u00f5es em recupera\u00e7\u00e3o de ruas na cidade, em trabalhos iniciados ainda em<\/p>\n","protected":false},"author":1,"featured_media":3202,"comment_status":"closed","ping_status":"open","sticky":false,"template":"","format":"standard","meta":{"footnotes":""},"categories":[44,52,55],"tags":[],"class_list":["post-3200","post","type-post","status-publish","format-standard","has-post-thumbnail","hentry","category-cidades","category-latest","category-obras"],"_links":{"self":[{"href":"https:\/\/www.santaritadopassaquatro.sp.gov.br\/portal\/wp-json\/wp\/v2\/posts\/3200","targetHints":{"allow":["GET"]}}],"collection":[{"href":"https:\/\/www.santaritadopassaquatro.sp.gov.br\/portal\/wp-json\/wp\/v2\/posts"}],"about":[{"href":"https:\/\/www.santaritadopassaquatro.sp.gov.br\/portal\/wp-json\/wp\/v2\/types\/post"}],"author":[{"embeddable":true,"href":"https:\/\/www.santaritadopassaquatro.sp.gov.br\/portal\/wp-json\/wp\/v2\/users\/1"}],"replies":[{"embeddable":true,"href":"https:\/\/www.santaritadopassaquatro.sp.gov.br\/portal\/wp-json\/wp\/v2\/comments?post=3200"}],"version-history":[{"count":0,"href":"https:\/\/www.santaritadopassaquatro.sp.gov.br\/portal\/wp-json\/wp\/v2\/posts\/3200\/revisions"}],"wp:featuredmedia":[{"embeddable":true,"href":"https:\/\/www.santaritadopassaquatro.sp.gov.br\/portal\/wp-json\/wp\/v2\/media\/3202"}],"wp:attachment":[{"href":"https:\/\/www.santaritadopassaquatro.sp.gov.br\/portal\/wp-json\/wp\/v2\/media?parent=3200"}],"wp:term":[{"taxonomy":"category","embeddable":true,"href":"https:\/\/www.santaritadopassaquatro.sp.gov.br\/portal\/wp-json\/wp\/v2\/categories?post=3200"},{"taxonomy":"post_tag","embeddable":true,"href":"https:\/\/www.santaritadopassaquatro.sp.gov.br\/portal\/wp-json\/wp\/v2\/tags?post=3200"}],"curies":[{"name":"wp","href":"https:\/\/api.w.org\/{rel}","templated":true}]}}