{"id":3212,"date":"2020-01-24T17:09:32","date_gmt":"2020-01-24T19:09:32","guid":{"rendered":"http:\/\/www.santaritadopassaquatro.sp.gov.br\/portal\/?p=3212"},"modified":"2020-01-24T17:09:32","modified_gmt":"2020-01-24T19:09:32","slug":"prefeito-de-santa-rita-e-reeleito-presidente-da-aprecesp","status":"publish","type":"post","link":"https:\/\/www.santaritadopassaquatro.sp.gov.br\/portal\/prefeito-de-santa-rita-e-reeleito-presidente-da-aprecesp\/","title":{"rendered":"Prefeito de Santa Rita \u00e9 reeleito presidente da Aprecesp"},"content":{"rendered":"<p>&nbsp;<\/p>\n<p><strong><em>Em chapa \u00fanica, Leandro Luciano dos Santos foi conduzido para o cargo m\u00e1ximo na mesa da entidade que representa 70 est\u00e2ncias paulistas <\/em><\/strong><\/p>\n<p><strong><em>\u00a0<\/em><\/strong><\/p>\n<figure id=\"attachment_3215\" aria-describedby=\"caption-attachment-3215\" style=\"width: 415px\" class=\"wp-caption alignleft\"><img decoding=\"async\" class=\"wp-image-3215\" src=\"http:\/\/www.santaritadopassaquatro.sp.gov.br\/portal\/wp-content\/uploads\/2020\/01\/Aprecesp_eleicao_2020_02-300x123.jpg\" alt=\"\" width=\"415\" height=\"170\" srcset=\"https:\/\/www.santaritadopassaquatro.sp.gov.br\/portal\/wp-content\/uploads\/2020\/01\/Aprecesp_eleicao_2020_02-300x123.jpg 300w, https:\/\/www.santaritadopassaquatro.sp.gov.br\/portal\/wp-content\/uploads\/2020\/01\/Aprecesp_eleicao_2020_02-768x314.jpg 768w, https:\/\/www.santaritadopassaquatro.sp.gov.br\/portal\/wp-content\/uploads\/2020\/01\/Aprecesp_eleicao_2020_02-1024x419.jpg 1024w\" sizes=\"(max-width: 415px) 100vw, 415px\" \/><figcaption id=\"caption-attachment-3215\" class=\"wp-caption-text\"><span style=\"font-size: 8pt; color: #999999;\"><em><strong> O presidente reeleito da Aprecesp com os secret\u00e1rios de Turismo e Desenvolvimento Regional e o presidente da APM durante a posse (Divulga\u00e7\u00e3o)<\/strong><\/em><\/span><\/figcaption><\/figure>\n<p>Mais uma vez, Santa Rita do Passa Quatro tem seu prefeito assumindo o cargo m\u00e1ximo em uma das entidades mais representativas no setor turismo nacional. No \u00faltimo dia 16 de janeiro, quinta-feira, o prefeito Leandro Luciano dos Santos foi reeleito presidente da nova Diretoria Executiva e da Aprecesp (Associa\u00e7\u00e3o das Prefeituras das Cidades Est\u00e2ncia do Estado de S\u00e3o Paulo).<\/p>\n<p>A elei\u00e7\u00e3o e posse aconteceram na Assembleia Legislativa do Estado de S\u00e3o Paulo, no audit\u00f3rio Paulo Kabyashi, com a presen\u00e7a dos secret\u00e1rios de Estado, Vinicius Lummertz (Turismo) e Marco Vinholi (Desenvolvimento Regional), ambos representando o governador Jo\u00e3o D\u00f3ria. Tamb\u00e9m estiveram presentes, o prefeito de Ribeir\u00e3o Preto, Duarte Nogueira, e o presidente da Associa\u00e7\u00e3o Paulista dos Munic\u00edpios, Carlos Cruz, entre outras autoridades.<\/p>\n<figure id=\"attachment_3214\" aria-describedby=\"caption-attachment-3214\" style=\"width: 300px\" class=\"wp-caption alignright\"><img decoding=\"async\" class=\"wp-image-3214 size-medium\" src=\"http:\/\/www.santaritadopassaquatro.sp.gov.br\/portal\/wp-content\/uploads\/2020\/01\/Aprecesp_eleicao_2020_01-300x225.jpg\" alt=\"\" width=\"300\" height=\"225\" srcset=\"https:\/\/www.santaritadopassaquatro.sp.gov.br\/portal\/wp-content\/uploads\/2020\/01\/Aprecesp_eleicao_2020_01-300x225.jpg 300w, https:\/\/www.santaritadopassaquatro.sp.gov.br\/portal\/wp-content\/uploads\/2020\/01\/Aprecesp_eleicao_2020_01-768x576.jpg 768w, https:\/\/www.santaritadopassaquatro.sp.gov.br\/portal\/wp-content\/uploads\/2020\/01\/Aprecesp_eleicao_2020_01-1024x768.jpg 1024w\" sizes=\"(max-width: 300px) 100vw, 300px\" \/><figcaption id=\"caption-attachment-3214\" class=\"wp-caption-text\"><span style=\"font-size: 8pt; color: #999999;\"><strong><em>O prefeito de Santa Rita junto a nova diretoria da Aprecesp, durante a assembleia ordin\u00e1ria de elei\u00e7\u00e3o e posse, em S\u00e3o Paulo (Divulga\u00e7\u00e3o)<\/em><\/strong><\/span><\/figcaption><\/figure>\n<p>Durante Assembleia Geral Ordin\u00e1ria da Aprecesp, o prefeito santa-ritense foi reeleito foi aclama\u00e7\u00e3o, em chapa \u00fanica que recebeu o nome de \u201cVem Pra S\u00e3o Paulo\u201d (confira a seguir todos os integrantes). A nova diretoria assume em um bom momento para o turismo paulista, quando as est\u00e2ncias est\u00e3o ganhando mais destaque e import\u00e2ncia no desenvolvimento do setor no Estado de S\u00e3o Paulo.<\/p>\n<p>Em 2019, Leandro Luciano dos Santos ocupou a presid\u00eancia da entidade que representa as 70 est\u00e2ncias paulistas, concluindo um ano de muitas atividades, em sequ\u00eancia ao trabalho prefeito do munic\u00edpio de Itanha\u00e9m, Marco Aur\u00e9lio Gomes dos Santos, que ocupou a presid\u00eancia entre janeiro de 2018 e janeiro e 2019, sucedendo Fernando Fiori de Godoy, prefeito de Holambra, que ocupou o cargo em 2017.<\/p>\n<figure id=\"attachment_3213\" aria-describedby=\"caption-attachment-3213\" style=\"width: 300px\" class=\"wp-caption alignleft\"><img decoding=\"async\" class=\"wp-image-3213 size-medium\" src=\"http:\/\/www.santaritadopassaquatro.sp.gov.br\/portal\/wp-content\/uploads\/2020\/01\/Aprecesp_eleicao_2020_03-300x225.jpg\" alt=\"\" width=\"300\" height=\"225\" srcset=\"https:\/\/www.santaritadopassaquatro.sp.gov.br\/portal\/wp-content\/uploads\/2020\/01\/Aprecesp_eleicao_2020_03-300x225.jpg 300w, https:\/\/www.santaritadopassaquatro.sp.gov.br\/portal\/wp-content\/uploads\/2020\/01\/Aprecesp_eleicao_2020_03-768x576.jpg 768w, https:\/\/www.santaritadopassaquatro.sp.gov.br\/portal\/wp-content\/uploads\/2020\/01\/Aprecesp_eleicao_2020_03-1024x768.jpg 1024w\" sizes=\"(max-width: 300px) 100vw, 300px\" \/><figcaption id=\"caption-attachment-3213\" class=\"wp-caption-text\"><span style=\"font-size: 8pt; color: #999999;\"><em><strong>Os presentes na assembleia ordin\u00e1ria de elei\u00e7\u00e3o e posse da nova diretora da Aprecesp na Assembleia Legislativa, em S\u00e3o Paulo (Divulga\u00e7\u00e3o)<\/strong><\/em><\/span><\/figcaption><\/figure>\n<p>\u201c\u00c9 um orgulho muito grande, mais uma vez, poder levar o nome de Santa Rita no mais alto n\u00edvel, entre as cidades tur\u00edsticas do Estado e do Pa\u00eds, representado as 70 est\u00e2ncias paulistas\u201d, disse o prefeito. \u201c\u00c9 tamb\u00e9m uma honra poder participar de decis\u00f5es juntos aos secret\u00e1rios Vin\u00edcius Lummertz, de Turismo, e Marco Vinholi, de Desenvolvimento Regional, e prefeitos de grandes polos tur\u00edsticos como Campos do Jord\u00e3o e Holambra, entre outros\u201d, completou. \u201cAssim, seguiremos mais um ano colaborando de forma intensa pelo turismo em todo estado, na nossa amada Est\u00e2ncia, gerando desenvolvimento, emprego e renda para nossa popula\u00e7\u00e3o\u201d, concluiu.<\/p>\n<p><strong>\u00a0<\/strong><\/p>\n<p><strong>A APRECESP<\/strong><\/p>\n<p>Entidade privada e sem fins lucrativos, a Aprecesp representa os interesses e atua pelo fomento tur\u00edstico dos 70 munic\u00edpios est\u00e2ncia do Estado, al\u00e9m de ter assento no Conselho Estadual de Turismo, na C\u00e2mara de Turismo da Federa\u00e7\u00e3o do Com\u00e9rcio e no COC \u2013 Conselho de Orienta\u00e7\u00e3o e Controle do DADETUR \u2013 Departamento de Apoio ao Desenvolvimento dos Munic\u00edpios Tur\u00edsticos da Secretaria Estadual de Turismo.<\/p>\n<p>&nbsp;<\/p>\n<p><strong>CONFIRA QUEM \u00c9 A DIRETORIA EXECUTIVA E CONSELHO FISCAL DA APRECESP<\/strong><\/p>\n<ul>\n<li>Presidente: Leandro Luciano dos Santos (prefeito de Santa Rita do Passa Quatro);<br \/>\n1\u00ba Vice-Presidente &#8211; Clodomiro Correia de Toledo J\u00fanior (Santo Antonio do Pinhal);<\/li>\n<li>2\u00ba Vice-Presidente &#8211; Marco Antonio de Oliveira (Morungaba);<\/li>\n<li>1\u00ba Secret\u00e1rio &#8211; Mauro Ap. Garcia Banhos (Joan\u00f3polis);<\/li>\n<li>2\u00ba Secret\u00e1rio &#8211; Fernando Fiori de Godoy (Holambra);<\/li>\n<li>3\u00ba Secret\u00e1rio &#8211; Jesus Adib Abi Chedid (Bragan\u00e7a Paulista);<\/li>\n<li>1\u00ba Tesoureiro &#8211; Marco Aur\u00e9lio Gomes dos Santos (Itanha\u00e9m);<\/li>\n<li>2\u00ba Tesoureiro &#8211; Frederico Guidoni Scaranello (Campos do Jord\u00e3o);<\/li>\n<li>3\u00ba Tesoureiro &#8211; Ademir Maschio (Santa F\u00e9 do Sul).<\/li>\n<\/ul>\n<p>&nbsp;<\/p>\n<p><strong>CONSELHO FISCAL<\/strong><\/p>\n<ul>\n<li>Fernando Augusto Cunha (Prefeito de Ol\u00edmpia);<\/li>\n<li>Leandro Correa (Brotas);<\/li>\n<li>Durval Adelio de Morais (Eldorado);<\/li>\n<li>Alexandre de Siqueira Braga (S\u00e3o Jos\u00e9 do Barreiro);<\/li>\n<li>Edvard Colombo (Ibir\u00e1);<\/li>\n<li>Jo\u00e3o Mello (Ibi\u00fana);<\/li>\n<li>Sidney Ant\u00f4nio Ferraresso (Serra Negra);<\/li>\n<li>Carlos Henrique Fortes Dezena (\u00c1guas da Prata);<\/li>\n<li>Guilherme Gazzola (Itu).<\/li>\n<\/ul>\n<p>&nbsp;<\/p>\n<p>&nbsp;<\/p>\n<p>&nbsp;<\/p>\n","protected":false},"excerpt":{"rendered":"<p>&nbsp; Em chapa \u00fanica, Leandro Luciano dos Santos foi conduzido para o cargo m\u00e1ximo na mesa da entidade que representa<\/p>\n","protected":false},"author":1,"featured_media":3215,"comment_status":"closed","ping_status":"open","sticky":false,"template":"","format":"standard","meta":{"footnotes":""},"categories":[44,52,60],"tags":[],"class_list":["post-3212","post","type-post","status-publish","format-standard","has-post-thumbnail","hentry","category-cidades","category-latest","category-turismo"],"_links":{"self":[{"href":"https:\/\/www.santaritadopassaquatro.sp.gov.br\/portal\/wp-json\/wp\/v2\/posts\/3212","targetHints":{"allow":["GET"]}}],"collection":[{"href":"https:\/\/www.santaritadopassaquatro.sp.gov.br\/portal\/wp-json\/wp\/v2\/posts"}],"about":[{"href":"https:\/\/www.santaritadopassaquatro.sp.gov.br\/portal\/wp-json\/wp\/v2\/types\/post"}],"author":[{"embeddable":true,"href":"https:\/\/www.santaritadopassaquatro.sp.gov.br\/portal\/wp-json\/wp\/v2\/users\/1"}],"replies":[{"embeddable":true,"href":"https:\/\/www.santaritadopassaquatro.sp.gov.br\/portal\/wp-json\/wp\/v2\/comments?post=3212"}],"version-history":[{"count":0,"href":"https:\/\/www.santaritadopassaquatro.sp.gov.br\/portal\/wp-json\/wp\/v2\/posts\/3212\/revisions"}],"wp:featuredmedia":[{"embeddable":true,"href":"https:\/\/www.santaritadopassaquatro.sp.gov.br\/portal\/wp-json\/wp\/v2\/media\/3215"}],"wp:attachment":[{"href":"https:\/\/www.santaritadopassaquatro.sp.gov.br\/portal\/wp-json\/wp\/v2\/media?parent=3212"}],"wp:term":[{"taxonomy":"category","embeddable":true,"href":"https:\/\/www.santaritadopassaquatro.sp.gov.br\/portal\/wp-json\/wp\/v2\/categories?post=3212"},{"taxonomy":"post_tag","embeddable":true,"href":"https:\/\/www.santaritadopassaquatro.sp.gov.br\/portal\/wp-json\/wp\/v2\/tags?post=3212"}],"curies":[{"name":"wp","href":"https:\/\/api.w.org\/{rel}","templated":true}]}}