{"id":3237,"date":"2020-01-31T14:53:34","date_gmt":"2020-01-31T16:53:34","guid":{"rendered":"http:\/\/www.santaritadopassaquatro.sp.gov.br\/portal\/?p=3237"},"modified":"2020-01-31T14:53:34","modified_gmt":"2020-01-31T16:53:34","slug":"musica-departamento-de-cultura-e-turismo-anuncia-a-volta-do-fesc-em-2020","status":"publish","type":"post","link":"https:\/\/www.santaritadopassaquatro.sp.gov.br\/portal\/musica-departamento-de-cultura-e-turismo-anuncia-a-volta-do-fesc-em-2020\/","title":{"rendered":"M\u00daSICA\u00a0Departamento de Cultura e Turismo anuncia a volta do FESC em 2020  \u00a0"},"content":{"rendered":"<p><strong><em>Festival Santa-Ritense da Can\u00e7\u00e3o foi atra\u00e7\u00e3o do calend\u00e1rio de ventos nos anos de 2002 a 2004, com objetivo de incentivar o turismo cultural<\/em><\/strong><\/p>\n<p>&nbsp;<\/p>\n<figure id=\"attachment_3239\" aria-describedby=\"caption-attachment-3239\" style=\"width: 300px\" class=\"wp-caption alignleft\"><img decoding=\"async\" class=\"wp-image-3239 size-medium\" src=\"http:\/\/www.santaritadopassaquatro.sp.gov.br\/portal\/wp-content\/uploads\/2020\/01\/Publico-300x225.jpg\" alt=\"\" width=\"300\" height=\"225\" srcset=\"https:\/\/www.santaritadopassaquatro.sp.gov.br\/portal\/wp-content\/uploads\/2020\/01\/Publico-300x225.jpg 300w, https:\/\/www.santaritadopassaquatro.sp.gov.br\/portal\/wp-content\/uploads\/2020\/01\/Publico.jpg 614w\" sizes=\"(max-width: 300px) 100vw, 300px\" \/><figcaption id=\"caption-attachment-3239\" class=\"wp-caption-text\"><span style=\"font-size: 8pt; color: #999999;\"><em><strong>O p\u00fablico na pra\u00e7a da Esta\u00e7\u00e3o, tamb\u00e9m durante a 2\u00aa edi\u00e7\u00e3o do Festival Santa-Ritense da Can\u00e7\u00e3o, em 2003 (Arquivo\/Divulga\u00e7\u00e3o)<\/strong><\/em><\/span><\/figcaption><\/figure>\n<p>O Festival Santa-Ritense da Can\u00e7\u00e3o (FESC) estar\u00e1 de volta ao calend\u00e1rio cultural de 2020, elaborado pelo Departamento Municipal de Cultura e Turismo da Prefeitura Municipal de Santa Rita do Passa Quatro. A quarta edi\u00e7\u00e3o do evento est\u00e1 programada para acontecer nos meses de julho, com uma etapa local, e em setembro, em n\u00edvel nacional, encerrando a programa\u00e7\u00e3o do 59\u00ba Festival Zequinha de Abreu.<\/p>\n<p>O Festival Santa-Ritense da Can\u00e7\u00e3o \u00e9 um concurso musical que premia compositores, letristas e int\u00e9rpretes. O regulamento est\u00e1 sendo elaborado pela organiza\u00e7\u00e3o e os concorrentes dever\u00e3o inscrever tr\u00eas trabalhos in\u00e9ditos, que ser\u00e3o pr\u00e9-selecionados para apresenta\u00e7\u00f5es ao p\u00fablico em duas semifinais e uma final. Os melhores receber\u00e3o pr\u00eamios em dinheiro, al\u00e9m de trof\u00e9us e certificados de participa\u00e7\u00e3o.<\/p>\n<p>Na chamada Etapa Local, realizada em julho, apenas artistas da cidade poder\u00e3o participar e os que ficarem nos primeiros lugares ser\u00e3o automaticamente classificados para a Etapa Nacional, em setembro, para concorrer com compositores de todo Brasil.<\/p>\n<p>As datas para realiza\u00e7\u00e3o das etapas e os prazos de inscri\u00e7\u00f5es est\u00e3o sendo definidos, juntamente com o regulamento e premia\u00e7\u00e3o, que e em breve ser\u00e3o divulgados.<\/p>\n<p>&nbsp;<\/p>\n<p><strong>TURISMO CULTURAL<\/strong><\/p>\n<figure id=\"attachment_3238\" aria-describedby=\"caption-attachment-3238\" style=\"width: 225px\" class=\"wp-caption alignright\"><img decoding=\"async\" class=\"wp-image-3238 size-medium\" src=\"http:\/\/www.santaritadopassaquatro.sp.gov.br\/portal\/wp-content\/uploads\/2020\/01\/Ganhador_Apresenta\u00e7\u00e3o-225x300.jpg\" alt=\"\" width=\"225\" height=\"300\" srcset=\"https:\/\/www.santaritadopassaquatro.sp.gov.br\/portal\/wp-content\/uploads\/2020\/01\/Ganhador_Apresenta\u00e7\u00e3o-225x300.jpg 225w, https:\/\/www.santaritadopassaquatro.sp.gov.br\/portal\/wp-content\/uploads\/2020\/01\/Ganhador_Apresenta\u00e7\u00e3o.jpg 461w\" sizes=\"(max-width: 225px) 100vw, 225px\" \/><figcaption id=\"caption-attachment-3238\" class=\"wp-caption-text\"><span style=\"font-size: 8pt; color: #999999;\"><em><strong>Concorrente do 2\u00ba FESC, promovido na Pra\u00e7a Poeta Mario Mattoso, durante o Festival Zequinha de Abreu (Arquivo\/Divulga\u00e7\u00e3o)<\/strong><\/em><\/span><\/figcaption><\/figure>\n<p>O FESC foi criado pelo Departamento Municipal de Cultura e Turismo, com ajuda do jornalista e m\u00fasico amador Cleber Octaviano, em 2002, com a finalidade prestar mais uma homenagem ao compositor santa-ritense Zequinha de Abreu, incentivar o turismo no munic\u00edpio, com a divulga\u00e7\u00e3o de seu nome atrav\u00e9s de um evento cultural, e de revelar novos talentos musicais.<\/p>\n<p>Na \u00e9poca, foram realizadas tr\u00eas edi\u00e7\u00f5es do festival com grande sucesso. Entre os concorrentes, estiveram na cidade m\u00fasicos de diversas cidades e estados como S\u00e3o Paulo, Rio de Janeiro e Minas Gerais, al\u00e9m do Distrito Federal e at\u00e9 um m\u00fasico brasileiro residente nos Estados Unidos. Entre os destaques, esteve o ator e m\u00fasico Cl\u00e1udio Gabriel, que na \u00e9poca atuava em novelas na de Rede Globo, que concorreu com a banda Magafone, ficando em segundo lugar com a m\u00fasica \u201cMalabares\u201d.<\/p>\n<p>&nbsp;<\/p>\n<p><strong>HIST\u00d3RIA<\/strong><\/p>\n<p>O Festival Santa-Ritense da Can\u00e7\u00e3o foi idealizado tamb\u00e9m com objetivo de resgatar um momento vivido no munic\u00edpio entre os anos de 1970 e 1980, quando o Cine Mirela recebia o Fesfer (Festival de F\u00e9rias da MPB).\u00a0 Durante pouco mais de meia d\u00e9cada, todo m\u00eas de julho, Santa Rita recebia cantores e compositores de v\u00e1rias cidades dos estados de S\u00e3o Paulo e Minas Gerais, entre outros.<\/p>\n<p>Durante quatro noites, em plenas f\u00e9rias escolares, esses artistas desfilavam suas composi\u00e7\u00f5es, concorrendo a um pr\u00eamio em dinheiro. E o p\u00fablico tomava as 500 cadeiras do cinema no centro da cidade, e cada um torcia pela composi\u00e7\u00e3o que mais lhe agradava.<\/p>\n<p>Depois, passaram-se 17 anos, at\u00e9 que Santa Rita votasse a ter o seu festival. Um sonho retomado com a realiza\u00e7\u00e3o do 1\u00ba FESC, em setembro de 2002, homenageando o compositor maior: Zequinha de Abreu.<\/p>\n<p>&nbsp;<\/p>\n<p>&nbsp;<\/p>\n<p>&nbsp;<\/p>\n<p>&nbsp;<\/p>\n<p>&nbsp;<\/p>\n<p>&nbsp;<\/p>\n<p>&nbsp;<\/p>\n<p>&nbsp;<\/p>\n","protected":false},"excerpt":{"rendered":"<p>Festival Santa-Ritense da Can\u00e7\u00e3o foi atra\u00e7\u00e3o do calend\u00e1rio de ventos nos anos de 2002 a 2004, com objetivo de incentivar<\/p>\n","protected":false},"author":1,"featured_media":3238,"comment_status":"closed","ping_status":"open","sticky":false,"template":"","format":"standard","meta":{"footnotes":""},"categories":[46,60],"tags":[],"class_list":["post-3237","post","type-post","status-publish","format-standard","has-post-thumbnail","hentry","category-cultura","category-turismo"],"_links":{"self":[{"href":"https:\/\/www.santaritadopassaquatro.sp.gov.br\/portal\/wp-json\/wp\/v2\/posts\/3237","targetHints":{"allow":["GET"]}}],"collection":[{"href":"https:\/\/www.santaritadopassaquatro.sp.gov.br\/portal\/wp-json\/wp\/v2\/posts"}],"about":[{"href":"https:\/\/www.santaritadopassaquatro.sp.gov.br\/portal\/wp-json\/wp\/v2\/types\/post"}],"author":[{"embeddable":true,"href":"https:\/\/www.santaritadopassaquatro.sp.gov.br\/portal\/wp-json\/wp\/v2\/users\/1"}],"replies":[{"embeddable":true,"href":"https:\/\/www.santaritadopassaquatro.sp.gov.br\/portal\/wp-json\/wp\/v2\/comments?post=3237"}],"version-history":[{"count":0,"href":"https:\/\/www.santaritadopassaquatro.sp.gov.br\/portal\/wp-json\/wp\/v2\/posts\/3237\/revisions"}],"wp:featuredmedia":[{"embeddable":true,"href":"https:\/\/www.santaritadopassaquatro.sp.gov.br\/portal\/wp-json\/wp\/v2\/media\/3238"}],"wp:attachment":[{"href":"https:\/\/www.santaritadopassaquatro.sp.gov.br\/portal\/wp-json\/wp\/v2\/media?parent=3237"}],"wp:term":[{"taxonomy":"category","embeddable":true,"href":"https:\/\/www.santaritadopassaquatro.sp.gov.br\/portal\/wp-json\/wp\/v2\/categories?post=3237"},{"taxonomy":"post_tag","embeddable":true,"href":"https:\/\/www.santaritadopassaquatro.sp.gov.br\/portal\/wp-json\/wp\/v2\/tags?post=3237"}],"curies":[{"name":"wp","href":"https:\/\/api.w.org\/{rel}","templated":true}]}}