{"id":3242,"date":"2020-01-31T14:55:45","date_gmt":"2020-01-31T16:55:45","guid":{"rendered":"http:\/\/www.santaritadopassaquatro.sp.gov.br\/portal\/?p=3242"},"modified":"2020-01-31T14:55:45","modified_gmt":"2020-01-31T16:55:45","slug":"carnaval-2020-santacarnafolia-sera-mais-uma-festa-do-turismo-na-estancia","status":"publish","type":"post","link":"https:\/\/www.santaritadopassaquatro.sp.gov.br\/portal\/carnaval-2020-santacarnafolia-sera-mais-uma-festa-do-turismo-na-estancia\/","title":{"rendered":"CARNAVAL 2020\u00a0Santacarnafolia ser\u00e1 mais uma festa do turismo na Est\u00e2ncia"},"content":{"rendered":"<p><strong>\u00a0<\/strong><strong><em>Promovido pelo Departamento Municipal de Turismo, na Pra\u00e7a Poeta Mario Mattoso, evento ir\u00e1 oferecer mais op\u00e7\u00f5es para \u00e0s fam\u00edlias, com conforto e seguran\u00e7a <\/em><\/strong><\/p>\n<p>&nbsp;<\/p>\n<figure id=\"attachment_3243\" aria-describedby=\"caption-attachment-3243\" style=\"width: 300px\" class=\"wp-caption alignleft\"><img decoding=\"async\" class=\"wp-image-3243 size-medium\" src=\"http:\/\/www.santaritadopassaquatro.sp.gov.br\/portal\/wp-content\/uploads\/2020\/01\/carnaval_foto01-300x225.jpg\" alt=\"\" width=\"300\" height=\"225\" srcset=\"https:\/\/www.santaritadopassaquatro.sp.gov.br\/portal\/wp-content\/uploads\/2020\/01\/carnaval_foto01-300x225.jpg 300w, https:\/\/www.santaritadopassaquatro.sp.gov.br\/portal\/wp-content\/uploads\/2020\/01\/carnaval_foto01-768x576.jpg 768w, https:\/\/www.santaritadopassaquatro.sp.gov.br\/portal\/wp-content\/uploads\/2020\/01\/carnaval_foto01-1024x767.jpg 1024w, https:\/\/www.santaritadopassaquatro.sp.gov.br\/portal\/wp-content\/uploads\/2020\/01\/carnaval_foto01.jpg 1996w\" sizes=\"(max-width: 300px) 100vw, 300px\" \/><figcaption id=\"caption-attachment-3243\" class=\"wp-caption-text\"><span style=\"font-size: 8pt; color: #999999;\"><em><strong>Foto a\u00e9rea da Pra\u00e7a Poeta Mario Mattoso durante o Santacarnafolia 2019, atra\u00e7\u00e3o que atrais muitos turistas para Santa Rita (Arquivo\/ AssCom\/Divulga\u00e7\u00e3o)<\/strong><\/em><\/span><\/figcaption><\/figure>\n<p>Mais um evento com expectativa de atrair muitos turistas para Santa Rita do Passa Quatro. O Santacarnafolia 2020, o Carnaval santa-ritense, traz de volta a magia das antigas marchinhas e os sucessos atuais nos diversos estilos carnavalescos em quatro noites de muita festa na Pra\u00e7a Poeta M\u00e1rio Mattoso (Esta\u00e7\u00e3o).<\/p>\n<p>O evento est\u00e1 sendo organizado pelo Setor de Turismo da Prefeitura Municipal. A festa acontece nos dias 22, 23, 24 e 25 de fevereiro, com hor\u00e1rios, das 17h \u00e0s 23 horas, de s\u00e1bado \u00e0 segunda-feira, e das 17h \u00e0s 22 horas, na ter\u00e7a-feira.<\/p>\n<p>A exemplo de 2018 e 2019, o Santacarnafolia 2020, traz de volta a magia das antigas marchinhas e m\u00fasicas infantis na primeira parte e os sucessos atuais nos diversos estilos carnavalescos no restante da noite.<\/p>\n<p>Toda a programa\u00e7\u00e3o acontece com entrada gratuita e participa\u00e7\u00e3o da feira do Turismo, em com completa pra\u00e7a de alimenta\u00e7\u00e3o. A prefeitura tamb\u00e9m est\u00e1 definindo com a Pol\u00edcia Militar para atua\u00e7\u00e3o com seu efetivo no aux\u00edlio \u00e0 seguran\u00e7a, dentro do programa Atividade Delegada, com a possibilidade de contar com monitoramento de c\u00e2meras de seguran\u00e7a.<\/p>\n<p>Para oferecer mais conforto e seguran\u00e7a \u00e0s fam\u00edlias, tamb\u00e9m como aconteceu no ano passado, mais uma vez haver\u00e1 uma \u00e1rea destinada \u00e0s crian\u00e7as. O Espa\u00e7o Kids ser\u00e1 reservado \u00e0 divers\u00e3o da garotada e para melhor atender as fam\u00edlias.<\/p>\n<p>Para o Setor de Turismo, a realiza\u00e7\u00e3o do Carnaval Popular, al\u00e9m de oferecer entretenimento gratuito \u00e0 popula\u00e7\u00e3o, tamb\u00e9m estimula toda a cadeia produtiva do turismo, j\u00e1 que o evento, ao longo dos anos vem ganhando destaque em toda a regi\u00e3o, colaborando com o desenvolvimento econ\u00f4mico do munic\u00edpio.<\/p>\n<p>&nbsp;<\/p>\n<p><strong>SERVI\u00c7O<\/strong><\/p>\n<p><strong>CARNAVAL 2020<\/strong><\/p>\n<p><strong>Data:<\/strong> 22, 23, 24 e 25 de fevereiro.<\/p>\n<p><strong>Local:<\/strong> Pra\u00e7a Poeta Mario Mattoso (Esta\u00e7\u00e3o).<\/p>\n<p><strong>Hor\u00e1rio:<\/strong> a partir das 17 horas.<\/p>\n<p>&nbsp;<\/p>\n<p>&nbsp;<\/p>\n<p>&nbsp;<\/p>\n<p>&nbsp;<\/p>\n<p>&nbsp;<\/p>\n<p>&nbsp;<\/p>\n","protected":false},"excerpt":{"rendered":"<p>\u00a0Promovido pelo Departamento Municipal de Turismo, na Pra\u00e7a Poeta Mario Mattoso, evento ir\u00e1 oferecer mais op\u00e7\u00f5es para \u00e0s fam\u00edlias, com<\/p>\n","protected":false},"author":1,"featured_media":3244,"comment_status":"closed","ping_status":"open","sticky":false,"template":"","format":"standard","meta":{"footnotes":""},"categories":[44,46,60],"tags":[],"class_list":["post-3242","post","type-post","status-publish","format-standard","has-post-thumbnail","hentry","category-cidades","category-cultura","category-turismo"],"_links":{"self":[{"href":"https:\/\/www.santaritadopassaquatro.sp.gov.br\/portal\/wp-json\/wp\/v2\/posts\/3242","targetHints":{"allow":["GET"]}}],"collection":[{"href":"https:\/\/www.santaritadopassaquatro.sp.gov.br\/portal\/wp-json\/wp\/v2\/posts"}],"about":[{"href":"https:\/\/www.santaritadopassaquatro.sp.gov.br\/portal\/wp-json\/wp\/v2\/types\/post"}],"author":[{"embeddable":true,"href":"https:\/\/www.santaritadopassaquatro.sp.gov.br\/portal\/wp-json\/wp\/v2\/users\/1"}],"replies":[{"embeddable":true,"href":"https:\/\/www.santaritadopassaquatro.sp.gov.br\/portal\/wp-json\/wp\/v2\/comments?post=3242"}],"version-history":[{"count":0,"href":"https:\/\/www.santaritadopassaquatro.sp.gov.br\/portal\/wp-json\/wp\/v2\/posts\/3242\/revisions"}],"wp:featuredmedia":[{"embeddable":true,"href":"https:\/\/www.santaritadopassaquatro.sp.gov.br\/portal\/wp-json\/wp\/v2\/media\/3244"}],"wp:attachment":[{"href":"https:\/\/www.santaritadopassaquatro.sp.gov.br\/portal\/wp-json\/wp\/v2\/media?parent=3242"}],"wp:term":[{"taxonomy":"category","embeddable":true,"href":"https:\/\/www.santaritadopassaquatro.sp.gov.br\/portal\/wp-json\/wp\/v2\/categories?post=3242"},{"taxonomy":"post_tag","embeddable":true,"href":"https:\/\/www.santaritadopassaquatro.sp.gov.br\/portal\/wp-json\/wp\/v2\/tags?post=3242"}],"curies":[{"name":"wp","href":"https:\/\/api.w.org\/{rel}","templated":true}]}}