{"id":3248,"date":"2020-01-31T14:59:52","date_gmt":"2020-01-31T16:59:52","guid":{"rendered":"http:\/\/www.santaritadopassaquatro.sp.gov.br\/portal\/?p=3248"},"modified":"2020-01-31T14:59:52","modified_gmt":"2020-01-31T16:59:52","slug":"volta-as-aulas-na-rede-municipal-acontece-a-partir-desta-segunda-feira-2","status":"publish","type":"post","link":"https:\/\/www.santaritadopassaquatro.sp.gov.br\/portal\/volta-as-aulas-na-rede-municipal-acontece-a-partir-desta-segunda-feira-2\/","title":{"rendered":"Volta as aulas na Rede Municipal acontece \u00e0 partir desta segunda-feira"},"content":{"rendered":"<p><strong><em>Ao todo s\u00e3o cerca de 2 mil alunos em nove escolas municipais de ensino infantil, fundamental e creches <\/em><\/strong><\/p>\n<p>&nbsp;<\/p>\n<figure id=\"attachment_3249\" aria-describedby=\"caption-attachment-3249\" style=\"width: 300px\" class=\"wp-caption alignleft\"><img decoding=\"async\" class=\"wp-image-3249 size-medium\" src=\"http:\/\/www.santaritadopassaquatro.sp.gov.br\/portal\/wp-content\/uploads\/2020\/01\/Volta-as-Aulas-300x200.jpg\" alt=\"\" width=\"300\" height=\"200\" srcset=\"https:\/\/www.santaritadopassaquatro.sp.gov.br\/portal\/wp-content\/uploads\/2020\/01\/Volta-as-Aulas-300x200.jpg 300w, https:\/\/www.santaritadopassaquatro.sp.gov.br\/portal\/wp-content\/uploads\/2020\/01\/Volta-as-Aulas-768x512.jpg 768w, https:\/\/www.santaritadopassaquatro.sp.gov.br\/portal\/wp-content\/uploads\/2020\/01\/Volta-as-Aulas-1024x683.jpg 1024w\" sizes=\"(max-width: 300px) 100vw, 300px\" \/><figcaption id=\"caption-attachment-3249\" class=\"wp-caption-text\"><span style=\"font-size: 8pt; color: #999999;\"><em><strong>Sala de aula na EMEI Jo\u00e3o Batista Rodrigues Ribaldo, reformada e pronta para receber os alunos do novo ano letivo (AssCom\/Divulga\u00e7\u00e3o)<\/strong><\/em><\/span><\/figcaption><\/figure>\n<p>O ano letivo de 2020, na Rede Municipal de ensino de Santa Rita do Passa Quatro, inicia oficialmente nesta segunda-feira (3\/2). Ao todo s\u00e3o 1.975 crian\u00e7as de Ensino Infantil (EMEI) e Fundamental (EMEF) e creches municipais iniciando suas atividades escolares.<\/p>\n<p>Ao todo ser\u00e3o 439 alunos de EMEI; outros 1207 de EMEF e 329 de creches iniciando o ano escolar. Entretanto, de acordo com Departamento de Educa\u00e7\u00e3o, este n\u00famero ser\u00e1 maior a partir da pr\u00f3xima semana, quando acontece o chamamento para as novas matr\u00edculas nas creches.<\/p>\n<p>O in\u00edcio das aulas, por\u00e9m, n\u00e3o ser\u00e1 no mesmo dia para todos. Com objetivo de proporcionar uma melhor recep\u00e7\u00e3o, com atendimento exclusivo aos novatos, foi elaborado um calend\u00e1rio pelo Departamento Municipal de Educa\u00e7\u00e3o. Nesta segunda-feira (3\/2) ocorre o in\u00edcio das atividades apenas para as crian\u00e7as das creches, primeiros anos das EMEFs, e Jardim I do Ensino Infantil (EMEI). Na ter\u00e7a-feira (4\/2) ser\u00e1 a vez dos alunos do Jardim II e demais anos do Ensino Fundamental come\u00e7arem oficialmente seu ano letivo.<\/p>\n<p>Para os professores, os trabalhos j\u00e1 iniciam com atividades de planejamento e preparativos das aulas.<\/p>\n<p>A volta \u00e0s aulas na Rede Municipal de Ensino envolve quase 300 profissionais de v\u00e1rios setores no Departamento de Educa\u00e7\u00e3o, nas escolas EMEF Madre Carmelita, EMEF Francisco Ribeiro, EMEF CAIC Laura Suriani Barbuio, EMEF Jo\u00e3o Baptista da Rocha Corr\u00eaa (Estrela), EMEI Prof\u00aa Galdina Lima Segatto, EMEI Maria Am\u00e9lia Vanzella de Gobbi, EMEI Jo\u00e3o Prud\u00eancio Ribeiro (Estrela) e EMEI Jo\u00e3o Batista Rodrigues Ribaldo. Em fun\u00e7\u00e3o do aumento da demanda, a creche R\u00f4mulo Bortolini, desde 2019, voltou a ser creche-escola para atender alunos de Jardim I (Ed. Infantil).<\/p>\n<p>Al\u00e9m das aulas regulamentares, algumas escolas municipais oferecem o projeto Contraturno, que visa manter as crian\u00e7as na escola no per\u00edodo alternado ao da aula, com atividades l\u00fadicas de recrea\u00e7\u00e3o e esportivas, aulas de ingl\u00eas, inform\u00e1tica, m\u00fasica, refor\u00e7o de portugu\u00eas e matem\u00e1tica, educa\u00e7\u00e3o ambiental (horta escolar), oficinas de leitura e escrita e trabalhos manuais.<\/p>\n<p><strong>\u00a0<\/strong><\/p>\n<p><strong>MERENDA E TRANSPORTE<\/strong><\/p>\n<p>Aos estudantes da Rede Municipal de ensino \u00e9 fornecida diariamente uma rica merenda escolar, com a oferta de diferentes alimentos e grande diversidade de frutas, contribuindo assim com a nutri\u00e7\u00e3o dos estudantes.<\/p>\n<p>Para os alunos da Zona Rural \u00e9 oferecido transporte di\u00e1rio das mais de 300 propriedades rurais do munic\u00edpio \u00e0s escolas p\u00fablicas da rede municipal e estadual, nos per\u00edodos da manh\u00e3 tarde e noite.<\/p>\n<p>&nbsp;<\/p>\n<p><strong>REFORMAS<\/strong><\/p>\n<p>Tr\u00eas escolas da rede foram reformas para o in\u00edcio do ano letivo. As EMEFs Francisco Ribeiro, no centro da cidade, e Jo\u00e3o Baptista da Rocha Corr\u00eaa, em Santa Cruz da Estrela, e a EMEI Jo\u00e3o Batista Rodrigues Ribaldo, no Jardim Alvorada, recebeu a obras de reparos estruturais nova pintura.<\/p>\n<p><strong>\u00a0<\/strong><\/p>\n<p>&nbsp;<\/p>\n<p>&nbsp;<\/p>\n<p>&nbsp;<\/p>\n","protected":false},"excerpt":{"rendered":"<p>Ao todo s\u00e3o cerca de 2 mil alunos em nove escolas municipais de ensino infantil, fundamental e creches &nbsp; O<\/p>\n","protected":false},"author":1,"featured_media":3249,"comment_status":"closed","ping_status":"open","sticky":false,"template":"","format":"standard","meta":{"footnotes":""},"categories":[44,48,28],"tags":[],"class_list":["post-3248","post","type-post","status-publish","format-standard","has-post-thumbnail","hentry","category-cidades","category-featured","category-educacao"],"_links":{"self":[{"href":"https:\/\/www.santaritadopassaquatro.sp.gov.br\/portal\/wp-json\/wp\/v2\/posts\/3248","targetHints":{"allow":["GET"]}}],"collection":[{"href":"https:\/\/www.santaritadopassaquatro.sp.gov.br\/portal\/wp-json\/wp\/v2\/posts"}],"about":[{"href":"https:\/\/www.santaritadopassaquatro.sp.gov.br\/portal\/wp-json\/wp\/v2\/types\/post"}],"author":[{"embeddable":true,"href":"https:\/\/www.santaritadopassaquatro.sp.gov.br\/portal\/wp-json\/wp\/v2\/users\/1"}],"replies":[{"embeddable":true,"href":"https:\/\/www.santaritadopassaquatro.sp.gov.br\/portal\/wp-json\/wp\/v2\/comments?post=3248"}],"version-history":[{"count":1,"href":"https:\/\/www.santaritadopassaquatro.sp.gov.br\/portal\/wp-json\/wp\/v2\/posts\/3248\/revisions"}],"predecessor-version":[{"id":3250,"href":"https:\/\/www.santaritadopassaquatro.sp.gov.br\/portal\/wp-json\/wp\/v2\/posts\/3248\/revisions\/3250"}],"wp:featuredmedia":[{"embeddable":true,"href":"https:\/\/www.santaritadopassaquatro.sp.gov.br\/portal\/wp-json\/wp\/v2\/media\/3249"}],"wp:attachment":[{"href":"https:\/\/www.santaritadopassaquatro.sp.gov.br\/portal\/wp-json\/wp\/v2\/media?parent=3248"}],"wp:term":[{"taxonomy":"category","embeddable":true,"href":"https:\/\/www.santaritadopassaquatro.sp.gov.br\/portal\/wp-json\/wp\/v2\/categories?post=3248"},{"taxonomy":"post_tag","embeddable":true,"href":"https:\/\/www.santaritadopassaquatro.sp.gov.br\/portal\/wp-json\/wp\/v2\/tags?post=3248"}],"curies":[{"name":"wp","href":"https:\/\/api.w.org\/{rel}","templated":true}]}}