{"id":3253,"date":"2020-01-31T15:04:57","date_gmt":"2020-01-31T17:04:57","guid":{"rendered":"http:\/\/www.santaritadopassaquatro.sp.gov.br\/portal\/?p=3253"},"modified":"2020-01-31T15:04:57","modified_gmt":"2020-01-31T17:04:57","slug":"concluidas-as-reformas-em-mais-tres-escolas-municipais","status":"publish","type":"post","link":"https:\/\/www.santaritadopassaquatro.sp.gov.br\/portal\/concluidas-as-reformas-em-mais-tres-escolas-municipais\/","title":{"rendered":"Conclu\u00eddas as reformas em mais tr\u00eas escolas municipais"},"content":{"rendered":"<p><strong><em>EMEI Jo\u00e3o Ribaldo, EMEF Francisco Ribeiro e EMEF Jo\u00e3o Baptista da Rocha Corr\u00eaa (Estrela) receberam reparos estruturais e pinturas para retorna \u00e0s aulas<\/em><\/strong><\/p>\n<p><strong><em>\u00a0<\/em><\/strong><\/p>\n<figure id=\"attachment_3256\" aria-describedby=\"caption-attachment-3256\" style=\"width: 300px\" class=\"wp-caption alignleft\"><img decoding=\"async\" class=\"wp-image-3256 size-medium\" src=\"http:\/\/www.santaritadopassaquatro.sp.gov.br\/portal\/wp-content\/uploads\/2020\/01\/01_escola_estrela-300x200.jpg\" alt=\"\" width=\"300\" height=\"200\" srcset=\"https:\/\/www.santaritadopassaquatro.sp.gov.br\/portal\/wp-content\/uploads\/2020\/01\/01_escola_estrela-300x200.jpg 300w, https:\/\/www.santaritadopassaquatro.sp.gov.br\/portal\/wp-content\/uploads\/2020\/01\/01_escola_estrela-768x512.jpg 768w, https:\/\/www.santaritadopassaquatro.sp.gov.br\/portal\/wp-content\/uploads\/2020\/01\/01_escola_estrela-1024x683.jpg 1024w\" sizes=\"(max-width: 300px) 100vw, 300px\" \/><figcaption id=\"caption-attachment-3256\" class=\"wp-caption-text\"><span style=\"font-size: 8pt; color: #999999;\"><em><strong>A EMEF Jo\u00e3o Baptista da Rocha Corr\u00eaa, em Santa Cruz da Estrela, que foi reformada para in\u00edcio do ano letivo (AssImp\/Divulga\u00e7\u00e3o)<\/strong><\/em><\/span><\/figcaption><\/figure>\n<p>Mais tr\u00eas escolas municipais de Santa Rita do Passa Quatro est\u00e3o com suas reformas em fase de conclus\u00e3o, para o in\u00edcio do ano letivo de 2020. Atrav\u00e9s do Departamento de Obras e Infraestrutura da Prefeitura, as EMEFs Francisco Ribeiro, no centro da cidade, e Jo\u00e3o Baptista da Rocha Corr\u00eaa, em Santa Cruz da Estrela, receberam investimentos de quase R$ 400 mil, com recursos da verba QESE (Quota Estadual do Sal\u00e1rio Educa\u00e7\u00e3o), destinada exclusivamente a melhorias no setor de educa\u00e7\u00e3o. A EMEI Jo\u00e3o Batista Rodrigues Ribaldo, no Jardim Alvorada, recebeu a obras atrav\u00e9s de uma parceria com a inciativa privada, com empreendimento Residencial V\u00eaneto.<\/p>\n<figure id=\"attachment_3254\" aria-describedby=\"caption-attachment-3254\" style=\"width: 300px\" class=\"wp-caption alignright\"><img decoding=\"async\" class=\"wp-image-3254 size-medium\" src=\"http:\/\/www.santaritadopassaquatro.sp.gov.br\/portal\/wp-content\/uploads\/2020\/01\/EMEI_Joao_Ribaldo-300x200.jpg\" alt=\"\" width=\"300\" height=\"200\" srcset=\"https:\/\/www.santaritadopassaquatro.sp.gov.br\/portal\/wp-content\/uploads\/2020\/01\/EMEI_Joao_Ribaldo-300x200.jpg 300w, https:\/\/www.santaritadopassaquatro.sp.gov.br\/portal\/wp-content\/uploads\/2020\/01\/EMEI_Joao_Ribaldo-768x512.jpg 768w, https:\/\/www.santaritadopassaquatro.sp.gov.br\/portal\/wp-content\/uploads\/2020\/01\/EMEI_Joao_Ribaldo-1024x682.jpg 1024w, https:\/\/www.santaritadopassaquatro.sp.gov.br\/portal\/wp-content\/uploads\/2020\/01\/EMEI_Joao_Ribaldo.jpg 1976w\" sizes=\"(max-width: 300px) 100vw, 300px\" \/><figcaption id=\"caption-attachment-3254\" class=\"wp-caption-text\"><span style=\"font-size: 8pt; color: #999999;\"><em><strong>A EMEI Jo\u00e3o Ribaldo, no Alvorada, recebeu investimentos atrav\u00b4s de parceria com a inciativa privada (AssImp\/Divulga\u00e7\u00e3o)<\/strong><\/em><\/span><\/figcaption><\/figure>\n<p>A EMEF Francisco Ribeiro, que completou 100 anos e, 2014 e tem pr\u00e9dio tombado como patrim\u00f4nio hist\u00f3rico pelo Condephaat (Conselho de Defesa do Patrim\u00f4nio Hist\u00f3rico, Arqueol\u00f3gico, Art\u00edstico e Tur\u00edstico), recebeu nova pintura e reparos estruturais. A empresa vencedora da licita\u00e7\u00e3o foi a Engebase Constru\u00e7\u00e3o e Gerenciamento Ltda. EPP, da cidade de S\u00e3o Paulo.<\/p>\n<figure id=\"attachment_3255\" aria-describedby=\"caption-attachment-3255\" style=\"width: 300px\" class=\"wp-caption alignleft\"><img decoding=\"async\" class=\"wp-image-3255 size-medium\" src=\"http:\/\/www.santaritadopassaquatro.sp.gov.br\/portal\/wp-content\/uploads\/2020\/01\/EMEF_Francisco_Ribeiro-300x200.jpg\" alt=\"\" width=\"300\" height=\"200\" srcset=\"https:\/\/www.santaritadopassaquatro.sp.gov.br\/portal\/wp-content\/uploads\/2020\/01\/EMEF_Francisco_Ribeiro-300x200.jpg 300w, https:\/\/www.santaritadopassaquatro.sp.gov.br\/portal\/wp-content\/uploads\/2020\/01\/EMEF_Francisco_Ribeiro-768x512.jpg 768w, https:\/\/www.santaritadopassaquatro.sp.gov.br\/portal\/wp-content\/uploads\/2020\/01\/EMEF_Francisco_Ribeiro-1024x682.jpg 1024w, https:\/\/www.santaritadopassaquatro.sp.gov.br\/portal\/wp-content\/uploads\/2020\/01\/EMEF_Francisco_Ribeiro.jpg 1976w\" sizes=\"(max-width: 300px) 100vw, 300px\" \/><figcaption id=\"caption-attachment-3255\" class=\"wp-caption-text\"><span style=\"font-size: 8pt; color: #999999;\"><em><strong>A EMEF Francisco Ribeiro, pr\u00e9dio tombado como patrim\u00f4nio hist\u00f3rico, tamb\u00e9m recebeu investimentos do governo municipal (AssImp\/Divulga\u00e7\u00e3o)<\/strong><\/em><\/span><\/figcaption><\/figure>\n<p>A EMEF Jo\u00e3o Baptista da Rocha Corr\u00eaa tamb\u00e9m recebeu refor\u00e7o estrutural, reparos no telhado e forro e nova pintura. Para esta obra, a empresa contratada foi a Construmeta, de Tamba\u00fa.<\/p>\n<p>A AMEI Jo\u00e3o Batista Rodrigues Ribaldo tamb\u00e9m recebeu reparos estruturais nos banheiros, cozinha e telhados e nova pintura, obras executadas pela empresa parceira.<\/p>\n<p>Esta semana o prefeito Leandro Luciano dos Santos esteve em visita \u00e0s tr\u00eas escolas, conferindo os trabalhos que est\u00e3o sendo realizados. \u201cCom estas obras, estamos valorizando nossa educa\u00e7\u00e3o, oferecendo melhores condi\u00e7\u00f5es de trabalho aos nossos excelentes profissionais e um ambiente mais favor\u00e1vel para forma\u00e7\u00e3o de nossas crian\u00e7as\u201d, disse o prefeito.<\/p>\n<p>&nbsp;<\/p>\n<p><strong>INVESTIMENTOS <\/strong><\/p>\n<p>Nos \u00faltimos anos, creches e escolas municipais vem recebendo grande aten\u00e7\u00e3o por parte do governo municipal. Entre 2014 e 2015, em trabalho conjunto entre os departamentos de Obras e de Educa\u00e7\u00e3o, foram reformadas as creches municipais Ana Mardegan Scorsolini (Jd. S\u00e3o Luiz), Assumpta Piovato Missiato (Jd. Nova Santa Rita), Ant\u00f4nia Gusman Scorsolini (Lagoinha) e Professora Camila de Lellis Sereghetti (Vila Kennedy), al\u00e9m da EMEI Maria Am\u00e9lia Vanzella de Gobbi (Botafogo).<\/p>\n<p>&nbsp;<\/p>\n<p>&nbsp;<\/p>\n<p>&nbsp;<\/p>\n<p>&nbsp;<\/p>\n<p>&nbsp;<\/p>\n<p>&nbsp;<\/p>\n","protected":false},"excerpt":{"rendered":"<p>EMEI Jo\u00e3o Ribaldo, EMEF Francisco Ribeiro e EMEF Jo\u00e3o Baptista da Rocha Corr\u00eaa (Estrela) receberam reparos estruturais e pinturas para<\/p>\n","protected":false},"author":1,"featured_media":3255,"comment_status":"closed","ping_status":"open","sticky":false,"template":"","format":"standard","meta":{"footnotes":""},"categories":[28,52,55],"tags":[],"class_list":["post-3253","post","type-post","status-publish","format-standard","has-post-thumbnail","hentry","category-educacao","category-latest","category-obras"],"_links":{"self":[{"href":"https:\/\/www.santaritadopassaquatro.sp.gov.br\/portal\/wp-json\/wp\/v2\/posts\/3253","targetHints":{"allow":["GET"]}}],"collection":[{"href":"https:\/\/www.santaritadopassaquatro.sp.gov.br\/portal\/wp-json\/wp\/v2\/posts"}],"about":[{"href":"https:\/\/www.santaritadopassaquatro.sp.gov.br\/portal\/wp-json\/wp\/v2\/types\/post"}],"author":[{"embeddable":true,"href":"https:\/\/www.santaritadopassaquatro.sp.gov.br\/portal\/wp-json\/wp\/v2\/users\/1"}],"replies":[{"embeddable":true,"href":"https:\/\/www.santaritadopassaquatro.sp.gov.br\/portal\/wp-json\/wp\/v2\/comments?post=3253"}],"version-history":[{"count":1,"href":"https:\/\/www.santaritadopassaquatro.sp.gov.br\/portal\/wp-json\/wp\/v2\/posts\/3253\/revisions"}],"predecessor-version":[{"id":3257,"href":"https:\/\/www.santaritadopassaquatro.sp.gov.br\/portal\/wp-json\/wp\/v2\/posts\/3253\/revisions\/3257"}],"wp:featuredmedia":[{"embeddable":true,"href":"https:\/\/www.santaritadopassaquatro.sp.gov.br\/portal\/wp-json\/wp\/v2\/media\/3255"}],"wp:attachment":[{"href":"https:\/\/www.santaritadopassaquatro.sp.gov.br\/portal\/wp-json\/wp\/v2\/media?parent=3253"}],"wp:term":[{"taxonomy":"category","embeddable":true,"href":"https:\/\/www.santaritadopassaquatro.sp.gov.br\/portal\/wp-json\/wp\/v2\/categories?post=3253"},{"taxonomy":"post_tag","embeddable":true,"href":"https:\/\/www.santaritadopassaquatro.sp.gov.br\/portal\/wp-json\/wp\/v2\/tags?post=3253"}],"curies":[{"name":"wp","href":"https:\/\/api.w.org\/{rel}","templated":true}]}}