{"id":3264,"date":"2020-01-31T18:11:32","date_gmt":"2020-01-31T20:11:32","guid":{"rendered":"http:\/\/www.santaritadopassaquatro.sp.gov.br\/portal\/?p=3264"},"modified":"2020-02-10T12:18:04","modified_gmt":"2020-02-10T14:18:04","slug":"cardapio-fevereiro-2020","status":"publish","type":"post","link":"https:\/\/www.santaritadopassaquatro.sp.gov.br\/portal\/cardapio-fevereiro-2020\/","title":{"rendered":"CARD\u00c1PIO FEVEREIRO 2020"},"content":{"rendered":"<p>(EMEI, ENSINO FUNDAMENTAL E ENSINO M\u00c9DIO)<\/p>\n<p>&nbsp;<\/p>\n<p><strong>Segunda-feira &#8211; 3 de fevereiro:<br \/>\n<\/strong>Arroz, feij\u00e3o e strogonoff de carne.<\/p>\n<p><strong>Ter\u00e7a-feira &#8211; 4 de fevereiro:<\/strong><\/p>\n<p>Arroz, feij\u00e3o e pernil com batata.<\/p>\n<p><strong>Quarta-feira &#8211; 5 de fevereiro:<br \/>\n<\/strong>Arroz, feij\u00e3o e polenta ao molho bolonhesa.<\/p>\n<p><strong>Quinta-feira &#8211; 6 de fevereiro:<\/strong><\/p>\n<p>Arroz, feijoada (pernil, carne e lingui\u00e7a).<\/p>\n<p><strong>Sexta-feira &#8211; 7 de fevereiro:<\/strong><\/p>\n<p>Macarr\u00e3o ao molho de atum.<\/p>\n<p><strong>\u00a0<\/strong><\/p>\n<p><strong>Segunda-feira \u2013 10 de fevereiro:<br \/>\n<\/strong>Arroz, feij\u00e3o e farofa primavera.<\/p>\n<p><strong>Ter\u00e7a-feira \u2013 11 de fevereiro:<\/strong><\/p>\n<p>Arroz, feij\u00e3o e polenta ao molho de salsicha.<\/p>\n<p><strong>Quarta-feira \u2013 12 de fevereiro:<br \/>\n<\/strong>Arroz, feij\u00e3o e carne mo\u00edda com tomate, milho e ervilha.<\/p>\n<p><strong>Quinta-feira \u2013 13 de fevereiro:<\/strong><\/p>\n<p>Arroz, feij\u00e3o e salada de legumes.<\/p>\n<p><strong>Sexta-feira \u2013 13 de fevereiro:<\/strong><\/p>\n<p>Macarr\u00e3o ao molho de carne em cubos.<\/p>\n<p>&nbsp;<\/p>\n<p><strong>Segunda-feira \u2013 17 de fevereiro:<br \/>\n<\/strong>Arroz de forno e feij\u00e3o preto.<\/p>\n<p><strong>Ter\u00e7a-feira \u2013 18 de fevereiro:<\/strong><\/p>\n<p>Arroz, feij\u00e3o e carne em cubos com batata.<\/p>\n<p><strong>Quarta-feira \u2013 19 de fevereiro:<br \/>\n<\/strong>Arroz, feij\u00e3o e polenta ao molho de lingui\u00e7a calabresa.<\/p>\n<p><strong>Quinta-feira \u2013 20 de fevereiro:<\/strong><\/p>\n<p>Arroz, feij\u00e3o e strogonoff de frango.<\/p>\n<p><strong>Sexta-feira \u2013 21 de fevereiro:<\/strong><\/p>\n<p>Macarr\u00e3o ao molho de carne mo\u00edda.<\/p>\n<p>&nbsp;<\/p>\n<p><strong>Segunda-feira \u2013 24 de fevereiro:<br \/>\n<\/strong>Ponto facultativo (Carnaval).<\/p>\n<p><strong>Ter\u00e7a-feira \u2013 25 de fevereiro:<\/strong><\/p>\n<p>Ponto facultativo (Carnaval).<\/p>\n<p><strong>Quarta-feira \u2013 26 de fevereiro:<br \/>\n<\/strong>retorno as 13 horas.<\/p>\n<p><strong>Quinta-feira \u2013 27 de fevereiro:<\/strong><\/p>\n<p>Risoto de salsicha feij\u00e3o.<\/p>\n<p><strong>Sexta-feira \u2013 28 de fevereiro:<\/strong><\/p>\n<p>Macarr\u00e3o ao molho de lingui\u00e7a toscana.<\/p>\n<p><strong>\u00a0<\/strong><\/p>\n<p><strong>1\u00aa semana: <\/strong>legume, pepino \u2013 fruta, ma\u00e7\u00e3 nacional e banana nanica.<strong><br \/>\n<\/strong><strong>2\u00aa semana: <\/strong>legume, br\u00f3colis \u2013 fruta, tangerina e p\u00eassego.<strong><br \/>\n<\/strong><strong>3\u00aa semana: <\/strong>legume, repolho \u2013 fruta, pera e ma\u00e7\u00e3 argentina.<strong>\u00a0\u00a0\u00a0\u00a0\u00a0\u00a0 \u00a0\u00a0\u00a0\u00a0\u00a0\u00a0\u00a0\u00a0\u00a0\u00a0\u00a0 <\/strong><\/p>\n<p>&nbsp;<\/p>\n<p><strong>Observa\u00e7\u00e3o: <\/strong><\/p>\n<p><em>Card\u00e1pio sujeito a altera\u00e7\u00f5es caso necess\u00e1rio\u00a0\u00a0\u00a0\u00a0\u00a0\u00a0\u00a0\u00a0 . <\/em><\/p>\n<p><em>As necessidades nutricionais espec\u00edficas ser\u00e3o atendidas exclusivamente com apresenta\u00e7\u00e3o de laudo m\u00e9dico e adapta\u00e7\u00f5es do card\u00e1pio.\u00a0\u00a0\u00a0\u00a0\u00a0\u00a0\u00a0\u00a0\u00a0\u00a0\u00a0\u00a0\u00a0\u00a0\u00a0\u00a0\u00a0\u00a0\u00a0\u00a0\u00a0\u00a0\u00a0\u00a0\u00a0\u00a0\u00a0\u00a0\u00a0\u00a0\u00a0\u00a0\u00a0\u00a0\u00a0\u00a0\u00a0\u00a0\u00a0\u00a0\u00a0\u00a0\u00a0\u00a0\u00a0\u00a0\u00a0\u00a0\u00a0\u00a0 \u00a0\u00a0\u00a0\u00a0\u00a0\u00a0\u00a0\u00a0\u00a0\u00a0\u00a0\u00a0\u00a0\u00a0\u00a0\u00a0\u00a0\u00a0\u00a0\u00a0\u00a0\u00a0\u00a0 <\/em><\/p>\n<p>&nbsp;<\/p>\n<p><strong>Nutricionista respons\u00e1vel t\u00e9cnica: <\/strong><em>S\u00edlvia Regina Lorencetti (CRN 33915)<\/em><strong>\u00a0\u00a0\u00a0\u00a0\u00a0\u00a0\u00a0\u00a0\u00a0\u00a0\u00a0\u00a0\u00a0\u00a0\u00a0\u00a0\u00a0\u00a0\u00a0\u00a0\u00a0\u00a0\u00a0\u00a0\u00a0\u00a0\u00a0\u00a0\u00a0\u00a0\u00a0\u00a0\u00a0\u00a0 <\/strong><\/p>\n<p><strong>\u00a0<\/strong><\/p>\n<p>&nbsp;<\/p>\n<p>&nbsp;<\/p>\n","protected":false},"excerpt":{"rendered":"<p>(EMEI, ENSINO FUNDAMENTAL E ENSINO M\u00c9DIO) &nbsp; Segunda-feira &#8211; 3 de fevereiro: Arroz, feij\u00e3o e strogonoff de carne. Ter\u00e7a-feira &#8211;<\/p>\n","protected":false},"author":1,"featured_media":3315,"comment_status":"closed","ping_status":"open","sticky":false,"template":"","format":"standard","meta":{"footnotes":""},"categories":[32],"tags":[],"class_list":["post-3264","post","type-post","status-publish","format-standard","has-post-thumbnail","hentry","category-merenda-escolar"],"_links":{"self":[{"href":"https:\/\/www.santaritadopassaquatro.sp.gov.br\/portal\/wp-json\/wp\/v2\/posts\/3264","targetHints":{"allow":["GET"]}}],"collection":[{"href":"https:\/\/www.santaritadopassaquatro.sp.gov.br\/portal\/wp-json\/wp\/v2\/posts"}],"about":[{"href":"https:\/\/www.santaritadopassaquatro.sp.gov.br\/portal\/wp-json\/wp\/v2\/types\/post"}],"author":[{"embeddable":true,"href":"https:\/\/www.santaritadopassaquatro.sp.gov.br\/portal\/wp-json\/wp\/v2\/users\/1"}],"replies":[{"embeddable":true,"href":"https:\/\/www.santaritadopassaquatro.sp.gov.br\/portal\/wp-json\/wp\/v2\/comments?post=3264"}],"version-history":[{"count":1,"href":"https:\/\/www.santaritadopassaquatro.sp.gov.br\/portal\/wp-json\/wp\/v2\/posts\/3264\/revisions"}],"predecessor-version":[{"id":3266,"href":"https:\/\/www.santaritadopassaquatro.sp.gov.br\/portal\/wp-json\/wp\/v2\/posts\/3264\/revisions\/3266"}],"wp:featuredmedia":[{"embeddable":true,"href":"https:\/\/www.santaritadopassaquatro.sp.gov.br\/portal\/wp-json\/wp\/v2\/media\/3315"}],"wp:attachment":[{"href":"https:\/\/www.santaritadopassaquatro.sp.gov.br\/portal\/wp-json\/wp\/v2\/media?parent=3264"}],"wp:term":[{"taxonomy":"category","embeddable":true,"href":"https:\/\/www.santaritadopassaquatro.sp.gov.br\/portal\/wp-json\/wp\/v2\/categories?post=3264"},{"taxonomy":"post_tag","embeddable":true,"href":"https:\/\/www.santaritadopassaquatro.sp.gov.br\/portal\/wp-json\/wp\/v2\/tags?post=3264"}],"curies":[{"name":"wp","href":"https:\/\/api.w.org\/{rel}","templated":true}]}}