{"id":3276,"date":"2020-02-07T15:08:04","date_gmt":"2020-02-07T17:08:04","guid":{"rendered":"http:\/\/www.santaritadopassaquatro.sp.gov.br\/portal\/?p=3276"},"modified":"2020-02-07T15:08:04","modified_gmt":"2020-02-07T17:08:04","slug":"comtur-recebe-prefeito-e-comandante-da-pm-em-reuniao-no-ultimo-dia-27-de-janeiro","status":"publish","type":"post","link":"https:\/\/www.santaritadopassaquatro.sp.gov.br\/portal\/comtur-recebe-prefeito-e-comandante-da-pm-em-reuniao-no-ultimo-dia-27-de-janeiro\/","title":{"rendered":"Comtur recebe prefeito e comandante da PM em reuni\u00e3o no \u00faltimo dia 27 de janeiro"},"content":{"rendered":"<p><strong><em>\u00a0<\/em><\/strong><strong><em>Assuntos como PIB, gera\u00e7\u00e3o em empregos e sobre seguran\u00e7a p\u00fablica foram abordados <\/em><\/strong><\/p>\n<p><strong><em>\u00a0<\/em><\/strong><\/p>\n<figure id=\"attachment_3280\" aria-describedby=\"caption-attachment-3280\" style=\"width: 300px\" class=\"wp-caption alignleft\"><img decoding=\"async\" class=\"wp-image-3280 size-medium\" src=\"http:\/\/www.santaritadopassaquatro.sp.gov.br\/portal\/wp-content\/uploads\/2020\/02\/Comtur_Capitao_Veiga-300x225.jpeg\" alt=\"\" width=\"300\" height=\"225\" srcset=\"https:\/\/www.santaritadopassaquatro.sp.gov.br\/portal\/wp-content\/uploads\/2020\/02\/Comtur_Capitao_Veiga-300x225.jpeg 300w, https:\/\/www.santaritadopassaquatro.sp.gov.br\/portal\/wp-content\/uploads\/2020\/02\/Comtur_Capitao_Veiga-768x576.jpeg 768w, https:\/\/www.santaritadopassaquatro.sp.gov.br\/portal\/wp-content\/uploads\/2020\/02\/Comtur_Capitao_Veiga-1024x768.jpeg 1024w, https:\/\/www.santaritadopassaquatro.sp.gov.br\/portal\/wp-content\/uploads\/2020\/02\/Comtur_Capitao_Veiga.jpeg 1600w\" sizes=\"(max-width: 300px) 100vw, 300px\" \/><figcaption id=\"caption-attachment-3280\" class=\"wp-caption-text\"><span style=\"font-size: 8pt; color: #999999;\"><em><strong> O capit\u00e3o Veiga durante reuni\u00e3o do Comtur sobre seguran\u00e7a P\u00fablica (Divulga\u00e7\u00e3o)<\/strong><\/em><\/span><\/figcaption><\/figure>\n<p style=\"text-align: left;\">\u00a0O Comtur (Conselho Municipal de Turismo) de Santa Rita do Passa Quatro recebeu, na segunda-feira dia 27\/1, como convidados, o prefeito Leandro Luciano dos Santos e o capit\u00e3o Daniel Amaral Veiga, comandante da 3\u00aa Companhia da Pol\u00edcia Militar. A reuni\u00e3o tratou de assuntos como seguran\u00e7a p\u00fablica, especialmente com vistas ao turismo, e a gera\u00e7\u00e3o de emprego e renda no setor tur\u00edstico. A reuni\u00e3o aconteceu na sede da ACE (Associa\u00e7\u00e3o Comercial e Empresarial).<\/p>\n<figure id=\"attachment_3277\" aria-describedby=\"caption-attachment-3277\" style=\"width: 300px\" class=\"wp-caption alignright\"><img decoding=\"async\" class=\"wp-image-3277 size-medium\" src=\"http:\/\/www.santaritadopassaquatro.sp.gov.br\/portal\/wp-content\/uploads\/2020\/02\/Comtur_prefeito-300x225.jpeg\" alt=\"\" width=\"300\" height=\"225\" srcset=\"https:\/\/www.santaritadopassaquatro.sp.gov.br\/portal\/wp-content\/uploads\/2020\/02\/Comtur_prefeito-300x225.jpeg 300w, https:\/\/www.santaritadopassaquatro.sp.gov.br\/portal\/wp-content\/uploads\/2020\/02\/Comtur_prefeito-768x576.jpeg 768w, https:\/\/www.santaritadopassaquatro.sp.gov.br\/portal\/wp-content\/uploads\/2020\/02\/Comtur_prefeito-1024x768.jpeg 1024w, https:\/\/www.santaritadopassaquatro.sp.gov.br\/portal\/wp-content\/uploads\/2020\/02\/Comtur_prefeito.jpeg 1600w\" sizes=\"(max-width: 300px) 100vw, 300px\" \/><figcaption id=\"caption-attachment-3277\" class=\"wp-caption-text\"><span style=\"font-size: 8pt; color: #999999;\"><em><strong>O prefeito apresentando n\u00fameros sobre a PIB e gera\u00e7\u00e3o de empregos no setor de turismo no estado de S\u00e3o Paulo (Divulga\u00e7\u00e3o)<\/strong><\/em><\/span><\/figcaption><\/figure>\n<p>Em sua explana\u00e7\u00e3o, o Capit\u00e3o Veiga mostrou gr\u00e1ficos e n\u00fameros sobre a atua\u00e7\u00e3o da Pol\u00edcia Militar e a queda dos \u00edndices criminais no munic\u00edpio, o que demonstra a melhoria na sensa\u00e7\u00e3o de seguran\u00e7a para a popula\u00e7\u00e3o e para os turistas que desejam frequentar nossa cidade. Quest\u00f5es como infra\u00e7\u00f5es de tr\u00e2nsito e multas tamb\u00e9m foram tratadas. De acordo com o comandante, estudos apontam que os turistas de todo Brasil est\u00e3o mais preocupados com a seguran\u00e7a p\u00fablica nos \u00faltimos anos, a prova disso \u00e9 o aumento do fluxo tur\u00edsticos em localidades consideradas mais seguros. O capit\u00e3o Veiga citou o exemplo do carnaval, onde S\u00e3o Paulo ultrapassou o Rio de Janeiro no n\u00famero de turistas que pretendem visitar a cidade, sendo que tal prefer\u00eancia se deu justamente pelo quesito seguran\u00e7a, eis que na capital paulista os \u00edndices de viol\u00eancia est\u00e3o muito mais baixos daqueles existentes na capital carioca.<\/p>\n<p>O prefeito tamb\u00e9m apresentou n\u00fameros que mostram a evolu\u00e7\u00e3o do setor de servi\u00e7os, onde se encontra, em especial, aquelas voltadas ao turismo, diante das outras atividades, em todo estado de S\u00e3o Paulo, em 2019. No acumulado de 12 meses, a economia paulista aumentou 2,4%, com 3,4% nos servi\u00e7os e 0,6% na ind\u00fastria, e a agropecu\u00e1ria sofreu uma queda de 3,3%.<\/p>\n<p>A reuni\u00e3o foi comandada pelo presidente do Comtur, Paulo Eduardo Dias Borgo, com a participa\u00e7\u00e3o de grande n\u00famero de conselheiros. O Conselho Municipal de Turismo se re\u00fane mensalmente para tratar de assuntos do setor, avaliar projetos que lhe s\u00e3o encaminhados pelo Poder Executivo e propor a\u00e7\u00f5es para o crescimento desenvolvimento do munic\u00edpio na \u00e1rea que hoje \u00e9 considerada a mais importante na gera\u00e7\u00e3o de emprego e renda em todo mundo.<\/p>\n<p>&nbsp;<\/p>\n<p>&nbsp;<\/p>\n<p>&nbsp;<\/p>\n<p>&nbsp;<\/p>\n<p>&nbsp;<\/p>\n<p>&nbsp;<\/p>\n","protected":false},"excerpt":{"rendered":"<p>\u00a0Assuntos como PIB, gera\u00e7\u00e3o em empregos e sobre seguran\u00e7a p\u00fablica foram abordados \u00a0 \u00a0O Comtur (Conselho Municipal de Turismo) de<\/p>\n","protected":false},"author":1,"featured_media":3277,"comment_status":"closed","ping_status":"open","sticky":false,"template":"","format":"standard","meta":{"footnotes":""},"categories":[44,59,60],"tags":[],"class_list":["post-3276","post","type-post","status-publish","format-standard","has-post-thumbnail","hentry","category-cidades","category-seguranca-publica","category-turismo"],"_links":{"self":[{"href":"https:\/\/www.santaritadopassaquatro.sp.gov.br\/portal\/wp-json\/wp\/v2\/posts\/3276","targetHints":{"allow":["GET"]}}],"collection":[{"href":"https:\/\/www.santaritadopassaquatro.sp.gov.br\/portal\/wp-json\/wp\/v2\/posts"}],"about":[{"href":"https:\/\/www.santaritadopassaquatro.sp.gov.br\/portal\/wp-json\/wp\/v2\/types\/post"}],"author":[{"embeddable":true,"href":"https:\/\/www.santaritadopassaquatro.sp.gov.br\/portal\/wp-json\/wp\/v2\/users\/1"}],"replies":[{"embeddable":true,"href":"https:\/\/www.santaritadopassaquatro.sp.gov.br\/portal\/wp-json\/wp\/v2\/comments?post=3276"}],"version-history":[{"count":0,"href":"https:\/\/www.santaritadopassaquatro.sp.gov.br\/portal\/wp-json\/wp\/v2\/posts\/3276\/revisions"}],"wp:featuredmedia":[{"embeddable":true,"href":"https:\/\/www.santaritadopassaquatro.sp.gov.br\/portal\/wp-json\/wp\/v2\/media\/3277"}],"wp:attachment":[{"href":"https:\/\/www.santaritadopassaquatro.sp.gov.br\/portal\/wp-json\/wp\/v2\/media?parent=3276"}],"wp:term":[{"taxonomy":"category","embeddable":true,"href":"https:\/\/www.santaritadopassaquatro.sp.gov.br\/portal\/wp-json\/wp\/v2\/categories?post=3276"},{"taxonomy":"post_tag","embeddable":true,"href":"https:\/\/www.santaritadopassaquatro.sp.gov.br\/portal\/wp-json\/wp\/v2\/tags?post=3276"}],"curies":[{"name":"wp","href":"https:\/\/api.w.org\/{rel}","templated":true}]}}