{"id":3285,"date":"2020-02-07T15:12:47","date_gmt":"2020-02-07T17:12:47","guid":{"rendered":"http:\/\/www.santaritadopassaquatro.sp.gov.br\/portal\/?p=3285"},"modified":"2020-02-07T15:12:47","modified_gmt":"2020-02-07T17:12:47","slug":"educacao-faz-primeiras-chamadas-da-lista-unica-de-vagas-nas-creches-municipais","status":"publish","type":"post","link":"https:\/\/www.santaritadopassaquatro.sp.gov.br\/portal\/educacao-faz-primeiras-chamadas-da-lista-unica-de-vagas-nas-creches-municipais\/","title":{"rendered":"Educa\u00e7\u00e3o faz primeiras chamadas da lista \u00fanica de vagas nas creches municipais"},"content":{"rendered":"<p><strong><em>Vagas agora s\u00e3o divulgadas no site da Prefeitura Municipal visando maior transpar\u00eancia na distribui\u00e7\u00e3o <\/em><\/strong><\/p>\n<p>&nbsp;<\/p>\n<figure id=\"attachment_3286\" aria-describedby=\"caption-attachment-3286\" style=\"width: 300px\" class=\"wp-caption alignleft\"><img decoding=\"async\" class=\"wp-image-3286 size-medium\" src=\"http:\/\/www.santaritadopassaquatro.sp.gov.br\/portal\/wp-content\/uploads\/2020\/02\/vagas_creches-300x200.jpg\" alt=\"\" width=\"300\" height=\"200\" srcset=\"https:\/\/www.santaritadopassaquatro.sp.gov.br\/portal\/wp-content\/uploads\/2020\/02\/vagas_creches-300x200.jpg 300w, https:\/\/www.santaritadopassaquatro.sp.gov.br\/portal\/wp-content\/uploads\/2020\/02\/vagas_creches-768x512.jpg 768w, https:\/\/www.santaritadopassaquatro.sp.gov.br\/portal\/wp-content\/uploads\/2020\/02\/vagas_creches-1024x683.jpg 1024w\" sizes=\"(max-width: 300px) 100vw, 300px\" \/><figcaption id=\"caption-attachment-3286\" class=\"wp-caption-text\"><span style=\"font-size: 8pt; color: #999999;\"><em><strong>Respons\u00e1veis por crian\u00e7as efetivando a matr\u00edcula na sede do Departamento Municipal de Educa\u00e7\u00e3o (AssCom\/Divulga\u00e7\u00e3o)<\/strong><\/em><\/span><\/figcaption><\/figure>\n<p>O Departamento de Educa\u00e7\u00e3o da Prefeitura Municipal de Santa Rita do Passa Quatro fez as primeiras chamadas da lista \u00fanica de vagas nas creches municipais. A lista agora publicada no site da Prefeitura Municipal, com objetivo de dar mais transpar\u00eancia na distribui\u00e7\u00e3o das vagas. Pais e respons\u00e1veis pelas crian\u00e7as compareceram na sede do Departamento, conforme convoca\u00e7\u00e3o, para confirma\u00e7\u00e3o da matr\u00edcula, na \u00faltima segunda-feira (3\/2).<\/p>\n<p>As vagas ofertadas s\u00e3o para Ber\u00e7\u00e1rio I (60), Ber\u00e7\u00e1rio II (22), Maternal I (31) e Maternal II (34 vagas).\u00a0 Nesta primeira semana foram chamadas 40 crian\u00e7as do Ber\u00e7\u00e1rio I, outras 16 crian\u00e7as do Ber\u00e7\u00e1rio II; 30 crian\u00e7as do Maternal I, e 24 crian\u00e7as do Maternal II. Na pr\u00f3xima semana, a lista ser\u00e1 atualizada para publica\u00e7\u00e3o no site para preenchimento das vagas existentes.<\/p>\n<p>Ser\u00e1 entregue uma senha conforme a ordem de cadastro na lista de chamada, desde que o respons\u00e1vel chegue no hor\u00e1rio estipulado. Caso compare\u00e7a ap\u00f3s o hor\u00e1rio marcado, a escolha da vaga ocorrer\u00e1 no final do hor\u00e1rio para o qual foi chamado.<\/p>\n<p>Os convocados dever\u00e3o estar munidos da certid\u00e3o de nascimento da crian\u00e7a e documento de identidade dos pais e respons\u00e1veis com foto. Ap\u00f3s o direcionamento da vaga no Departamento de Educa\u00e7\u00e3o, os respons\u00e1veis ter\u00e3o um prazo de 10 dias para efetiva\u00e7\u00e3o da matr\u00edcula na creche. A n\u00e3o efetiva\u00e7\u00e3o da matr\u00edcula no prazo estipulado ser\u00e1 considerada manifesta\u00e7\u00e3o de desinteresse e o nome da crian\u00e7a ser\u00e1 retirado da Lista \u00danica. Os respons\u00e1veis dos contemplados pelas vagas, que n\u00e3o tiverem mais interesse pela mesma, dever\u00e3o comparecer ao Departamento para assinar o Termo De Desist\u00eancia.<\/p>\n<p>O Departamento de Educa\u00e7\u00e3o fica na Av. Severino Meirelles, n\u00ba 1.230 \u2013 Centro. <a href=\"https:\/\/www.santaritadopassaquatro.sp.gov.br\/portal\/1a-chamada-para-matricula-2020-27012020\/\">Clique aqui e confira a lista no o site da Prefeitura Municipal.\u00a0<\/a><\/p>\n<p>&nbsp;<\/p>\n<p>&nbsp;<\/p>\n<p>&nbsp;<\/p>\n","protected":false},"excerpt":{"rendered":"<p>Vagas agora s\u00e3o divulgadas no site da Prefeitura Municipal visando maior transpar\u00eancia na distribui\u00e7\u00e3o &nbsp; O Departamento de Educa\u00e7\u00e3o da<\/p>\n","protected":false},"author":1,"featured_media":3286,"comment_status":"closed","ping_status":"open","sticky":false,"template":"","format":"standard","meta":{"footnotes":""},"categories":[48,28],"tags":[],"class_list":["post-3285","post","type-post","status-publish","format-standard","has-post-thumbnail","hentry","category-featured","category-educacao"],"_links":{"self":[{"href":"https:\/\/www.santaritadopassaquatro.sp.gov.br\/portal\/wp-json\/wp\/v2\/posts\/3285","targetHints":{"allow":["GET"]}}],"collection":[{"href":"https:\/\/www.santaritadopassaquatro.sp.gov.br\/portal\/wp-json\/wp\/v2\/posts"}],"about":[{"href":"https:\/\/www.santaritadopassaquatro.sp.gov.br\/portal\/wp-json\/wp\/v2\/types\/post"}],"author":[{"embeddable":true,"href":"https:\/\/www.santaritadopassaquatro.sp.gov.br\/portal\/wp-json\/wp\/v2\/users\/1"}],"replies":[{"embeddable":true,"href":"https:\/\/www.santaritadopassaquatro.sp.gov.br\/portal\/wp-json\/wp\/v2\/comments?post=3285"}],"version-history":[{"count":1,"href":"https:\/\/www.santaritadopassaquatro.sp.gov.br\/portal\/wp-json\/wp\/v2\/posts\/3285\/revisions"}],"predecessor-version":[{"id":3287,"href":"https:\/\/www.santaritadopassaquatro.sp.gov.br\/portal\/wp-json\/wp\/v2\/posts\/3285\/revisions\/3287"}],"wp:featuredmedia":[{"embeddable":true,"href":"https:\/\/www.santaritadopassaquatro.sp.gov.br\/portal\/wp-json\/wp\/v2\/media\/3286"}],"wp:attachment":[{"href":"https:\/\/www.santaritadopassaquatro.sp.gov.br\/portal\/wp-json\/wp\/v2\/media?parent=3285"}],"wp:term":[{"taxonomy":"category","embeddable":true,"href":"https:\/\/www.santaritadopassaquatro.sp.gov.br\/portal\/wp-json\/wp\/v2\/categories?post=3285"},{"taxonomy":"post_tag","embeddable":true,"href":"https:\/\/www.santaritadopassaquatro.sp.gov.br\/portal\/wp-json\/wp\/v2\/tags?post=3285"}],"curies":[{"name":"wp","href":"https:\/\/api.w.org\/{rel}","templated":true}]}}