{"id":3292,"date":"2020-02-07T15:18:22","date_gmt":"2020-02-07T17:18:22","guid":{"rendered":"http:\/\/www.santaritadopassaquatro.sp.gov.br\/portal\/?p=3292"},"modified":"2020-02-07T15:18:22","modified_gmt":"2020-02-07T17:18:22","slug":"carnaval-2020-banda-canossiasom-sera-atracao-do-santacarnafolia-na-praca-da-estacao","status":"publish","type":"post","link":"https:\/\/www.santaritadopassaquatro.sp.gov.br\/portal\/carnaval-2020-banda-canossiasom-sera-atracao-do-santacarnafolia-na-praca-da-estacao\/","title":{"rendered":"CARNAVAL 2020:\u00a0Banda Canossiasom ser\u00e1 atra\u00e7\u00e3o do Santacarnafolia na pra\u00e7a da Esta\u00e7\u00e3o"},"content":{"rendered":"<p><strong><em>Promovido pelo Departamento Municipal de Turismo, na Pra\u00e7a Poeta Mario Mattoso, evento ir\u00e1 oferecer mais op\u00e7\u00f5es para \u00e0s fam\u00edlias, com conforto e seguran\u00e7a <\/em><\/strong><\/p>\n<p>&nbsp;<\/p>\n<figure id=\"attachment_3278\" aria-describedby=\"caption-attachment-3278\" style=\"width: 300px\" class=\"wp-caption alignleft\"><img decoding=\"async\" class=\"wp-image-3278 size-medium\" src=\"http:\/\/www.santaritadopassaquatro.sp.gov.br\/portal\/wp-content\/uploads\/2020\/02\/carnaval-grupo-degrade-300x207.jpg\" alt=\"\" width=\"300\" height=\"207\" srcset=\"https:\/\/www.santaritadopassaquatro.sp.gov.br\/portal\/wp-content\/uploads\/2020\/02\/carnaval-grupo-degrade-300x207.jpg 300w, https:\/\/www.santaritadopassaquatro.sp.gov.br\/portal\/wp-content\/uploads\/2020\/02\/carnaval-grupo-degrade-768x530.jpg 768w, https:\/\/www.santaritadopassaquatro.sp.gov.br\/portal\/wp-content\/uploads\/2020\/02\/carnaval-grupo-degrade-392x272.jpg 392w, https:\/\/www.santaritadopassaquatro.sp.gov.br\/portal\/wp-content\/uploads\/2020\/02\/carnaval-grupo-degrade-130x90.jpg 130w, https:\/\/www.santaritadopassaquatro.sp.gov.br\/portal\/wp-content\/uploads\/2020\/02\/carnaval-grupo-degrade.jpg 960w\" sizes=\"(max-width: 300px) 100vw, 300px\" \/><figcaption id=\"caption-attachment-3278\" class=\"wp-caption-text\"><span style=\"font-size: 8pt; color: #999999;\"><em><strong>O grupo Degrad\u00ea que ir\u00e1 animar o pr\u00e9-carnaval na pra\u00e7a da Esta\u00e7\u00e3o (Divulga\u00e7\u00e3o)<\/strong><\/em><\/span><\/figcaption><\/figure>\n<p>A banda Canossiasom, de Santa Rita do Passa Quatro, ser\u00e1 a atra\u00e7\u00e3o principal do Santacarnafolia 2020, na Pra\u00e7a Poeta Mario Mattoso (Esta\u00e7\u00e3o), promovido pelo Departamento de Cultura e Turismo da Prefeitura Municipal. Com m\u00fasicos convidados, a banda ir\u00e1 tocar ao vivo todo um repert\u00f3rio repleto cl\u00e1ssicos carnavalescos e sucessos atuais em quatro noites de muita festa.<\/p>\n<p>Mais um evento com expectativa de atrair muitos turistas na est\u00e2ncia, o Carnaval santa-ritense, traz de volta a magia das antigas marchinhas e musicais infantis, nas primeiras horas da festa, e depois os diversos estilos musicais que animam os carnavais em todo Brasil.<\/p>\n<p>A festa acontece nos dias 22, 23, 24 e 25 de fevereiro, com hor\u00e1rios, das 17h \u00e0s 23 horas, de s\u00e1bado \u00e0 segunda-feira, e das 17h \u00e0s 22 horas, na ter\u00e7a-feira.<\/p>\n<figure id=\"attachment_3279\" aria-describedby=\"caption-attachment-3279\" style=\"width: 300px\" class=\"wp-caption alignright\"><img decoding=\"async\" class=\"wp-image-3279 size-medium\" src=\"http:\/\/www.santaritadopassaquatro.sp.gov.br\/portal\/wp-content\/uploads\/2020\/02\/carnaval_banda-e-prefeito-300x225.jpeg\" alt=\"\" width=\"300\" height=\"225\" srcset=\"https:\/\/www.santaritadopassaquatro.sp.gov.br\/portal\/wp-content\/uploads\/2020\/02\/carnaval_banda-e-prefeito-300x225.jpeg 300w, https:\/\/www.santaritadopassaquatro.sp.gov.br\/portal\/wp-content\/uploads\/2020\/02\/carnaval_banda-e-prefeito-768x576.jpeg 768w, https:\/\/www.santaritadopassaquatro.sp.gov.br\/portal\/wp-content\/uploads\/2020\/02\/carnaval_banda-e-prefeito-1024x768.jpeg 1024w, https:\/\/www.santaritadopassaquatro.sp.gov.br\/portal\/wp-content\/uploads\/2020\/02\/carnaval_banda-e-prefeito.jpeg 1280w\" sizes=\"(max-width: 300px) 100vw, 300px\" \/><figcaption id=\"caption-attachment-3279\" class=\"wp-caption-text\"><span style=\"font-size: 8pt; color: #999999;\"><em><strong>M\u00fasicos da banda Canossiason com o prefeito Leandro Pilha durante o Santacarnafolia 2019, (Arquivo\/ AssCom\/Divulga\u00e7\u00e3o)<\/strong><\/em><\/span><\/figcaption><\/figure>\n<p>Toda a programa\u00e7\u00e3o acontece com entrada gratuita e participa\u00e7\u00e3o da feira do Turismo, em com completa pra\u00e7a de alimenta\u00e7\u00e3o. A prefeitura tamb\u00e9m est\u00e1 definindo com a Pol\u00edcia Militar para atua\u00e7\u00e3o com seu efetivo no aux\u00edlio \u00e0 seguran\u00e7a, dentro do programa Atividade Delegada, com a possibilidade de contar com monitoramento de c\u00e2meras de seguran\u00e7a.<\/p>\n<p>Para oferecer mais conforto e seguran\u00e7a \u00e0s fam\u00edlias, tamb\u00e9m como aconteceu no ano passado, mais uma vez haver\u00e1 uma \u00e1rea destinada \u00e0s crian\u00e7as. O Espa\u00e7o Kids ser\u00e1 reservado \u00e0 divers\u00e3o da garotada e para melhor atender as fam\u00edlias.<\/p>\n<p>Para o Setor de Turismo, a realiza\u00e7\u00e3o do Carnaval Popular, al\u00e9m de oferecer entretenimento gratuito \u00e0 popula\u00e7\u00e3o, tamb\u00e9m estimula toda a cadeia produtiva do turismo, j\u00e1 que o evento, ao longo dos anos vem ganhando destaque em toda a regi\u00e3o, colaborando com o desenvolvimento econ\u00f4mico do munic\u00edpio.<\/p>\n<p>&nbsp;<\/p>\n<p><strong>PR\u00c9-CARNAVAL<\/strong><\/p>\n<p>Antes do Santacarnafolia 2020, o Carnaval na est\u00e2ncia j\u00e1 come\u00e7a na quinta-feira (20\/2), com um pr\u00e9-carnaval, na Pra\u00e7a Poeta Mario Mattoso. A anima\u00e7\u00e3o ser\u00e1 do Grupo Degrad\u00ea, e atra\u00e7\u00e3o acontece a partir das 20 horas, juntamente com edi\u00e7\u00e3o noturna da Feira do Produtor, que acontece sempre \u00e0s quintas-feiras, na pra\u00e7a da Esta\u00e7\u00e3o.<\/p>\n<p>&nbsp;<\/p>\n<p><strong>SERVI\u00c7O<\/strong><\/p>\n<p><strong>CARNAVAL 2020<br \/>\n<\/strong><strong>Data:<\/strong> 22, 23, 24 e 25 de fevereiro.<br \/>\n<strong>Local:<\/strong> Pra\u00e7a Poeta Mario Mattoso (Esta\u00e7\u00e3o).<br \/>\n<strong>Hor\u00e1rio:<\/strong> a partir das 17 horas.<\/p>\n<p>&nbsp;<\/p>\n<p>&nbsp;<\/p>\n<p>&nbsp;<\/p>\n<p>&nbsp;<\/p>\n<p>&nbsp;<\/p>\n<p>&nbsp;<\/p>\n","protected":false},"excerpt":{"rendered":"<p>Promovido pelo Departamento Municipal de Turismo, na Pra\u00e7a Poeta Mario Mattoso, evento ir\u00e1 oferecer mais op\u00e7\u00f5es para \u00e0s fam\u00edlias, com<\/p>\n","protected":false},"author":1,"featured_media":3279,"comment_status":"closed","ping_status":"open","sticky":false,"template":"","format":"standard","meta":{"footnotes":""},"categories":[46,60],"tags":[],"class_list":["post-3292","post","type-post","status-publish","format-standard","has-post-thumbnail","hentry","category-cultura","category-turismo"],"_links":{"self":[{"href":"https:\/\/www.santaritadopassaquatro.sp.gov.br\/portal\/wp-json\/wp\/v2\/posts\/3292","targetHints":{"allow":["GET"]}}],"collection":[{"href":"https:\/\/www.santaritadopassaquatro.sp.gov.br\/portal\/wp-json\/wp\/v2\/posts"}],"about":[{"href":"https:\/\/www.santaritadopassaquatro.sp.gov.br\/portal\/wp-json\/wp\/v2\/types\/post"}],"author":[{"embeddable":true,"href":"https:\/\/www.santaritadopassaquatro.sp.gov.br\/portal\/wp-json\/wp\/v2\/users\/1"}],"replies":[{"embeddable":true,"href":"https:\/\/www.santaritadopassaquatro.sp.gov.br\/portal\/wp-json\/wp\/v2\/comments?post=3292"}],"version-history":[{"count":0,"href":"https:\/\/www.santaritadopassaquatro.sp.gov.br\/portal\/wp-json\/wp\/v2\/posts\/3292\/revisions"}],"wp:featuredmedia":[{"embeddable":true,"href":"https:\/\/www.santaritadopassaquatro.sp.gov.br\/portal\/wp-json\/wp\/v2\/media\/3279"}],"wp:attachment":[{"href":"https:\/\/www.santaritadopassaquatro.sp.gov.br\/portal\/wp-json\/wp\/v2\/media?parent=3292"}],"wp:term":[{"taxonomy":"category","embeddable":true,"href":"https:\/\/www.santaritadopassaquatro.sp.gov.br\/portal\/wp-json\/wp\/v2\/categories?post=3292"},{"taxonomy":"post_tag","embeddable":true,"href":"https:\/\/www.santaritadopassaquatro.sp.gov.br\/portal\/wp-json\/wp\/v2\/tags?post=3292"}],"curies":[{"name":"wp","href":"https:\/\/api.w.org\/{rel}","templated":true}]}}