{"id":3308,"date":"2020-02-07T15:34:32","date_gmt":"2020-02-07T17:34:32","guid":{"rendered":"http:\/\/www.santaritadopassaquatro.sp.gov.br\/portal\/?p=3308"},"modified":"2020-02-07T15:34:32","modified_gmt":"2020-02-07T17:34:32","slug":"para-criancas-e-jovens-nova-vacinacao-contra-o-sarampo-comeca-nesta-segunda-feira","status":"publish","type":"post","link":"https:\/\/www.santaritadopassaquatro.sp.gov.br\/portal\/para-criancas-e-jovens-nova-vacinacao-contra-o-sarampo-comeca-nesta-segunda-feira\/","title":{"rendered":"Para crian\u00e7as e jovens, nova vacina\u00e7\u00e3o contra o sarampo come\u00e7a nesta segunda-feira"},"content":{"rendered":"<p><strong><em>Primeira fase da campanha em 2020 segue at\u00e9 dia 13 de mar\u00e7o; o pr\u00f3ximo s\u00e1bado (15\/2) ser\u00e1 o Dia de Mobiliza\u00e7\u00e3o Nacional<\/em><\/strong><\/p>\n<p><strong><em>\u00a0<\/em><\/strong><\/p>\n<p>Come\u00e7a nesta segunda-feira (10\/2) a primeira fase da Campanha Nacional de Vacina\u00e7\u00e3o contra o Sarampo do calend\u00e1rio 2020. Dever\u00e3o se vacinadas crian\u00e7as e jovens dos cinco aos 19 anos de idade, que nunca tomaram nenhuma dose, t\u00eam registrado apenas uma, perderam o cart\u00e3o ou n\u00e3o lembram se est\u00e3o com esquema vacinal completo.<\/p>\n<p>Em Santa Rita do Passa Quatro a vacina\u00e7\u00e3o ocorre no Centro de Sa\u00fade II, de segunda a sexta-feira, das 7h \u00e0s 15 horas. Nos PAS CAIC, as vacinas s\u00e3o aplicadas as ter\u00e7as e quintas-feiras, apenas no per\u00edodo da manh\u00e3, no das 8h \u00e0s 10h30 e das 13h \u00e0s 14h30. \u00c9 fundamental apresenta\u00e7\u00e3o da carteirinha de vacina\u00e7\u00e3o.<\/p>\n<p>No pr\u00f3ximo s\u00e1bado (15\/2) acontece o Dia de Mobiliza\u00e7\u00e3o Nacional, quando tamb\u00e9m, al\u00e9m do Centro de Sa\u00fade II e CAIC, a UBS de Santa Cruz da Estrela tamb\u00e9m estar\u00e1 vacinando as crian\u00e7as das 8h \u00e0s 17 horas.<\/p>\n<p>Esta primeira fase da campanha vai at\u00e9 13 de mar\u00e7o e a segunda fase est\u00e1 programada para come\u00e7ar no segundo semestre e ter\u00e1 como foco pessoas dos 30 aos 59 anos.<\/p>\n<p><strong>\u00a0<\/strong><\/p>\n<p><strong>A DOEN\u00c7A<\/strong><\/p>\n<p>A transmiss\u00e3o do sarampo ocorre a partir de got\u00edculas de pessoas doentes ao espirrar, tossir, falar ou respirar pr\u00f3ximo de pessoas sem imunidade contra o v\u00edrus. \u00c9 uma doen\u00e7a altamente contagiosa.<\/p>\n<p>&nbsp;<\/p>\n<p><strong>SERVI\u00c7O<br \/>\nCAMPANHA DE VACINA\u00c7\u00c3O CONTRA SARAMPO (1\u00aa Etapa)<br \/>\nONDE: <\/strong>Centro de Sa\u00fade II e PAS CAIC. <strong><br \/>\nHORARIOS:<\/strong>\u00a0 das 8h \u00e0s 15 horas (Centro Sa\u00fade) e no das 8h \u00e0s 10h30 e das 13h (CAIC), de segunda a sexta-feira.<br \/>\n<strong>P\u00daBLICO ALVO: <\/strong>pessoas com idade entre 5 e 19 anos.<\/p>\n<p>&nbsp;<\/p>\n","protected":false},"excerpt":{"rendered":"<p>Primeira fase da campanha em 2020 segue at\u00e9 dia 13 de mar\u00e7o; o pr\u00f3ximo s\u00e1bado (15\/2) ser\u00e1 o Dia de<\/p>\n","protected":false},"author":1,"featured_media":3289,"comment_status":"closed","ping_status":"open","sticky":false,"template":"","format":"standard","meta":{"footnotes":""},"categories":[44,52,58],"tags":[],"class_list":["post-3308","post","type-post","status-publish","format-standard","has-post-thumbnail","hentry","category-cidades","category-latest","category-health"],"_links":{"self":[{"href":"https:\/\/www.santaritadopassaquatro.sp.gov.br\/portal\/wp-json\/wp\/v2\/posts\/3308","targetHints":{"allow":["GET"]}}],"collection":[{"href":"https:\/\/www.santaritadopassaquatro.sp.gov.br\/portal\/wp-json\/wp\/v2\/posts"}],"about":[{"href":"https:\/\/www.santaritadopassaquatro.sp.gov.br\/portal\/wp-json\/wp\/v2\/types\/post"}],"author":[{"embeddable":true,"href":"https:\/\/www.santaritadopassaquatro.sp.gov.br\/portal\/wp-json\/wp\/v2\/users\/1"}],"replies":[{"embeddable":true,"href":"https:\/\/www.santaritadopassaquatro.sp.gov.br\/portal\/wp-json\/wp\/v2\/comments?post=3308"}],"version-history":[{"count":0,"href":"https:\/\/www.santaritadopassaquatro.sp.gov.br\/portal\/wp-json\/wp\/v2\/posts\/3308\/revisions"}],"wp:featuredmedia":[{"embeddable":true,"href":"https:\/\/www.santaritadopassaquatro.sp.gov.br\/portal\/wp-json\/wp\/v2\/media\/3289"}],"wp:attachment":[{"href":"https:\/\/www.santaritadopassaquatro.sp.gov.br\/portal\/wp-json\/wp\/v2\/media?parent=3308"}],"wp:term":[{"taxonomy":"category","embeddable":true,"href":"https:\/\/www.santaritadopassaquatro.sp.gov.br\/portal\/wp-json\/wp\/v2\/categories?post=3308"},{"taxonomy":"post_tag","embeddable":true,"href":"https:\/\/www.santaritadopassaquatro.sp.gov.br\/portal\/wp-json\/wp\/v2\/tags?post=3308"}],"curies":[{"name":"wp","href":"https:\/\/api.w.org\/{rel}","templated":true}]}}