{"id":3340,"date":"2020-02-14T15:43:27","date_gmt":"2020-02-14T17:43:27","guid":{"rendered":"http:\/\/www.santaritadopassaquatro.sp.gov.br\/portal\/?p=3340"},"modified":"2020-02-14T15:43:27","modified_gmt":"2020-02-14T17:43:27","slug":"continuam-as-inscricoes-para-capacitacao-do-programa-sebrae-supermei","status":"publish","type":"post","link":"https:\/\/www.santaritadopassaquatro.sp.gov.br\/portal\/continuam-as-inscricoes-para-capacitacao-do-programa-sebrae-supermei\/","title":{"rendered":"Continuam as inscri\u00e7\u00f5es para capacita\u00e7\u00e3o do programa Sebrae SuperMEI"},"content":{"rendered":"<p><strong><em>Com o tema gest\u00e3o, oficina acontece em parceria entre ACE e Prefeitura e \u00e9 destinada a toda popula\u00e7\u00e3o, interessados podem se inscrever at\u00e9 o dia 6 de mar\u00e7o<\/em><\/strong><\/p>\n<p>&nbsp;<\/p>\n<p>Continuam abertas as inscri\u00e7\u00f5es para a capacita\u00e7\u00e3o gratuita do programa SuperMEI, em Santa Rita do Passa Quatro. O programa \u00e9 promovido pelo Sebrae\/SP em parceiras com a Prefeitura Municipal e ACE (Associa\u00e7\u00e3o Comercial e Empresarial).<\/p>\n<p>Aberta a toda a popula\u00e7\u00e3o, o programa ir\u00e1 oferecer uma s\u00e9rie de oficinas com o tema Gest\u00e3o, no per\u00edodo de 9 a 13 de mar\u00e7o, segunda a sexta-feira, no hor\u00e1rio das 19h \u00e0s 22 horas, na sede da Associa\u00e7\u00e3o Comercial. Ao todo ser\u00e3o cinco temas abordados, sendo uma por aula: \u201cSei Planejar\u201d, \u201cSei Controlar Meu Dinheiro\u201d, \u201cSei Formar Pre\u00e7o\u201d, \u201cSei Inovar\u201d e \u201cSei Vender\u201d.<\/p>\n<p>As inscri\u00e7\u00f5es tamb\u00e9m s\u00e3o gratuitas e devem ser feitas na sede do Sebrae Aqui de Santa Rita, (Av. Severino Meirelles, 1230 \u2013 Centro), de segunda a sexta-feira, das 8h \u00e0s 11h 13h \u00e0s 17 horas, at\u00e9 o pr\u00f3ximo dia 6 de mar\u00e7o, sexta-feira. As vagas s\u00e3o limitadas.<\/p>\n<p>A a\u00e7\u00e3o faz parte do Plano de Desenvolvimento do Munic\u00edpio, visando a gera\u00e7\u00e3o de emprego e renda em Santa Rita, atrav\u00e9s de capacita\u00e7\u00e3o e apoio financeiro. Quem participar e concluir o curso, tamb\u00e9m pode aderir ao Programa Juro Zero Empreendedor, uma linha de cr\u00e9dito para financiamentos de valores de at\u00e9 R$ 20 mil com car\u00eancia de at\u00e9 seis meses e pagamento em 36 parcelas, sem juros.<\/p>\n<p>Esta \u00e9 a quarta vez que Santa Rita recebe os programas SuperMEI e Juro Zero, do Sebrae\/SP. As tr\u00eas primeiras edi\u00e7\u00f5es aconteceram em junho e novembro de 2018 e mar\u00e7o de 2019.<\/p>\n<p><strong>\u00a0<\/strong><\/p>\n<p><strong>SERV\u00c7O<br \/>\nPROGRAMA SUPER MEI E PROGRAMA JUROS ZERO<br \/>\nOficinas: <\/strong>9 a 13 de mar\u00e7o, segunda a sexta-feira, das 19h \u00e0s 22 horas.<strong><br \/>\nComo participar \u2013 <\/strong>Inscri\u00e7\u00f5es gratuitas no SEBRAE AQUI de Santa Rita (Av. Severino Meirelles, 1230 \u2013 Centro), de segunda \u00e0 sexta-feira, das 8h as 11h 13h \u00e0s 17h. At\u00e9 dia 6 de mar\u00e7o, sexta-feira.<br \/>\n<strong>Documentos necess\u00e1rios &#8211; <\/strong>C\u00f3pia do RG, CPF, T\u00edtulo de Eleitor e Comprovante de Resid\u00eancia.<br \/>\n<strong>Mais informa\u00e7\u00f5es<\/strong> &#8211; Fone 3584-8548.<\/p>\n<p>&nbsp;<\/p>\n<p>&nbsp;<\/p>\n","protected":false},"excerpt":{"rendered":"<p>Com o tema gest\u00e3o, oficina acontece em parceria entre ACE e Prefeitura e \u00e9 destinada a toda popula\u00e7\u00e3o, interessados podem<\/p>\n","protected":false},"author":1,"featured_media":3297,"comment_status":"closed","ping_status":"open","sticky":false,"template":"","format":"standard","meta":{"footnotes":""},"categories":[44,47,48],"tags":[],"class_list":["post-3340","post","type-post","status-publish","format-standard","has-post-thumbnail","hentry","category-cidades","category-desenvovimento","category-featured"],"_links":{"self":[{"href":"https:\/\/www.santaritadopassaquatro.sp.gov.br\/portal\/wp-json\/wp\/v2\/posts\/3340","targetHints":{"allow":["GET"]}}],"collection":[{"href":"https:\/\/www.santaritadopassaquatro.sp.gov.br\/portal\/wp-json\/wp\/v2\/posts"}],"about":[{"href":"https:\/\/www.santaritadopassaquatro.sp.gov.br\/portal\/wp-json\/wp\/v2\/types\/post"}],"author":[{"embeddable":true,"href":"https:\/\/www.santaritadopassaquatro.sp.gov.br\/portal\/wp-json\/wp\/v2\/users\/1"}],"replies":[{"embeddable":true,"href":"https:\/\/www.santaritadopassaquatro.sp.gov.br\/portal\/wp-json\/wp\/v2\/comments?post=3340"}],"version-history":[{"count":0,"href":"https:\/\/www.santaritadopassaquatro.sp.gov.br\/portal\/wp-json\/wp\/v2\/posts\/3340\/revisions"}],"wp:featuredmedia":[{"embeddable":true,"href":"https:\/\/www.santaritadopassaquatro.sp.gov.br\/portal\/wp-json\/wp\/v2\/media\/3297"}],"wp:attachment":[{"href":"https:\/\/www.santaritadopassaquatro.sp.gov.br\/portal\/wp-json\/wp\/v2\/media?parent=3340"}],"wp:term":[{"taxonomy":"category","embeddable":true,"href":"https:\/\/www.santaritadopassaquatro.sp.gov.br\/portal\/wp-json\/wp\/v2\/categories?post=3340"},{"taxonomy":"post_tag","embeddable":true,"href":"https:\/\/www.santaritadopassaquatro.sp.gov.br\/portal\/wp-json\/wp\/v2\/tags?post=3340"}],"curies":[{"name":"wp","href":"https:\/\/api.w.org\/{rel}","templated":true}]}}