{"id":3342,"date":"2020-02-14T15:52:36","date_gmt":"2020-02-14T17:52:36","guid":{"rendered":"http:\/\/www.santaritadopassaquatro.sp.gov.br\/portal\/?p=3342"},"modified":"2020-02-14T15:52:36","modified_gmt":"2020-02-14T17:52:36","slug":"circuito-sesc-de-artes-santa-rita-e-confirmada-em-um-dos-maiores-eventos-culturais-do-estado","status":"publish","type":"post","link":"https:\/\/www.santaritadopassaquatro.sp.gov.br\/portal\/circuito-sesc-de-artes-santa-rita-e-confirmada-em-um-dos-maiores-eventos-culturais-do-estado\/","title":{"rendered":"CIRCUITO SESC DE ARTES:\u00a0Santa Rita \u00e9 confirmada em um dos maiores eventos culturais do Estado"},"content":{"rendered":"<p><strong><em>\u00a0<\/em><\/strong><strong><em>Em parceria com a Prefeitura, Circuito Sesc de Artes acontece no pr\u00f3ximo dia 9 de maio com m\u00fasica, teatro, dan\u00e7a, circo, literatura, artes visuais e cinema<\/em><\/strong><\/p>\n<p>&nbsp;<\/p>\n<figure id=\"attachment_3343\" aria-describedby=\"caption-attachment-3343\" style=\"width: 347px\" class=\"wp-caption alignleft\"><img decoding=\"async\" class=\"wp-image-3343 \" src=\"http:\/\/www.santaritadopassaquatro.sp.gov.br\/portal\/wp-content\/uploads\/2020\/02\/Cicuito_Sesc_foto2_publico_2018-300x199.jpg\" alt=\"\" width=\"347\" height=\"230\" srcset=\"https:\/\/www.santaritadopassaquatro.sp.gov.br\/portal\/wp-content\/uploads\/2020\/02\/Cicuito_Sesc_foto2_publico_2018-300x199.jpg 300w, https:\/\/www.santaritadopassaquatro.sp.gov.br\/portal\/wp-content\/uploads\/2020\/02\/Cicuito_Sesc_foto2_publico_2018-768x511.jpg 768w, https:\/\/www.santaritadopassaquatro.sp.gov.br\/portal\/wp-content\/uploads\/2020\/02\/Cicuito_Sesc_foto2_publico_2018-1024x681.jpg 1024w\" sizes=\"(max-width: 347px) 100vw, 347px\" \/><figcaption id=\"caption-attachment-3343\" class=\"wp-caption-text\"><span style=\"font-size: 8pt; color: #999999;\"><strong><em>P\u00fablico durante apresenta\u00e7\u00e3o no Circuito Sesc de Artes 2018, na pra\u00e7a Poeta M\u00e1rio Mattoso (Arquivo\/AssCom\/Divulga\u00e7\u00e3o)<\/em><\/strong><\/span><\/figcaption><\/figure>\n<p>Santa Rita do Passa Quatro j\u00e1 est\u00e1 confirmada entre os mais de cem munic\u00edpios paulistas que ir\u00e3o receber a edi\u00e7\u00e3o 2020 do Circuito Sesc de Artes, um dos maiores eventos culturais do Estado de S\u00e3o Paulo. A confirma\u00e7\u00e3o aconteceu na \u00faltima ter\u00e7a-feira (11\/2), quando a gerente da regional de S\u00e3o Carlos, Vilma de Marchi, esteve em Santa Rita para colher a assinatura do prefeito Leandro Luciano dos Santos, de ades\u00e3o ao evento. O pr\u00f3ximo passo, ser\u00e1 uma visita t\u00e9cnica do Sesc ao local que ir\u00e1 receber as atra\u00e7\u00f5es.<\/p>\n<figure id=\"attachment_3344\" aria-describedby=\"caption-attachment-3344\" style=\"width: 300px\" class=\"wp-caption alignright\"><img decoding=\"async\" class=\"wp-image-3344 size-medium\" src=\"http:\/\/www.santaritadopassaquatro.sp.gov.br\/portal\/wp-content\/uploads\/2020\/02\/Cicuito_Sesc_foto1_prefeito-300x200.jpg\" alt=\"\" width=\"300\" height=\"200\" srcset=\"https:\/\/www.santaritadopassaquatro.sp.gov.br\/portal\/wp-content\/uploads\/2020\/02\/Cicuito_Sesc_foto1_prefeito-300x200.jpg 300w, https:\/\/www.santaritadopassaquatro.sp.gov.br\/portal\/wp-content\/uploads\/2020\/02\/Cicuito_Sesc_foto1_prefeito-768x512.jpg 768w, https:\/\/www.santaritadopassaquatro.sp.gov.br\/portal\/wp-content\/uploads\/2020\/02\/Cicuito_Sesc_foto1_prefeito-1024x683.jpg 1024w\" sizes=\"(max-width: 300px) 100vw, 300px\" \/><figcaption id=\"caption-attachment-3344\" class=\"wp-caption-text\"><span style=\"font-size: 8pt; color: #999999;\"><em><strong>O prefeito e a diretora do Sesc S\u00e3o Carlos, com dirigentes de cultura da prefeitura e da entidade, durante a confirma\u00e7\u00e3o do Circuito neste ano (AssCom\/Divulga\u00e7\u00e3o)<\/strong><\/em><\/span><\/figcaption><\/figure>\n<p>Com programa\u00e7\u00e3o gratuita e voltada para todas as idades, o evento ir\u00e1 acontecer no pr\u00f3ximo dia 9 de maio, s\u00e1bado, a partir das 16 horas, na Pra\u00e7a Poeta M\u00e1rio Mattoso (Esta\u00e7\u00e3o), em parceria entre Prefeitura Municipal, atrav\u00e9s do Departamento de Cultura e Turismo, e o Sesc S\u00e3o Carlos.<\/p>\n<p style=\"text-align: left;\">Atividades como m\u00fasica, teatro, dan\u00e7a, circo, literatura, artes visuais e cinema est\u00e3o entre as linguagens art\u00edsticas que ocupam o espa\u00e7o p\u00fablico, apropriando-se de ruas, pra\u00e7as e parques para provocar os sentidos e suspender o cotidiano das pessoas. Al\u00e9m de gratuitas, todas as atividades s\u00e3o livres para todos os p\u00fablicos.<\/p>\n<p>&nbsp;<\/p>\n<p><strong>O CIRCUITO<\/strong><\/p>\n<p>Projeto itinerante desenvolvido desde 1998 pelo Sesc SP, o Circuito Sesc de Artes busca a circula\u00e7\u00e3o de espet\u00e1culos e interven\u00e7\u00f5es art\u00edsticas por diversas cidades do Estado de S\u00e3o Paulo. A programa\u00e7\u00e3o \u00e9 adequada a todas as idades e ocorre em espa\u00e7os p\u00fablicos, em parceria com as prefeituras e sindicatos do com\u00e9rcio.<\/p>\n<p>Esta \u00e9 a terceira vez que Santa Rita recebe o evento. A primeira edi\u00e7\u00e3o local aconteceu 2016 e a segunda, em 2018, em ambas a oportunidades, a Pra\u00e7a da Esta\u00e7\u00e3o recebeu grande quantidade de p\u00fablico durante toda a programa\u00e7\u00e3o.<\/p>\n<p>&nbsp;<\/p>\n<p>&nbsp;<\/p>\n<p>&nbsp;<\/p>\n<p>&nbsp;<\/p>\n<p>&nbsp;<\/p>\n<p><strong>\u00a0<\/strong><\/p>\n<p>&nbsp;<\/p>\n<p>&nbsp;<\/p>\n","protected":false},"excerpt":{"rendered":"<p>\u00a0Em parceria com a Prefeitura, Circuito Sesc de Artes acontece no pr\u00f3ximo dia 9 de maio com m\u00fasica, teatro, dan\u00e7a,<\/p>\n","protected":false},"author":1,"featured_media":3344,"comment_status":"closed","ping_status":"open","sticky":false,"template":"","format":"standard","meta":{"footnotes":""},"categories":[46,60],"tags":[],"class_list":["post-3342","post","type-post","status-publish","format-standard","has-post-thumbnail","hentry","category-cultura","category-turismo"],"_links":{"self":[{"href":"https:\/\/www.santaritadopassaquatro.sp.gov.br\/portal\/wp-json\/wp\/v2\/posts\/3342","targetHints":{"allow":["GET"]}}],"collection":[{"href":"https:\/\/www.santaritadopassaquatro.sp.gov.br\/portal\/wp-json\/wp\/v2\/posts"}],"about":[{"href":"https:\/\/www.santaritadopassaquatro.sp.gov.br\/portal\/wp-json\/wp\/v2\/types\/post"}],"author":[{"embeddable":true,"href":"https:\/\/www.santaritadopassaquatro.sp.gov.br\/portal\/wp-json\/wp\/v2\/users\/1"}],"replies":[{"embeddable":true,"href":"https:\/\/www.santaritadopassaquatro.sp.gov.br\/portal\/wp-json\/wp\/v2\/comments?post=3342"}],"version-history":[{"count":0,"href":"https:\/\/www.santaritadopassaquatro.sp.gov.br\/portal\/wp-json\/wp\/v2\/posts\/3342\/revisions"}],"wp:featuredmedia":[{"embeddable":true,"href":"https:\/\/www.santaritadopassaquatro.sp.gov.br\/portal\/wp-json\/wp\/v2\/media\/3344"}],"wp:attachment":[{"href":"https:\/\/www.santaritadopassaquatro.sp.gov.br\/portal\/wp-json\/wp\/v2\/media?parent=3342"}],"wp:term":[{"taxonomy":"category","embeddable":true,"href":"https:\/\/www.santaritadopassaquatro.sp.gov.br\/portal\/wp-json\/wp\/v2\/categories?post=3342"},{"taxonomy":"post_tag","embeddable":true,"href":"https:\/\/www.santaritadopassaquatro.sp.gov.br\/portal\/wp-json\/wp\/v2\/tags?post=3342"}],"curies":[{"name":"wp","href":"https:\/\/api.w.org\/{rel}","templated":true}]}}