{"id":3349,"date":"2020-02-14T16:02:20","date_gmt":"2020-02-14T18:02:20","guid":{"rendered":"http:\/\/www.santaritadopassaquatro.sp.gov.br\/portal\/?p=3349"},"modified":"2020-02-14T16:02:20","modified_gmt":"2020-02-14T18:02:20","slug":"santacarnafolia-programacao-do-carnaval-2020-comeca-nesta-quinta-feira-na-praca-da-estacao","status":"publish","type":"post","link":"https:\/\/www.santaritadopassaquatro.sp.gov.br\/portal\/santacarnafolia-programacao-do-carnaval-2020-comeca-nesta-quinta-feira-na-praca-da-estacao\/","title":{"rendered":"SANTACARNAFOLIA:\u00a0Programa\u00e7\u00e3o do Carnaval 2020 come\u00e7a nesta quinta-feira, na Pra\u00e7a da Esta\u00e7\u00e3o"},"content":{"rendered":"<p><strong><em>Promovido pelo Departamento Municipal de Turismo, evento ir\u00e1 oferecer mais op\u00e7\u00f5es para \u00e0s fam\u00edlias, com conforto e seguran\u00e7a at\u00e9 a ter\u00e7a-feira (25\/2)<\/em><\/strong><\/p>\n<p>&nbsp;<\/p>\n<figure id=\"attachment_3351\" aria-describedby=\"caption-attachment-3351\" style=\"width: 335px\" class=\"wp-caption alignleft\"><img decoding=\"async\" class=\"wp-image-3351 \" src=\"http:\/\/www.santaritadopassaquatro.sp.gov.br\/portal\/wp-content\/uploads\/2020\/02\/carnaval_foto01_marchinhas-300x200.jpg\" alt=\"\" width=\"335\" height=\"223\" srcset=\"https:\/\/www.santaritadopassaquatro.sp.gov.br\/portal\/wp-content\/uploads\/2020\/02\/carnaval_foto01_marchinhas-300x200.jpg 300w, https:\/\/www.santaritadopassaquatro.sp.gov.br\/portal\/wp-content\/uploads\/2020\/02\/carnaval_foto01_marchinhas-768x512.jpg 768w, https:\/\/www.santaritadopassaquatro.sp.gov.br\/portal\/wp-content\/uploads\/2020\/02\/carnaval_foto01_marchinhas-1024x682.jpg 1024w, https:\/\/www.santaritadopassaquatro.sp.gov.br\/portal\/wp-content\/uploads\/2020\/02\/carnaval_foto01_marchinhas.jpg 1976w\" sizes=\"(max-width: 335px) 100vw, 335px\" \/><figcaption id=\"caption-attachment-3351\" class=\"wp-caption-text\"><span style=\"font-size: 8pt; color: #999999;\"><em><strong>Nas primeiras horas do Santacarnafolia 2020, os m\u00fasicos ir\u00e3o resgatar a magia das antigas e tradicionais marchinhas de carnaval \u00a0(Arquivo\/ AssCom\/Divulga\u00e7\u00e3o)<\/strong><\/em><\/span><\/figcaption><\/figure>\n<p>O Santacarnafolia 2020, de Santa Rita do Passa Quatro, j\u00e1 come\u00e7a nesta quinta-feira (20\/2), com um pr\u00e9-carnaval, na Pra\u00e7a Poeta Mario Mattoso (Esta\u00e7\u00e3o). A anima\u00e7\u00e3o ser\u00e1 do Grupo Degrad\u00ea, e atra\u00e7\u00e3o acontece a partir das 20 horas, juntamente com edi\u00e7\u00e3o noturna da Feira do Produtor. \u00a0A partir de s\u00e1bado, o Carnaval santa-ritense passar\u00e1 ser animado pela banda Canossiasom e m\u00fasicos convidados, tamb\u00e9m na Pra\u00e7a da Esta\u00e7\u00e3o, a partir das 17 horas.<\/p>\n<p>Promovido pelo Departamento de Cultura e Turismo da Prefeitura Municipal, o evento acontece com expectativa de atrair muitos turistas na est\u00e2ncia, com a tradi\u00e7\u00e3o das antigas marchinhas e musicais infantis, nas primeiras horas da festa, e depois os diversos estilos musicais que animam os carnavais em todo Brasil.<\/p>\n<p>A festa acontece at\u00e9 a ter\u00e7a-feira (25\/2), com hor\u00e1rios, das 17h \u00e0s 23 horas, de s\u00e1bado \u00e0 segunda-feira, e das 17h \u00e0s 22 horas, na ter\u00e7a-feira.<\/p>\n<figure id=\"attachment_3350\" aria-describedby=\"caption-attachment-3350\" style=\"width: 368px\" class=\"wp-caption alignright\"><img decoding=\"async\" class=\"wp-image-3350 \" src=\"http:\/\/www.santaritadopassaquatro.sp.gov.br\/portal\/wp-content\/uploads\/2020\/02\/carnaval_foto02_banda-300x200.jpg\" alt=\"\" width=\"368\" height=\"244\" srcset=\"https:\/\/www.santaritadopassaquatro.sp.gov.br\/portal\/wp-content\/uploads\/2020\/02\/carnaval_foto02_banda-300x200.jpg 300w, https:\/\/www.santaritadopassaquatro.sp.gov.br\/portal\/wp-content\/uploads\/2020\/02\/carnaval_foto02_banda-768x512.jpg 768w, https:\/\/www.santaritadopassaquatro.sp.gov.br\/portal\/wp-content\/uploads\/2020\/02\/carnaval_foto02_banda-1024x682.jpg 1024w, https:\/\/www.santaritadopassaquatro.sp.gov.br\/portal\/wp-content\/uploads\/2020\/02\/carnaval_foto02_banda.jpg 1976w\" sizes=\"(max-width: 368px) 100vw, 368px\" \/><figcaption id=\"caption-attachment-3350\" class=\"wp-caption-text\"><span style=\"font-size: 8pt; color: #999999;\"><em><strong>Na sequ\u00eancia a nada Canossiasom ir\u00e1 animar a pra\u00e7a da Esta\u00e7\u00e3o com os maiores sucessos de todos os carnavais\u00a0 (Arquivo\/ AssCom\/Divulga\u00e7\u00e3o)<\/strong><\/em><\/span><\/figcaption><\/figure>\n<p>Toda a programa\u00e7\u00e3o acontece com entrada gratuita e participa\u00e7\u00e3o da feira do Turismo, em com completa pra\u00e7a de alimenta\u00e7\u00e3o. A prefeitura tamb\u00e9m est\u00e1 definindo com a Pol\u00edcia Militar para atua\u00e7\u00e3o com seu efetivo no aux\u00edlio \u00e0 seguran\u00e7a, dentro do programa Atividade Delegada, com a possibilidade de contar com monitoramento de c\u00e2meras de seguran\u00e7a.<\/p>\n<p>Para oferecer mais conforto e seguran\u00e7a \u00e0s fam\u00edlias, tamb\u00e9m como aconteceu no ano passado, mais uma vez haver\u00e1 uma \u00e1rea destinada \u00e0s crian\u00e7as. O Espa\u00e7o Kids ser\u00e1 reservado \u00e0 divers\u00e3o da garotada e para melhor atender as fam\u00edlias.<\/p>\n<p>Para o Setor de Turismo, a realiza\u00e7\u00e3o do Carnaval Popular, al\u00e9m de oferecer entretenimento gratuito \u00e0 popula\u00e7\u00e3o, tamb\u00e9m estimula toda a cadeia produtiva do turismo, j\u00e1 que o evento, ao longo dos anos vem ganhando destaque em toda a regi\u00e3o, colaborando com o desenvolvimento econ\u00f4mico do munic\u00edpio.<\/p>\n<p><strong>\u00a0<\/strong><\/p>\n<p><strong>SERVI\u00c7O<\/strong><\/p>\n<p><strong>PR\u00c9-CARNAVAL<br \/>\n<em>Data: <\/em><\/strong><em>quinta-feira, 20 de fevereiro de 2020.<\/em><br \/>\n<em> <strong>Local:<\/strong> Pra\u00e7a Poeta Mario Mattoso (Esta\u00e7\u00e3o).<\/em><br \/>\n<em><strong>Hor\u00e1rio:<\/strong> a partir das 20 horas.<\/em><\/p>\n<p><strong>\u00a0<\/strong><\/p>\n<p><strong>SANTACARNAFOLIA 2020<br \/>\n<\/strong><em><strong>Data:<\/strong> 22, 23, 24 e 25 de fevereiro.<\/em><br \/>\n<em><strong>Local:<\/strong> Pra\u00e7a Poeta Mario Mattoso (Esta\u00e7\u00e3o).<\/em><br \/>\n<em><strong>Hor\u00e1rio:<\/strong> a partir das 17 horas.<\/em><\/p>\n<p>&nbsp;<\/p>\n<p>&nbsp;<\/p>\n<p>&nbsp;<\/p>\n<p><em>\u00a0<\/em><\/p>\n<p>&nbsp;<\/p>\n<p>&nbsp;<\/p>\n<p>&nbsp;<\/p>\n<p>&nbsp;<\/p>\n<p>&nbsp;<\/p>\n","protected":false},"excerpt":{"rendered":"<p>Promovido pelo Departamento Municipal de Turismo, evento ir\u00e1 oferecer mais op\u00e7\u00f5es para \u00e0s fam\u00edlias, com conforto e seguran\u00e7a at\u00e9 a<\/p>\n","protected":false},"author":1,"featured_media":3350,"comment_status":"closed","ping_status":"open","sticky":false,"template":"","format":"standard","meta":{"footnotes":""},"categories":[46,52,60],"tags":[],"class_list":["post-3349","post","type-post","status-publish","format-standard","has-post-thumbnail","hentry","category-cultura","category-latest","category-turismo"],"_links":{"self":[{"href":"https:\/\/www.santaritadopassaquatro.sp.gov.br\/portal\/wp-json\/wp\/v2\/posts\/3349","targetHints":{"allow":["GET"]}}],"collection":[{"href":"https:\/\/www.santaritadopassaquatro.sp.gov.br\/portal\/wp-json\/wp\/v2\/posts"}],"about":[{"href":"https:\/\/www.santaritadopassaquatro.sp.gov.br\/portal\/wp-json\/wp\/v2\/types\/post"}],"author":[{"embeddable":true,"href":"https:\/\/www.santaritadopassaquatro.sp.gov.br\/portal\/wp-json\/wp\/v2\/users\/1"}],"replies":[{"embeddable":true,"href":"https:\/\/www.santaritadopassaquatro.sp.gov.br\/portal\/wp-json\/wp\/v2\/comments?post=3349"}],"version-history":[{"count":0,"href":"https:\/\/www.santaritadopassaquatro.sp.gov.br\/portal\/wp-json\/wp\/v2\/posts\/3349\/revisions"}],"wp:featuredmedia":[{"embeddable":true,"href":"https:\/\/www.santaritadopassaquatro.sp.gov.br\/portal\/wp-json\/wp\/v2\/media\/3350"}],"wp:attachment":[{"href":"https:\/\/www.santaritadopassaquatro.sp.gov.br\/portal\/wp-json\/wp\/v2\/media?parent=3349"}],"wp:term":[{"taxonomy":"category","embeddable":true,"href":"https:\/\/www.santaritadopassaquatro.sp.gov.br\/portal\/wp-json\/wp\/v2\/categories?post=3349"},{"taxonomy":"post_tag","embeddable":true,"href":"https:\/\/www.santaritadopassaquatro.sp.gov.br\/portal\/wp-json\/wp\/v2\/tags?post=3349"}],"curies":[{"name":"wp","href":"https:\/\/api.w.org\/{rel}","templated":true}]}}