{"id":3354,"date":"2020-02-14T16:04:58","date_gmt":"2020-02-14T18:04:58","guid":{"rendered":"http:\/\/www.santaritadopassaquatro.sp.gov.br\/portal\/?p=3354"},"modified":"2020-02-14T16:04:58","modified_gmt":"2020-02-14T18:04:58","slug":"vacinacao-sabado-e-dia-de-mobilizacao-nacional-contra-o-sarampo","status":"publish","type":"post","link":"https:\/\/www.santaritadopassaquatro.sp.gov.br\/portal\/vacinacao-sabado-e-dia-de-mobilizacao-nacional-contra-o-sarampo\/","title":{"rendered":"VACINA\u00c7\u00c3O:\u00a0S\u00e1bado \u00e9 Dia de Mobiliza\u00e7\u00e3o Nacional contra o sarampo"},"content":{"rendered":"<p><strong>\u00a0<\/strong><strong><em>Destinada a crian\u00e7as e jovens, vacina\u00e7\u00e3o contra acontece no Centro de Sa\u00fade II, CAIC e Santa Cruz da Estrela<\/em><\/strong><\/p>\n<p><strong><em>\u00a0<\/em><\/strong><\/p>\n<p>Neste s\u00e1bado (15\/2) acontece o Dia de Mobiliza\u00e7\u00e3o Nacional, da Campanha de Vacina\u00e7\u00e3o contra o Sarampo. \u00a0Em Santa Rita do Passa Quatro a vacina\u00e7\u00e3o ocorre no Centro de Sa\u00fade II (rua In\u00e1cio Ribeiro, 438 \u2013 Centro), no PAS do CAIC, e na UBS de Santa Cruz da Estrela, todos no hor\u00e1rio das 8h \u00e0s 17 horas.<\/p>\n<p>Dever\u00e3o ser vacinadas crian\u00e7as e jovens dos 5 aos 19 anos de idade, que nunca tomaram nenhuma dose, t\u00eam registrado apenas uma, perderam o cart\u00e3o ou n\u00e3o lembram se est\u00e3o com esquema vacinal completo.<\/p>\n<p>Esta \u00e9 a primeira fase da campanha contra o sarampo no calend\u00e1rio 2020, que come\u00e7ou na \u00faltima segunda-feira (10\/2) e segue at\u00e9 13 de mar\u00e7o. Durante este per\u00edodo, os moradores da cidade poder\u00e3o procurar o Centro de Sa\u00fade II, de segunda a sexta-feira, das 7h \u00e0s 15 horas, e os PAS CAIC, \u00e0s ter\u00e7as e quintas-feiras, das 8h \u00e0s 10h30 e das 13h \u00e0s 14h30. \u00c9 fundamental apresenta\u00e7\u00e3o da carteirinha de vacina\u00e7\u00e3o.<\/p>\n<p>De acordo com o Minist\u00e9rio da Sa\u00fade, a segunda fase da Campanha est\u00e1 programada para come\u00e7ar no segundo semestre e ter\u00e1 como foco pessoas dos 30 aos 59 anos.<\/p>\n<p><strong>\u00a0<\/strong><\/p>\n<p><strong>A DOEN\u00c7A<\/strong><\/p>\n<p>A transmiss\u00e3o do sarampo ocorre a partir de got\u00edculas de pessoas doentes ao espirrar, tossir, falar ou respirar pr\u00f3ximo de pessoas sem imunidade contra o v\u00edrus. \u00c9 uma doen\u00e7a altamente contagiosa.<\/p>\n<p>&nbsp;<\/p>\n<p><strong>SERVI\u00c7O<br \/>\n<\/strong><strong>DIA DE MOBILIZA\u00c7\u00c3O NACIONAL &#8211; <\/strong><strong>CAMPANHA DE VACINA\u00c7\u00c3O CONTRA SARAMPO<br \/>\nDATA: <\/strong>s\u00e1bado, 15 de fevereiro de 2020.<br \/>\n<strong>HORARIO:<\/strong>\u00a0 das 8h \u00e0s 17 horas.<br \/>\n<strong>LOCAIS: <\/strong>Centro de Sa\u00fade II, PAS CAIC e UBS Santa Cruz da Estrela.<br \/>\n<strong>P\u00daBLICO ALVO: <\/strong>pessoas com idade entre 5 e 19 anos.<strong><br \/>\nLevar carteira de vacina\u00e7\u00e3o.<\/strong><\/p>\n<p>&nbsp;<\/p>\n","protected":false},"excerpt":{"rendered":"<p>\u00a0Destinada a crian\u00e7as e jovens, vacina\u00e7\u00e3o contra acontece no Centro de Sa\u00fade II, CAIC e Santa Cruz da Estrela \u00a0<\/p>\n","protected":false},"author":1,"featured_media":3289,"comment_status":"closed","ping_status":"open","sticky":false,"template":"","format":"standard","meta":{"footnotes":""},"categories":[52,58],"tags":[],"class_list":["post-3354","post","type-post","status-publish","format-standard","has-post-thumbnail","hentry","category-latest","category-health"],"_links":{"self":[{"href":"https:\/\/www.santaritadopassaquatro.sp.gov.br\/portal\/wp-json\/wp\/v2\/posts\/3354","targetHints":{"allow":["GET"]}}],"collection":[{"href":"https:\/\/www.santaritadopassaquatro.sp.gov.br\/portal\/wp-json\/wp\/v2\/posts"}],"about":[{"href":"https:\/\/www.santaritadopassaquatro.sp.gov.br\/portal\/wp-json\/wp\/v2\/types\/post"}],"author":[{"embeddable":true,"href":"https:\/\/www.santaritadopassaquatro.sp.gov.br\/portal\/wp-json\/wp\/v2\/users\/1"}],"replies":[{"embeddable":true,"href":"https:\/\/www.santaritadopassaquatro.sp.gov.br\/portal\/wp-json\/wp\/v2\/comments?post=3354"}],"version-history":[{"count":0,"href":"https:\/\/www.santaritadopassaquatro.sp.gov.br\/portal\/wp-json\/wp\/v2\/posts\/3354\/revisions"}],"wp:featuredmedia":[{"embeddable":true,"href":"https:\/\/www.santaritadopassaquatro.sp.gov.br\/portal\/wp-json\/wp\/v2\/media\/3289"}],"wp:attachment":[{"href":"https:\/\/www.santaritadopassaquatro.sp.gov.br\/portal\/wp-json\/wp\/v2\/media?parent=3354"}],"wp:term":[{"taxonomy":"category","embeddable":true,"href":"https:\/\/www.santaritadopassaquatro.sp.gov.br\/portal\/wp-json\/wp\/v2\/categories?post=3354"},{"taxonomy":"post_tag","embeddable":true,"href":"https:\/\/www.santaritadopassaquatro.sp.gov.br\/portal\/wp-json\/wp\/v2\/tags?post=3354"}],"curies":[{"name":"wp","href":"https:\/\/api.w.org\/{rel}","templated":true}]}}