{"id":3358,"date":"2020-02-14T16:09:59","date_gmt":"2020-02-14T18:09:59","guid":{"rendered":"http:\/\/www.santaritadopassaquatro.sp.gov.br\/portal\/?p=3358"},"modified":"2020-02-14T16:09:59","modified_gmt":"2020-02-14T18:09:59","slug":"em-busca-de-recursos-prefeito-conquista-verbas-para-setores-diversos","status":"publish","type":"post","link":"https:\/\/www.santaritadopassaquatro.sp.gov.br\/portal\/em-busca-de-recursos-prefeito-conquista-verbas-para-setores-diversos\/","title":{"rendered":"Em busca de recursos, prefeito conquista verbas para setores diversos"},"content":{"rendered":"<p><strong><em>Em Secretarias de Estado ou atrav\u00e9s de parcerias com institui\u00e7\u00f5es, trabalho beneficia setores como sa\u00fade, educa\u00e7\u00e3o e infraestrutura<\/em><\/strong><\/p>\n<p>&nbsp;<\/p>\n<figure id=\"attachment_3362\" aria-describedby=\"caption-attachment-3362\" style=\"width: 300px\" class=\"wp-caption alignleft\"><img decoding=\"async\" class=\"wp-image-3362 size-medium\" src=\"http:\/\/www.santaritadopassaquatro.sp.gov.br\/portal\/wp-content\/uploads\/2020\/02\/Verbas_foto03_galerias-300x225.jpeg\" alt=\"\" width=\"300\" height=\"225\" srcset=\"https:\/\/www.santaritadopassaquatro.sp.gov.br\/portal\/wp-content\/uploads\/2020\/02\/Verbas_foto03_galerias-300x225.jpeg 300w, https:\/\/www.santaritadopassaquatro.sp.gov.br\/portal\/wp-content\/uploads\/2020\/02\/Verbas_foto03_galerias-768x576.jpeg 768w, https:\/\/www.santaritadopassaquatro.sp.gov.br\/portal\/wp-content\/uploads\/2020\/02\/Verbas_foto03_galerias-1024x768.jpeg 1024w, https:\/\/www.santaritadopassaquatro.sp.gov.br\/portal\/wp-content\/uploads\/2020\/02\/Verbas_foto03_galerias.jpeg 1032w\" sizes=\"(max-width: 300px) 100vw, 300px\" \/><figcaption id=\"caption-attachment-3362\" class=\"wp-caption-text\"><span style=\"font-size: 8pt; color: #999999;\"><em><strong>Leandro assinando o conv\u00eanio com a Secretaria de Meio Ambiente destinado a projetos de implanta\u00e7\u00e3o de galerias (Divulga\u00e7\u00e3o)<\/strong><\/em><\/span><\/figcaption><\/figure>\n<p>O prefeito de Santa Rita do Passa Quatro, Leandro Luciano dos Santos, frequentemente vai a S\u00e3o Paulo em busca de mais recursos para investimentos no munic\u00edpio. Oriundos de conv\u00eanios com o Governo do Estado de S\u00e3o Paulo, atrav\u00e9s de Secretarias Estaduais, ou em parcerias com institui\u00e7\u00f5es, o trabalho beneficia setores como sa\u00fade, educa\u00e7\u00e3o e infraestrutura.<\/p>\n<figure id=\"attachment_3361\" aria-describedby=\"caption-attachment-3361\" style=\"width: 300px\" class=\"wp-caption alignright\"><img decoding=\"async\" class=\"wp-image-3361 size-medium\" src=\"http:\/\/www.santaritadopassaquatro.sp.gov.br\/portal\/wp-content\/uploads\/2020\/02\/Verbas_foto02_galerias-300x225.jpeg\" alt=\"\" width=\"300\" height=\"225\" srcset=\"https:\/\/www.santaritadopassaquatro.sp.gov.br\/portal\/wp-content\/uploads\/2020\/02\/Verbas_foto02_galerias-300x225.jpeg 300w, https:\/\/www.santaritadopassaquatro.sp.gov.br\/portal\/wp-content\/uploads\/2020\/02\/Verbas_foto02_galerias-768x576.jpeg 768w, https:\/\/www.santaritadopassaquatro.sp.gov.br\/portal\/wp-content\/uploads\/2020\/02\/Verbas_foto02_galerias.jpeg 1024w\" sizes=\"(max-width: 300px) 100vw, 300px\" \/><figcaption id=\"caption-attachment-3361\" class=\"wp-caption-text\"><span style=\"font-size: 8pt; color: #999999;\"><em><strong>Prefeito e diretor de Meio Ambiente com o secret\u00e1rio Marcos Penido (Divulga\u00e7\u00e3o)<\/strong><\/em><\/span><\/figcaption><\/figure>\n<p>Apenas entre os primeiros meses de 2020, o prefeito j\u00e1 conquistou quase R$ 1 milh\u00e3o em novos recursos \u2013 sem contar as \u201cverbas carimbadas\u201d, como os conv\u00eanios com o Daddetur (Departamento de Apoio \u00e0s Est\u00e2ncias), para investimentos no turismo. Os novos recursos s\u00e3o para continuidade dos trabalhos de recupera\u00e7\u00e3o de ruas, confec\u00e7\u00e3o de projetos para implanta\u00e7\u00e3o de galerias de \u00e1guas pluviais e compra de computadores para escolas.<\/p>\n<figure id=\"attachment_3359\" aria-describedby=\"caption-attachment-3359\" style=\"width: 225px\" class=\"wp-caption alignleft\"><img decoding=\"async\" class=\"wp-image-3359 size-medium\" src=\"http:\/\/www.santaritadopassaquatro.sp.gov.br\/portal\/wp-content\/uploads\/2020\/02\/Verbas_foto04_Fundacao_prada01-225x300.jpeg\" alt=\"\" width=\"225\" height=\"300\" srcset=\"https:\/\/www.santaritadopassaquatro.sp.gov.br\/portal\/wp-content\/uploads\/2020\/02\/Verbas_foto04_Fundacao_prada01-225x300.jpeg 225w, https:\/\/www.santaritadopassaquatro.sp.gov.br\/portal\/wp-content\/uploads\/2020\/02\/Verbas_foto04_Fundacao_prada01.jpeg 768w\" sizes=\"(max-width: 225px) 100vw, 225px\" \/><figcaption id=\"caption-attachment-3359\" class=\"wp-caption-text\"><span style=\"font-size: 8pt; color: #999999;\"><em><strong>Com o presidente na Funda\u00e7\u00e3o Prada, nesta quarta-feira, para doa\u00e7\u00e3o de R$ 60 mil destinados a compra de computadores (Divulga\u00e7\u00e3o)<\/strong><\/em><\/span><\/figcaption><\/figure>\n<p>No \u00faltimo dia 29 de janeiro, o prefeito esteve com o secret\u00e1rio de Estado de Desenvolvimento Regional, Marco Vinholi (PSDB), do qual conquistou mais R$ 700 mil para recapeamento de mais ruas da cidade.<\/p>\n<p>Na \u00faltima quarta-feira (12\/2), o prefeito esteve como o Dr. Jorge Prada, presidente da Funda\u00e7\u00e3o Prada de Assist\u00eancia Social, de quem recebeu a confirma\u00e7\u00e3o da doa\u00e7\u00e3o de mais R$ 60 mil para aquisi\u00e7\u00e3o de computadores novos, para nossas escolas municipais e creches. A Funda\u00e7\u00e3o \u00e9 uma grande parceira da nossa administra\u00e7\u00e3o e nos \u00faltimos anos realizou doa\u00e7\u00f5es para aquisi\u00e7\u00e3o de brinquedos para as creches (R$ 50 mil, em 2014, e R$ 62 mil, em 2018), al\u00e9m da reforma da EMEI Maria Am\u00e9lia Vanzella de Gobbi (R$ 88 mil, em 2015). \u201cTenho muito orgulho e gratid\u00e3o por esta entidade que sempre olhou com carinho para nossa Santa Rita, contribuindo com nossa educa\u00e7\u00e3o. Muito obrigado ao Dr. Jorge e a Funda\u00e7\u00e3o Prada por acreditar na nossa gest\u00e3o e j\u00e1 ter doado mais de R$ 260 mil em prol de nossa educa\u00e7\u00e3o\u201d, disse o prefeito.<\/p>\n<p>No dia seguinte, tamb\u00e9m em S\u00e3o Paulo, junto com o diretor do Departamento Municipal de Meio Ambiente, Rodrigo Torres Cardoso, o prefeito estive na Secretaria de Infraestrutura e Meio Ambiente do Estado de S\u00e3o Paulo, com o secret\u00e1rio Marcos Penido, para assinar o conv\u00eanio de R$ 133 mil, do Fundo Estadual de Recursos H\u00eddricos (Fehidro), para realiza\u00e7\u00e3o de projetos executivos visando a implanta\u00e7\u00e3o de galerias de \u00e1guas pluviais, conforme o Plano Municipal de Saneamento.<\/p>\n<p>&nbsp;<\/p>\n<p><strong>NOVAS SOLICITA\u00c7\u00d5ES <\/strong><\/p>\n<p>Al\u00e9m dos recursos j\u00e1 confirmados, o prefeito tamb\u00e9m buscou novos, na semana passada, no Pal\u00e1cio dos Bandeirantes, mais uma vez na Secretaria de Desenvolvimento Regional, onde formalizou a solicita\u00e7\u00e3o para inserir no programa estadual Pro Vicinais, visando a recupera\u00e7\u00e3o da estrada Afif Cury (Usina Santa Rita), considerada de extrema import\u00e2ncia para a economia do munic\u00edpio.<\/p>\n<p>Tamb\u00e9m a pedido do m\u00e9dico respons\u00e1vel pelo Pronto Socorro da Santa Casa, Dr. Luiz Octavio Baldin, solicitou recursos para aquisi\u00e7\u00e3o de um novo Foco Cir\u00fargico para hospital, visando melhorar ainda mais os seus equipamentos e consequentemente seu atendimento \u00e0 popula\u00e7\u00e3o.<\/p>\n<p>&nbsp;<\/p>\n<p><strong>\u00d4NIBUS<\/strong><\/p>\n<p>O trabalho em busca de benef\u00edcios continua nesta segunda-feira (17\/2), quando o prefeito estar\u00e1 novamente em S\u00e3o Paulo para receber mais um \u00f4nibus escolar para o munic\u00edpio, dentro do programa Caminhos da Escola, em conjunto com o Minist\u00e9rio e Secretaria de Estado da Educa\u00e7\u00e3o.<\/p>\n<p>\u201c\u00c9 muito gratificante saber que todo nosso incans\u00e1vel trabalho est\u00e1 sendo revertido em bons frutos para nosso munic\u00edpio\u201d, disse o prefeito.<\/p>\n<p><strong>\u00a0<\/strong><\/p>\n<p>&nbsp;<\/p>\n<p>&nbsp;<\/p>\n<p><strong>\u00a0<\/strong><\/p>\n<p>&nbsp;<\/p>\n<p><em>\u00a0<\/em><\/p>\n<p>&nbsp;<\/p>\n","protected":false},"excerpt":{"rendered":"<p>Em Secretarias de Estado ou atrav\u00e9s de parcerias com institui\u00e7\u00f5es, trabalho beneficia setores como sa\u00fade, educa\u00e7\u00e3o e infraestrutura &nbsp; O<\/p>\n","protected":false},"author":1,"featured_media":3360,"comment_status":"closed","ping_status":"open","sticky":false,"template":"","format":"standard","meta":{"footnotes":""},"categories":[44,52,57],"tags":[],"class_list":["post-3358","post","type-post","status-publish","format-standard","has-post-thumbnail","hentry","category-cidades","category-latest","category-politics"],"_links":{"self":[{"href":"https:\/\/www.santaritadopassaquatro.sp.gov.br\/portal\/wp-json\/wp\/v2\/posts\/3358","targetHints":{"allow":["GET"]}}],"collection":[{"href":"https:\/\/www.santaritadopassaquatro.sp.gov.br\/portal\/wp-json\/wp\/v2\/posts"}],"about":[{"href":"https:\/\/www.santaritadopassaquatro.sp.gov.br\/portal\/wp-json\/wp\/v2\/types\/post"}],"author":[{"embeddable":true,"href":"https:\/\/www.santaritadopassaquatro.sp.gov.br\/portal\/wp-json\/wp\/v2\/users\/1"}],"replies":[{"embeddable":true,"href":"https:\/\/www.santaritadopassaquatro.sp.gov.br\/portal\/wp-json\/wp\/v2\/comments?post=3358"}],"version-history":[{"count":0,"href":"https:\/\/www.santaritadopassaquatro.sp.gov.br\/portal\/wp-json\/wp\/v2\/posts\/3358\/revisions"}],"wp:featuredmedia":[{"embeddable":true,"href":"https:\/\/www.santaritadopassaquatro.sp.gov.br\/portal\/wp-json\/wp\/v2\/media\/3360"}],"wp:attachment":[{"href":"https:\/\/www.santaritadopassaquatro.sp.gov.br\/portal\/wp-json\/wp\/v2\/media?parent=3358"}],"wp:term":[{"taxonomy":"category","embeddable":true,"href":"https:\/\/www.santaritadopassaquatro.sp.gov.br\/portal\/wp-json\/wp\/v2\/categories?post=3358"},{"taxonomy":"post_tag","embeddable":true,"href":"https:\/\/www.santaritadopassaquatro.sp.gov.br\/portal\/wp-json\/wp\/v2\/tags?post=3358"}],"curies":[{"name":"wp","href":"https:\/\/api.w.org\/{rel}","templated":true}]}}