{"id":3374,"date":"2020-02-14T16:42:13","date_gmt":"2020-02-14T18:42:13","guid":{"rendered":"http:\/\/www.santaritadopassaquatro.sp.gov.br\/portal\/?p=3374"},"modified":"2020-02-14T16:42:13","modified_gmt":"2020-02-14T18:42:13","slug":"2a-chamada-para-matricula-2020-14022020","status":"publish","type":"post","link":"https:\/\/www.santaritadopassaquatro.sp.gov.br\/portal\/2a-chamada-para-matricula-2020-14022020\/","title":{"rendered":"2\u00aa CHAMADA PARA MATR\u00cdCULA 2020 \u2013 14\/02\/2020"},"content":{"rendered":"<p><span class=\"fontstyle0\">RESOLU\u00c7\u00c3O DEM 02\/2019 \u2013 \u201cLISTA \u00daNICA\u201d CRECHES MUNICIPAIS<\/span><\/p>\n<p><span class=\"fontstyle0\"><br \/>\n<\/span><span class=\"fontstyle0\">2\u00aa CHAMADA PARA MATR\u00cdCULA 2020 \u2013 14\/02\/2020<\/span><\/p>\n<p><span class=\"fontstyle2\">Os respons\u00e1veis pelas crian\u00e7as contempladas pelas vagas, dever\u00e3o comparecer ao <\/span><span class=\"fontstyle0\">Departamento de<br \/>\nEduca\u00e7\u00e3o<\/span><span class=\"fontstyle2\">, conforme dias e hor\u00e1rios estipulados abaixo, para serem direcionados para as Unidades de Creches.<\/span><\/p>\n<p>Clique no link abaixo para abrir a Chamada Completa<\/p>\n<p><a href=\"http:\/\/www.santaritadopassaquatro.sp.gov.br\/portal\/wp-content\/uploads\/2020\/02\/2-chamada-para-matricula-2020-creches-municipais.pdf\">2\u00ba chamada para matricula 2020 creches municipais<\/a><\/p>\n","protected":false},"excerpt":{"rendered":"<p>RESOLU\u00c7\u00c3O DEM 02\/2019 \u2013 \u201cLISTA \u00daNICA\u201d CRECHES MUNICIPAIS 2\u00aa CHAMADA PARA MATR\u00cdCULA 2020 \u2013 14\/02\/2020 Os respons\u00e1veis pelas crian\u00e7as contempladas<\/p>\n","protected":false},"author":1,"featured_media":3373,"comment_status":"closed","ping_status":"open","sticky":false,"template":"","format":"standard","meta":{"footnotes":""},"categories":[28],"tags":[],"class_list":["post-3374","post","type-post","status-publish","format-standard","has-post-thumbnail","hentry","category-educacao"],"_links":{"self":[{"href":"https:\/\/www.santaritadopassaquatro.sp.gov.br\/portal\/wp-json\/wp\/v2\/posts\/3374","targetHints":{"allow":["GET"]}}],"collection":[{"href":"https:\/\/www.santaritadopassaquatro.sp.gov.br\/portal\/wp-json\/wp\/v2\/posts"}],"about":[{"href":"https:\/\/www.santaritadopassaquatro.sp.gov.br\/portal\/wp-json\/wp\/v2\/types\/post"}],"author":[{"embeddable":true,"href":"https:\/\/www.santaritadopassaquatro.sp.gov.br\/portal\/wp-json\/wp\/v2\/users\/1"}],"replies":[{"embeddable":true,"href":"https:\/\/www.santaritadopassaquatro.sp.gov.br\/portal\/wp-json\/wp\/v2\/comments?post=3374"}],"version-history":[{"count":1,"href":"https:\/\/www.santaritadopassaquatro.sp.gov.br\/portal\/wp-json\/wp\/v2\/posts\/3374\/revisions"}],"predecessor-version":[{"id":3376,"href":"https:\/\/www.santaritadopassaquatro.sp.gov.br\/portal\/wp-json\/wp\/v2\/posts\/3374\/revisions\/3376"}],"wp:featuredmedia":[{"embeddable":true,"href":"https:\/\/www.santaritadopassaquatro.sp.gov.br\/portal\/wp-json\/wp\/v2\/media\/3373"}],"wp:attachment":[{"href":"https:\/\/www.santaritadopassaquatro.sp.gov.br\/portal\/wp-json\/wp\/v2\/media?parent=3374"}],"wp:term":[{"taxonomy":"category","embeddable":true,"href":"https:\/\/www.santaritadopassaquatro.sp.gov.br\/portal\/wp-json\/wp\/v2\/categories?post=3374"},{"taxonomy":"post_tag","embeddable":true,"href":"https:\/\/www.santaritadopassaquatro.sp.gov.br\/portal\/wp-json\/wp\/v2\/tags?post=3374"}],"curies":[{"name":"wp","href":"https:\/\/api.w.org\/{rel}","templated":true}]}}