{"id":3391,"date":"2020-02-21T15:14:23","date_gmt":"2020-02-21T18:14:23","guid":{"rendered":"http:\/\/www.santaritadopassaquatro.sp.gov.br\/portal\/?p=3391"},"modified":"2020-02-21T15:14:23","modified_gmt":"2020-02-21T18:14:23","slug":"melhor-idade-cras-promove-oficina-de-mascaras-e-carnaval-para-participantes-do-cci","status":"publish","type":"post","link":"https:\/\/www.santaritadopassaquatro.sp.gov.br\/portal\/melhor-idade-cras-promove-oficina-de-mascaras-e-carnaval-para-participantes-do-cci\/","title":{"rendered":"MELHOR IDADE:\u00a0CRAS promove oficina de m\u00e1scaras e carnaval para participantes do CCI"},"content":{"rendered":"<p><strong><em>Folia com a \u201cmelhor idade\u201d aconteceu na \u00faltima quarta-feira (19\/2) no sal\u00e3o da Capela S\u00e3o Francisco<\/em><\/strong><\/p>\n<p>&nbsp;<\/p>\n<figure id=\"attachment_3393\" aria-describedby=\"caption-attachment-3393\" style=\"width: 300px\" class=\"wp-caption alignleft\"><img decoding=\"async\" class=\"wp-image-3393 size-medium\" src=\"http:\/\/www.santaritadopassaquatro.sp.gov.br\/portal\/wp-content\/uploads\/2020\/02\/carnaval_CCI_ofinicina-de-mascaras-300x225.jpg\" alt=\"\" width=\"300\" height=\"225\" srcset=\"https:\/\/www.santaritadopassaquatro.sp.gov.br\/portal\/wp-content\/uploads\/2020\/02\/carnaval_CCI_ofinicina-de-mascaras-300x225.jpg 300w, https:\/\/www.santaritadopassaquatro.sp.gov.br\/portal\/wp-content\/uploads\/2020\/02\/carnaval_CCI_ofinicina-de-mascaras-768x576.jpg 768w, https:\/\/www.santaritadopassaquatro.sp.gov.br\/portal\/wp-content\/uploads\/2020\/02\/carnaval_CCI_ofinicina-de-mascaras.jpg 960w\" sizes=\"(max-width: 300px) 100vw, 300px\" \/><figcaption id=\"caption-attachment-3393\" class=\"wp-caption-text\"><span style=\"font-size: 8pt; color: #999999;\"><em><strong>Oficina de confec\u00e7\u00e3o de m\u00e1scaras carnavalescas (Divulga\u00e7\u00e3o)<\/strong><\/em><\/span><\/figcaption><\/figure>\n<p>Centro de Conviv\u00eancia do Idoso (CCI) entrou em clima de Carnaval j\u00e1 na \u00faltima quarta-feira (19\/2) com uma verdadeira festa de m\u00e1scaras. Promovida pelo Departamento Municipal de Assist\u00eancia Social, atrav\u00e9s do CRAS (Centro de Refer\u00eancia da Assist\u00eancia Social), a festa carnavalesca, al\u00e9m da divers\u00e3o, proporcionou aos idosos interatividade e movimenta\u00e7\u00e3o. O evento contou com a presen\u00e7a da Sra. Vera Luciana dos Santos, presidente do Fundo Social de Solidariedade de munic\u00edpio, que com muita alegria prestigiou a atividade.<\/p>\n<p>A movimenta\u00e7\u00e3o come\u00e7ou bem antes. Como preparativo, foi realizada oficina de confec\u00e7\u00e3o de m\u00e1scaras de carnaval. Os pr\u00f3prios idosos elaboraram suas m\u00e1scaras, enfeitando-as com lantejoulas, gliter e penas. A atividade tamb\u00e9m teve como objetivos o treino de coordena\u00e7\u00e3o motora e desenvolvimento da criatividade.<\/p>\n<p>&nbsp;<\/p>\n<p>&nbsp;<\/p>\n<p>&nbsp;<\/p>\n","protected":false},"excerpt":{"rendered":"<p>Folia com a \u201cmelhor idade\u201d aconteceu na \u00faltima quarta-feira (19\/2) no sal\u00e3o da Capela S\u00e3o Francisco &nbsp; Centro de Conviv\u00eancia<\/p>\n","protected":false},"author":1,"featured_media":3392,"comment_status":"closed","ping_status":"open","sticky":false,"template":"","format":"standard","meta":{"footnotes":""},"categories":[43,46],"tags":[],"class_list":["post-3391","post","type-post","status-publish","format-standard","has-post-thumbnail","hentry","category-assistenciasocial","category-cultura"],"_links":{"self":[{"href":"https:\/\/www.santaritadopassaquatro.sp.gov.br\/portal\/wp-json\/wp\/v2\/posts\/3391","targetHints":{"allow":["GET"]}}],"collection":[{"href":"https:\/\/www.santaritadopassaquatro.sp.gov.br\/portal\/wp-json\/wp\/v2\/posts"}],"about":[{"href":"https:\/\/www.santaritadopassaquatro.sp.gov.br\/portal\/wp-json\/wp\/v2\/types\/post"}],"author":[{"embeddable":true,"href":"https:\/\/www.santaritadopassaquatro.sp.gov.br\/portal\/wp-json\/wp\/v2\/users\/1"}],"replies":[{"embeddable":true,"href":"https:\/\/www.santaritadopassaquatro.sp.gov.br\/portal\/wp-json\/wp\/v2\/comments?post=3391"}],"version-history":[{"count":0,"href":"https:\/\/www.santaritadopassaquatro.sp.gov.br\/portal\/wp-json\/wp\/v2\/posts\/3391\/revisions"}],"wp:featuredmedia":[{"embeddable":true,"href":"https:\/\/www.santaritadopassaquatro.sp.gov.br\/portal\/wp-json\/wp\/v2\/media\/3392"}],"wp:attachment":[{"href":"https:\/\/www.santaritadopassaquatro.sp.gov.br\/portal\/wp-json\/wp\/v2\/media?parent=3391"}],"wp:term":[{"taxonomy":"category","embeddable":true,"href":"https:\/\/www.santaritadopassaquatro.sp.gov.br\/portal\/wp-json\/wp\/v2\/categories?post=3391"},{"taxonomy":"post_tag","embeddable":true,"href":"https:\/\/www.santaritadopassaquatro.sp.gov.br\/portal\/wp-json\/wp\/v2\/tags?post=3391"}],"curies":[{"name":"wp","href":"https:\/\/api.w.org\/{rel}","templated":true}]}}