{"id":3395,"date":"2020-02-21T15:16:16","date_gmt":"2020-02-21T18:16:16","guid":{"rendered":"http:\/\/www.santaritadopassaquatro.sp.gov.br\/portal\/?p=3395"},"modified":"2020-02-21T15:16:16","modified_gmt":"2020-02-21T18:16:16","slug":"numero-de-casos-de-dengue-confirmados-sobre-para-46-em-santa-rita","status":"publish","type":"post","link":"https:\/\/www.santaritadopassaquatro.sp.gov.br\/portal\/numero-de-casos-de-dengue-confirmados-sobre-para-46-em-santa-rita\/","title":{"rendered":"N\u00famero de casos de dengue confirmados sobre para 46 em Santa Rita"},"content":{"rendered":"<p><strong><em>Cidade tamb\u00e9m registra o total 107 notifica\u00e7\u00f5es de suspeitas, se acordo com o Departamento Municipal de Sa\u00fade aguarda <\/em><\/strong><\/p>\n<p>&nbsp;<\/p>\n<p><img decoding=\"async\" class=\"alignnone size-medium wp-image-3290 alignleft\" src=\"http:\/\/www.santaritadopassaquatro.sp.gov.br\/portal\/wp-content\/uploads\/2020\/02\/dengue_larvas-300x169.jpg\" alt=\"\" width=\"300\" height=\"169\" srcset=\"https:\/\/www.santaritadopassaquatro.sp.gov.br\/portal\/wp-content\/uploads\/2020\/02\/dengue_larvas-300x169.jpg 300w, https:\/\/www.santaritadopassaquatro.sp.gov.br\/portal\/wp-content\/uploads\/2020\/02\/dengue_larvas-768x432.jpg 768w, https:\/\/www.santaritadopassaquatro.sp.gov.br\/portal\/wp-content\/uploads\/2020\/02\/dengue_larvas.jpg 782w\" sizes=\"(max-width: 300px) 100vw, 300px\" \/>O n\u00famero de casos confirmados de dengue em Santa Rita do Passa Quatro segue subindo a cada semana. De acordo com o Departamento Municipal de Sa\u00fade, at\u00e9 \u00faltima quinta-feira (20\/2) foram registradas 107 notifica\u00e7\u00f5es, sendo confirmados 46 casos da doen\u00e7a.<\/p>\n<p>A doen\u00e7a est\u00e1 presente na cidade em diversos bairros, como Jardim Nova Santa Rita, Centro; Jardim Cinel\u00e2ndia, Jardim Primavera, Botafogo, Jardim Alvorada, Jardim Planalto, Jardim Cel. Victor Meirelles, Jardim Bela Vista, Jardim Flamboyant, Bairro Jardim, Jardim Lagoinha, Jardim S\u00e3o Luiz, Vila Kennedy, Vila Melo, Jardim Madre Carmelita e Vila Aparecida.<\/p>\n<p>A equipe de Controle de Vetores est\u00e1 nas ruas com trabalho de orienta\u00e7\u00e3o, combate e preven\u00e7\u00e3o, com o chamado bloqueio ativo e, em alguns casos at\u00e9 nebuliza\u00e7\u00e3o. A preocupa\u00e7\u00e3o ainda \u00e9 o \u00cdndice de <em>Breteau<\/em> (IB), que define a quantidade de insetos em fase de desenvolvimento encontrados nas casas, pela quantidade de total vistoriadas.<\/p>\n<p>De acordo com a Vigil\u00e2ncia Epidemiol\u00f3gica, nesta \u00e9poca de chuvas intensas, a popula\u00e7\u00e3o deve redobrar os cuidados visando preven\u00e7\u00e3o, evitando \u00e1gua parada e prolifera\u00e7\u00e3o do mosquito <em>Aedes aegypti, <\/em>transmissor da dengue, zika e chikungunya.<\/p>\n<p>Qualquer recipiente que possa acumular \u00e1gua pode ser um poss\u00edvel criadouro do mosquito Aedes aegypti. \u00c9 importante que alguns cuidados sejam tomados, como: lavar bebedouros de animais; n\u00e3o ter pratinhos em vasos de plantas; eliminar qualquer tipo de recipiente que acumule \u00e1gua.<\/p>\n<p><em>\u00a0<\/em><\/p>\n<p>&nbsp;<\/p>\n","protected":false},"excerpt":{"rendered":"<p>Cidade tamb\u00e9m registra o total 107 notifica\u00e7\u00f5es de suspeitas, se acordo com o Departamento Municipal de Sa\u00fade aguarda &nbsp; O<\/p>\n","protected":false},"author":1,"featured_media":3290,"comment_status":"closed","ping_status":"open","sticky":false,"template":"","format":"standard","meta":{"footnotes":""},"categories":[44,58],"tags":[],"class_list":["post-3395","post","type-post","status-publish","format-standard","has-post-thumbnail","hentry","category-cidades","category-health"],"_links":{"self":[{"href":"https:\/\/www.santaritadopassaquatro.sp.gov.br\/portal\/wp-json\/wp\/v2\/posts\/3395","targetHints":{"allow":["GET"]}}],"collection":[{"href":"https:\/\/www.santaritadopassaquatro.sp.gov.br\/portal\/wp-json\/wp\/v2\/posts"}],"about":[{"href":"https:\/\/www.santaritadopassaquatro.sp.gov.br\/portal\/wp-json\/wp\/v2\/types\/post"}],"author":[{"embeddable":true,"href":"https:\/\/www.santaritadopassaquatro.sp.gov.br\/portal\/wp-json\/wp\/v2\/users\/1"}],"replies":[{"embeddable":true,"href":"https:\/\/www.santaritadopassaquatro.sp.gov.br\/portal\/wp-json\/wp\/v2\/comments?post=3395"}],"version-history":[{"count":0,"href":"https:\/\/www.santaritadopassaquatro.sp.gov.br\/portal\/wp-json\/wp\/v2\/posts\/3395\/revisions"}],"wp:featuredmedia":[{"embeddable":true,"href":"https:\/\/www.santaritadopassaquatro.sp.gov.br\/portal\/wp-json\/wp\/v2\/media\/3290"}],"wp:attachment":[{"href":"https:\/\/www.santaritadopassaquatro.sp.gov.br\/portal\/wp-json\/wp\/v2\/media?parent=3395"}],"wp:term":[{"taxonomy":"category","embeddable":true,"href":"https:\/\/www.santaritadopassaquatro.sp.gov.br\/portal\/wp-json\/wp\/v2\/categories?post=3395"},{"taxonomy":"post_tag","embeddable":true,"href":"https:\/\/www.santaritadopassaquatro.sp.gov.br\/portal\/wp-json\/wp\/v2\/tags?post=3395"}],"curies":[{"name":"wp","href":"https:\/\/api.w.org\/{rel}","templated":true}]}}