{"id":3397,"date":"2020-02-21T15:18:36","date_gmt":"2020-02-21T18:18:36","guid":{"rendered":"http:\/\/www.santaritadopassaquatro.sp.gov.br\/portal\/?p=3397"},"modified":"2020-02-21T15:18:36","modified_gmt":"2020-02-21T18:18:36","slug":"mutiroes-para-retirada-de-rg-atendem-mais-de-12-mil-pessoas-em-santa-rita","status":"publish","type":"post","link":"https:\/\/www.santaritadopassaquatro.sp.gov.br\/portal\/mutiroes-para-retirada-de-rg-atendem-mais-de-12-mil-pessoas-em-santa-rita\/","title":{"rendered":"Mutir\u00f5es para retirada de RG atendem mais de 1,2 mil pessoas em Santa Rita"},"content":{"rendered":"<p><strong><em>A\u00e7\u00f5es aconteceram entre os meses de novembro a fevereiro na cidade e em Santa Cruz da Estrela, atrav\u00e9s de parceira com IIRGD <\/em><\/strong><\/p>\n<p>&nbsp;<\/p>\n<figure id=\"attachment_3398\" aria-describedby=\"caption-attachment-3398\" style=\"width: 300px\" class=\"wp-caption alignleft\"><img decoding=\"async\" class=\"wp-image-3398 size-medium\" src=\"http:\/\/www.santaritadopassaquatro.sp.gov.br\/portal\/wp-content\/uploads\/2020\/02\/IMG_5579-300x200.jpg\" alt=\"\" width=\"300\" height=\"200\" srcset=\"https:\/\/www.santaritadopassaquatro.sp.gov.br\/portal\/wp-content\/uploads\/2020\/02\/IMG_5579-300x200.jpg 300w, https:\/\/www.santaritadopassaquatro.sp.gov.br\/portal\/wp-content\/uploads\/2020\/02\/IMG_5579-768x512.jpg 768w, https:\/\/www.santaritadopassaquatro.sp.gov.br\/portal\/wp-content\/uploads\/2020\/02\/IMG_5579-1024x683.jpg 1024w\" sizes=\"(max-width: 300px) 100vw, 300px\" \/><figcaption id=\"caption-attachment-3398\" class=\"wp-caption-text\"><span style=\"font-size: 8pt; color: #999999;\"><em><strong>Atendimento ao p\u00fablico realizado no Centro Cultural Mario Covas durante o 3\u00ba Mutir\u00e3o do RG (AssCom\/Divulga\u00e7\u00e3o)<\/strong><\/em><\/span><\/figcaption><\/figure>\n<p>Santa Rita do Passa Quatro promoveu de 12 a 15 de fevereiro, quarta-feira a s\u00e1bado, o 3\u00ba Mutir\u00e3o para Emiss\u00e3o de Documentos de Identidade (RG). O evento foi promovido pela Prefeitura Municipal, em parceria com o Instituto de Identifica\u00e7\u00e3o Ricardo Gumbleton Daunt (IIRGD), \u00f3rg\u00e3o da Pol\u00edcia Civil do Estado de S\u00e3o Paulo, com apoio da Delegacia de Pol\u00edcia local.<\/p>\n<p>O atendimento aconteceu na EMEF Jo\u00e3o Baptista da Rocha Corr\u00eaa, em Santa Cruz da Estrela, e no Centro Cultural Mario Covas. A 3\u00aa edi\u00e7\u00e3o da a\u00e7\u00e3o no munic\u00edpio somou 508 atendimentos, sendo 125 deles no distrito.<\/p>\n<p>Os mutir\u00f5es est\u00e3o sendo realizados no munic\u00edpio desde novembro de 2019, para atender a grande demanda apresentada, desde a interrup\u00e7\u00e3o do servi\u00e7o no ano passado.<\/p>\n<p>Somando as tr\u00eas edi\u00e7\u00f5es, o mutir\u00e3o j\u00e1 atendeu 1244 pessoas, sendo 367 na 1\u00aa edi\u00e7\u00e3o, em novembro, e outros 369, no 2\u00ba mutir\u00e3o, em dezembro de 2019.<\/p>\n<p>O trabalho foi realizado pelo Setor de Identifica\u00e7\u00e3o M\u00f3vel do IIRGD, com cerca de 10 policiais civis, entre papiloscopistas e auxiliares do IIRGD, juntamente com servidores da prefeitura.<\/p>\n<p>&nbsp;<\/p>\n<p><strong>CONV\u00caNIO<\/strong><\/p>\n<p>A Prefeitura Municipal e o IIRGD, firmaram um conv\u00eanio, e o servi\u00e7o de emiss\u00e3o de RG ser\u00e1 oferecido na regularmente na cidade, de segunda a sexta-feira, em hor\u00e1rio de expediente. O servi\u00e7o deve come\u00e7ar a ser prestado a partir de abril, no mesmo local onde j\u00e1 funcionam o Procon, Detran e Sebrae Aqui, facilitando o acesso da popula\u00e7\u00e3o aos servi\u00e7os oferecidos.<\/p>\n<p>&nbsp;<\/p>\n<p>&nbsp;<\/p>\n<p>&nbsp;<\/p>\n<p><em>\u00a0<\/em><\/p>\n<p>&nbsp;<\/p>\n","protected":false},"excerpt":{"rendered":"<p>A\u00e7\u00f5es aconteceram entre os meses de novembro a fevereiro na cidade e em Santa Cruz da Estrela, atrav\u00e9s de parceira<\/p>\n","protected":false},"author":1,"featured_media":3399,"comment_status":"closed","ping_status":"open","sticky":false,"template":"","format":"standard","meta":{"footnotes":""},"categories":[44,48],"tags":[],"class_list":["post-3397","post","type-post","status-publish","format-standard","has-post-thumbnail","hentry","category-cidades","category-featured"],"_links":{"self":[{"href":"https:\/\/www.santaritadopassaquatro.sp.gov.br\/portal\/wp-json\/wp\/v2\/posts\/3397","targetHints":{"allow":["GET"]}}],"collection":[{"href":"https:\/\/www.santaritadopassaquatro.sp.gov.br\/portal\/wp-json\/wp\/v2\/posts"}],"about":[{"href":"https:\/\/www.santaritadopassaquatro.sp.gov.br\/portal\/wp-json\/wp\/v2\/types\/post"}],"author":[{"embeddable":true,"href":"https:\/\/www.santaritadopassaquatro.sp.gov.br\/portal\/wp-json\/wp\/v2\/users\/1"}],"replies":[{"embeddable":true,"href":"https:\/\/www.santaritadopassaquatro.sp.gov.br\/portal\/wp-json\/wp\/v2\/comments?post=3397"}],"version-history":[{"count":0,"href":"https:\/\/www.santaritadopassaquatro.sp.gov.br\/portal\/wp-json\/wp\/v2\/posts\/3397\/revisions"}],"wp:featuredmedia":[{"embeddable":true,"href":"https:\/\/www.santaritadopassaquatro.sp.gov.br\/portal\/wp-json\/wp\/v2\/media\/3399"}],"wp:attachment":[{"href":"https:\/\/www.santaritadopassaquatro.sp.gov.br\/portal\/wp-json\/wp\/v2\/media?parent=3397"}],"wp:term":[{"taxonomy":"category","embeddable":true,"href":"https:\/\/www.santaritadopassaquatro.sp.gov.br\/portal\/wp-json\/wp\/v2\/categories?post=3397"},{"taxonomy":"post_tag","embeddable":true,"href":"https:\/\/www.santaritadopassaquatro.sp.gov.br\/portal\/wp-json\/wp\/v2\/tags?post=3397"}],"curies":[{"name":"wp","href":"https:\/\/api.w.org\/{rel}","templated":true}]}}