{"id":3401,"date":"2020-02-21T15:19:55","date_gmt":"2020-02-21T18:19:55","guid":{"rendered":"http:\/\/www.santaritadopassaquatro.sp.gov.br\/portal\/?p=3401"},"modified":"2020-02-21T15:19:55","modified_gmt":"2020-02-21T18:19:55","slug":"vacinacao-contra-o-sarampo-segue-ate-dia-13-de-marco-no-centro-de-saude-e-caic","status":"publish","type":"post","link":"https:\/\/www.santaritadopassaquatro.sp.gov.br\/portal\/vacinacao-contra-o-sarampo-segue-ate-dia-13-de-marco-no-centro-de-saude-e-caic\/","title":{"rendered":"Vacina\u00e7\u00e3o contra o sarampo segue at\u00e9 dia 13 de mar\u00e7o, no Centro de Sa\u00fade e CAIC"},"content":{"rendered":"<p><strong><em>Campanha \u00e9 destinada a crian\u00e7as e jovens com idade entre 5 e 19 anos, que nunca tomaram ou receberam apenas uma dose da vacina<\/em><\/strong><\/p>\n<p><strong><em>\u00a0<\/em><\/strong><\/p>\n<p>Segue at\u00e9 o pr\u00f3ximo dia 13 de mar\u00e7o, sexta-feira, a Campanha Nacional de Vacina\u00e7\u00e3o contra o Sarampo do calend\u00e1rio 2020. Dever\u00e3o ser vacinadas crian\u00e7as e jovens dos 5 aos 19 anos de idade, que nunca tomaram nenhuma dose, t\u00eam registrado apenas uma, perderam o cart\u00e3o ou n\u00e3o lembram se est\u00e3o com esquema vacinal completo.<\/p>\n<p>Durante este per\u00edodo, os moradores da cidade poder\u00e3o procurar o Centro de Sa\u00fade II, de segunda a sexta-feira, das 7h \u00e0s 15 horas, e os PAS CAIC, \u00e0s ter\u00e7as e quintas-feiras, das 8h \u00e0s 10h30 e das 13h \u00e0s 14h30. \u00c9 fundamental apresenta\u00e7\u00e3o da carteirinha de vacina\u00e7\u00e3o.<\/p>\n<p>Esta \u00e9 a primeira fase da campanha contra o sarampo no calend\u00e1rio 2020, que come\u00e7ou no \u00faltimo dia 10 de fevereiro, segunda-feira. No \u00faltimo s\u00e1bado (15\/2) acontecer o Dia de Mobiliza\u00e7\u00e3o Nacional, com um esquema especial de atendimento \u00e0 popula\u00e7\u00e3o.<\/p>\n<p>De acordo com o Minist\u00e9rio da Sa\u00fade, a segunda fase da Campanha est\u00e1 programada para come\u00e7ar no segundo semestre e ter\u00e1 como foco pessoas dos 30 aos 59 anos.<\/p>\n<p><strong>\u00a0<\/strong><\/p>\n<p><strong>A DOEN\u00c7A<\/strong><\/p>\n<p>A transmiss\u00e3o do sarampo ocorre a partir de got\u00edculas de pessoas doentes ao espirrar, tossir, falar ou respirar pr\u00f3ximo de pessoas sem imunidade contra o v\u00edrus. \u00c9 uma doen\u00e7a altamente contagiosa.<\/p>\n<p>&nbsp;<\/p>\n<p><strong>SERVI\u00c7O<br \/>\nCAMPANHA DE VACINA\u00c7\u00c3O CONTRA SARAMPO (1\u00aa Etapa)<br \/>\nQUANDO: <\/strong>at\u00e9 dia 13 de mar\u00e7o de 2020 (sexta-feira).<strong><br \/>\nONDE: <\/strong>Centro de Sa\u00fade II e PAS CAIC. <strong><br \/>\nHORARIOS:<\/strong>\u00a0 das 8h \u00e0s 15 horas (Centro Sa\u00fade) e no das 8h \u00e0s 10h30 e das 13h (CAIC), de segunda a sexta-feira.<br \/>\n<strong>P\u00daBLICO ALVO: <\/strong>pessoas com idade entre 5 e 19 anos.<strong><br \/>\nLevar carteira de vacina\u00e7\u00e3o.<\/strong><\/p>\n<p>&nbsp;<\/p>\n","protected":false},"excerpt":{"rendered":"<p>Campanha \u00e9 destinada a crian\u00e7as e jovens com idade entre 5 e 19 anos, que nunca tomaram ou receberam apenas<\/p>\n","protected":false},"author":1,"featured_media":3289,"comment_status":"closed","ping_status":"open","sticky":false,"template":"","format":"standard","meta":{"footnotes":""},"categories":[44,52,58],"tags":[],"class_list":["post-3401","post","type-post","status-publish","format-standard","has-post-thumbnail","hentry","category-cidades","category-latest","category-health"],"_links":{"self":[{"href":"https:\/\/www.santaritadopassaquatro.sp.gov.br\/portal\/wp-json\/wp\/v2\/posts\/3401","targetHints":{"allow":["GET"]}}],"collection":[{"href":"https:\/\/www.santaritadopassaquatro.sp.gov.br\/portal\/wp-json\/wp\/v2\/posts"}],"about":[{"href":"https:\/\/www.santaritadopassaquatro.sp.gov.br\/portal\/wp-json\/wp\/v2\/types\/post"}],"author":[{"embeddable":true,"href":"https:\/\/www.santaritadopassaquatro.sp.gov.br\/portal\/wp-json\/wp\/v2\/users\/1"}],"replies":[{"embeddable":true,"href":"https:\/\/www.santaritadopassaquatro.sp.gov.br\/portal\/wp-json\/wp\/v2\/comments?post=3401"}],"version-history":[{"count":0,"href":"https:\/\/www.santaritadopassaquatro.sp.gov.br\/portal\/wp-json\/wp\/v2\/posts\/3401\/revisions"}],"wp:featuredmedia":[{"embeddable":true,"href":"https:\/\/www.santaritadopassaquatro.sp.gov.br\/portal\/wp-json\/wp\/v2\/media\/3289"}],"wp:attachment":[{"href":"https:\/\/www.santaritadopassaquatro.sp.gov.br\/portal\/wp-json\/wp\/v2\/media?parent=3401"}],"wp:term":[{"taxonomy":"category","embeddable":true,"href":"https:\/\/www.santaritadopassaquatro.sp.gov.br\/portal\/wp-json\/wp\/v2\/categories?post=3401"},{"taxonomy":"post_tag","embeddable":true,"href":"https:\/\/www.santaritadopassaquatro.sp.gov.br\/portal\/wp-json\/wp\/v2\/tags?post=3401"}],"curies":[{"name":"wp","href":"https:\/\/api.w.org\/{rel}","templated":true}]}}